{"id":41415,"date":"2017-07-21T15:07:55","date_gmt":"2017-07-21T15:07:55","guid":{"rendered":"http:\/\/folhadosudeste.com\/site\/?p=41415"},"modified":"2017-07-25T02:03:43","modified_gmt":"2017-07-25T02:03:43","slug":"sucesso-na-tradicional-festa-de-julho-de-antonio-prado","status":"publish","type":"post","link":"http:\/\/folhadosudeste.com\/site\/?p=41415","title":{"rendered":"SUCESSO NA TRADICIONAL FESTA DE JULHO DE ANT\u00d4NIO PRADO"},"content":{"rendered":"<p style=\"text-align: justify;\"><a href=\"http:\/\/folhadosudeste.com\/site\/wp-content\/uploads\/2017\/07\/ANTONIO-PRADO.jpg\"><img loading=\"lazy\" decoding=\"async\" class=\"aligncenter size-full wp-image-41416\" src=\"http:\/\/folhadosudeste.com\/site\/wp-content\/uploads\/2017\/07\/ANTONIO-PRADO.jpg\" alt=\"\" width=\"620\" height=\"259\" srcset=\"http:\/\/folhadosudeste.com\/site\/wp-content\/uploads\/2017\/07\/ANTONIO-PRADO.jpg 620w, http:\/\/folhadosudeste.com\/site\/wp-content\/uploads\/2017\/07\/ANTONIO-PRADO-300x125.jpg 300w\" sizes=\"auto, (max-width: 620px) 100vw, 620px\" \/><\/a><\/p>\n<p style=\"text-align: justify;\">Foi realizada, no \u00faltimo final de semana, a Tradicional Festa de Julho de Ant\u00f4nio Prado de Minas. Um grande p\u00fablico de toda a regi\u00e3o prestigiou os tr\u00eas dias de festa e se divertiu muito com as atra\u00e7\u00f5es. Na sexta-feira (14), teve a Abertura Oficial, com a presen\u00e7a de prefeitos da regi\u00e3o, assessores dos deputados Braulio Braz e Renzo Braz, Jos\u00e9 Clerio, secret\u00e1rio de governo de Faria Lemos, o vice- prefeito do munic\u00edpio Jos\u00e9 Luiz Fumian, vereadores e secret\u00e1rios, bandas de m\u00fasicas e percuss\u00e3o da cidade e em seguida show de Jo\u00e3o Lucas &amp; Marcelo e Samba A La Carte. No s\u00e1bado (15), al\u00e9m do Passeio Cicl\u00edstico, Show Infantil, Missa e Prociss\u00e3o em homenagem a Nossa Senhora Aparecida, e a noite foi a vez das apresenta\u00e7\u00f5es de Cidade Negra e Glauco Zulo. E, para fechar com chave de ouro, no domingo (16) teve Alvorada, MotoCross, Banda Zem e Lex Lutor.<\/p>\n<p style=\"text-align: justify;\">O prefeito Wellison Lima da Fonseca (Sans\u00e3o) mostrou toda a sua satisfa\u00e7\u00e3o em manter a tradi\u00e7\u00e3o da festa, que foi a primeira realizada na gest\u00e3o 2017 \/ 2020. <em>\u201cVivemos um novo tempo e s\u00f3 tenho que agradecer todos os colaboradores que est\u00e3o conosco. Come\u00e7amos nosso calend\u00e1rio com um excelente Carnaval, depois tivemos um Dia de Campo, a Festa do Agricultor e agora a Tradicional Festa do M\u00eas de Julho. O calend\u00e1rio foi feito com muito carinho. Passaram pela nossa cidade umas 8 mil pessoas. Nossa equipe trabalha muito bem e a seguran\u00e7a esteve garantida durante os tr\u00eas dias de festa. A sa\u00fade foi a \u00e1rea que mais recebeu investimentos, mas outros setores tamb\u00e9m tiveram prioridade. Enfim, tudo que foi dito em campanha ser\u00e1 cumprido\u201d,<\/em> completa.<\/p>\n<p style=\"text-align: justify;\">Saiba mais na edi\u00e7\u00e3o 767 do Folha do Sudeste<\/p>\n<p>[ngg_images source=&#8221;galleries&#8221; container_ids=&#8221;1057&#8243; display_type=&#8221;photocrati-nextgen_basic_thumbnails&#8221; override_thumbnail_settings=&#8221;0&#8243; thumbnail_width=&#8221;100&#8243; thumbnail_height=&#8221;75&#8243; thumbnail_crop=&#8221;1&#8243; images_per_page=&#8221;0&#8243; number_of_columns=&#8221;0&#8243; ajax_pagination=&#8221;0&#8243; show_all_in_lightbox=&#8221;0&#8243; use_imagebrowser_effect=&#8221;0&#8243; show_slideshow_link=&#8221;1&#8243; slideshow_link_text=&#8221;[Show as slideshow]&#8221; order_by=&#8221;sortorder&#8221; order_direction=&#8221;ASC&#8221; returns=&#8221;included&#8221; maximum_entity_count=&#8221;500&#8243;]<\/p>\n","protected":false},"excerpt":{"rendered":"<p>Foi realizada, no \u00faltimo final de semana, a Tradicional Festa de Julho de Ant\u00f4nio Prado de Minas. Um grande p\u00fablico de toda a regi\u00e3o prestigiou os tr\u00eas dias de festa e se divertiu muito com as atra\u00e7\u00f5es. Na sexta-feira (14), teve a Abertura Oficial, com a presen\u00e7a de prefeitos da regi\u00e3o, assessores dos deputados Braulio [&hellip;]<\/p>\n","protected":false},"author":2,"featured_media":41416,"comment_status":"open","ping_status":"closed","sticky":false,"template":"","format":"standard","meta":{"_joinchat":[],"footnotes":""},"categories":[1],"tags":[],"class_list":["post-41415","post","type-post","status-publish","format-standard","has-post-thumbnail","hentry","category-sem-categoria"],"_links":{"self":[{"href":"http:\/\/folhadosudeste.com\/site\/index.php?rest_route=\/wp\/v2\/posts\/41415","targetHints":{"allow":["GET"]}}],"collection":[{"href":"http:\/\/folhadosudeste.com\/site\/index.php?rest_route=\/wp\/v2\/posts"}],"about":[{"href":"http:\/\/folhadosudeste.com\/site\/index.php?rest_route=\/wp\/v2\/types\/post"}],"author":[{"embeddable":true,"href":"http:\/\/folhadosudeste.com\/site\/index.php?rest_route=\/wp\/v2\/users\/2"}],"replies":[{"embeddable":true,"href":"http:\/\/folhadosudeste.com\/site\/index.php?rest_route=%2Fwp%2Fv2%2Fcomments&post=41415"}],"version-history":[{"count":3,"href":"http:\/\/folhadosudeste.com\/site\/index.php?rest_route=\/wp\/v2\/posts\/41415\/revisions"}],"predecessor-version":[{"id":41503,"href":"http:\/\/folhadosudeste.com\/site\/index.php?rest_route=\/wp\/v2\/posts\/41415\/revisions\/41503"}],"wp:featuredmedia":[{"embeddable":true,"href":"http:\/\/folhadosudeste.com\/site\/index.php?rest_route=\/wp\/v2\/media\/41416"}],"wp:attachment":[{"href":"http:\/\/folhadosudeste.com\/site\/index.php?rest_route=%2Fwp%2Fv2%2Fmedia&parent=41415"}],"wp:term":[{"taxonomy":"category","embeddable":true,"href":"http:\/\/folhadosudeste.com\/site\/index.php?rest_route=%2Fwp%2Fv2%2Fcategories&post=41415"},{"taxonomy":"post_tag","embeddable":true,"href":"http:\/\/folhadosudeste.com\/site\/index.php?rest_route=%2Fwp%2Fv2%2Ftags&post=41415"}],"curies":[{"name":"wp","href":"https:\/\/api.w.org\/{rel}","templated":true}]}}