{"id":41421,"date":"2017-07-21T15:09:52","date_gmt":"2017-07-21T15:09:52","guid":{"rendered":"http:\/\/folhadosudeste.com\/site\/?p=41421"},"modified":"2017-07-25T02:07:12","modified_gmt":"2017-07-25T02:07:12","slug":"centep-forma-mais-40-alunos-do-curso-de-tecnico-em-seguranca-do-trabalho","status":"publish","type":"post","link":"http:\/\/folhadosudeste.com\/site\/?p=41421","title":{"rendered":"CENTEP FORMA MAIS 40 ALUNOS DO CURSO DE T\u00c9CNICO EM SEGURAN\u00c7A DO TRABALHO"},"content":{"rendered":"<p style=\"text-align: justify;\"><a href=\"http:\/\/folhadosudeste.com\/site\/wp-content\/uploads\/2017\/07\/CENTEP.jpg\"><img loading=\"lazy\" decoding=\"async\" class=\"aligncenter size-full wp-image-41422\" src=\"http:\/\/folhadosudeste.com\/site\/wp-content\/uploads\/2017\/07\/CENTEP.jpg\" alt=\"\" width=\"620\" height=\"210\" srcset=\"http:\/\/folhadosudeste.com\/site\/wp-content\/uploads\/2017\/07\/CENTEP.jpg 620w, http:\/\/folhadosudeste.com\/site\/wp-content\/uploads\/2017\/07\/CENTEP-300x102.jpg 300w\" sizes=\"auto, (max-width: 620px) 100vw, 620px\" \/><\/a><\/p>\n<p style=\"text-align: justify;\">Mais 40 alunos do Curso de T\u00e9cnico em Seguran\u00e7a do Trabalho se formaram, essa foi a 12\u00aa turma do Centro T\u00e9cnico de Educa\u00e7\u00e3o Profissional (Centep). A Cerim\u00f4nia de Formatura aconteceu na noite do dia 08 de julho, no Teatro Zaccaria Marques, com a presen\u00e7a dos familiares dos alunos, al\u00e9m dos professores e dire\u00e7\u00e3o da institui\u00e7\u00e3o de ensino: o administrador Marcos Paulo Lopes Pinto, a diretora Elaine Salom\u00e3o e os professores homenageados Evandro Pacheco e Sidney Cristiano Souza.<\/p>\n<p style=\"text-align: justify;\">A equipe do Centep mostrou-se orgulhosa e satisfeita em ver os alunos concluindo o curso, refor\u00e7ando que essa \u00e9 uma importante p\u00e1gina na hist\u00f3ria de vida deles, com amizades e conhecimentos que levar\u00e3o pela vida toda. Tamb\u00e9m refor\u00e7aram que os formandos s\u00e3o merecedores dessa conquista, na certeza de que atuar\u00e3o profissionalmente com \u00e9tica e responsabilidade. Al\u00e9m de parabenizar seus pupilos pelo diploma que obtiveram, agradeceram a confian\u00e7a dos alunos e o incentivo da fam\u00edlia.<\/p>\n<p style=\"text-align: justify;\">Para Marcos Paulo, ali estavam se formando pessoas com muita garra, de uma turma bem heterog\u00eanea, o que ajudou nas rela\u00e7\u00f5es interpessoais. Al\u00e9m disso, os alunos foram positivamente teimosos, com nada a lhes abalar, e o sucesso que eles est\u00e3o experimentando \u00e9 compartilhado com a institui\u00e7\u00e3o de ensino e as fam\u00edlias deles. <em>\u201cFoi um momento de compartilhar alegria e gratid\u00e3o, com muita emo\u00e7\u00e3o. Desejo para eles o que h\u00e1 de melhor, que possam seguir em busca de seus objetivos, pois essa \u00e9 apenas uma etapa de sucesso, das muitas que ainda est\u00e3o por vir. Nossos alunos aprenderam a usar o senso cr\u00edtico, sempre com respeito, honestidade, humildade e boa vontade\u201d,<\/em> explica.<\/p>\n<p style=\"text-align: justify;\">O Curso de T\u00e9cnico em Seguran\u00e7a do Trabalho do Centep possibilita um campo de atua\u00e7\u00e3o muito vasto, incluindo a possibilidade de atuar em empresas organizando programas de preven\u00e7\u00e3o de acidentes, orientando a CIPA e os trabalhadores quanto ao uso de equipamentos de prote\u00e7\u00e3o individual, elaborando planos de preven\u00e7\u00e3o de riscos ambientais, fazendo inspe\u00e7\u00e3o de seguran\u00e7a, laudos t\u00e9cnicos, organizando e dando palestras e treinamento.<\/p>\n<p style=\"text-align: justify;\">Saiba mais na edi\u00e7\u00e3o 767 do Folha do Sudeste<\/p>\n<p>[ngg_images source=&#8221;galleries&#8221; container_ids=&#8221;1059&#8243; display_type=&#8221;photocrati-nextgen_basic_thumbnails&#8221; override_thumbnail_settings=&#8221;0&#8243; thumbnail_width=&#8221;100&#8243; thumbnail_height=&#8221;75&#8243; thumbnail_crop=&#8221;1&#8243; images_per_page=&#8221;0&#8243; number_of_columns=&#8221;0&#8243; ajax_pagination=&#8221;0&#8243; show_all_in_lightbox=&#8221;0&#8243; use_imagebrowser_effect=&#8221;0&#8243; show_slideshow_link=&#8221;1&#8243; slideshow_link_text=&#8221;[Show as slideshow]&#8221; order_by=&#8221;sortorder&#8221; order_direction=&#8221;ASC&#8221; returns=&#8221;included&#8221; maximum_entity_count=&#8221;500&#8243;]<\/p>\n","protected":false},"excerpt":{"rendered":"<p>Mais 40 alunos do Curso de T\u00e9cnico em Seguran\u00e7a do Trabalho se formaram, essa foi a 12\u00aa turma do Centro T\u00e9cnico de Educa\u00e7\u00e3o Profissional (Centep). A Cerim\u00f4nia de Formatura aconteceu na noite do dia 08 de julho, no Teatro Zaccaria Marques, com a presen\u00e7a dos familiares dos alunos, al\u00e9m dos professores e dire\u00e7\u00e3o da institui\u00e7\u00e3o [&hellip;]<\/p>\n","protected":false},"author":2,"featured_media":41422,"comment_status":"open","ping_status":"closed","sticky":false,"template":"","format":"standard","meta":{"_joinchat":[],"footnotes":""},"categories":[1],"tags":[],"class_list":["post-41421","post","type-post","status-publish","format-standard","has-post-thumbnail","hentry","category-sem-categoria"],"_links":{"self":[{"href":"http:\/\/folhadosudeste.com\/site\/index.php?rest_route=\/wp\/v2\/posts\/41421","targetHints":{"allow":["GET"]}}],"collection":[{"href":"http:\/\/folhadosudeste.com\/site\/index.php?rest_route=\/wp\/v2\/posts"}],"about":[{"href":"http:\/\/folhadosudeste.com\/site\/index.php?rest_route=\/wp\/v2\/types\/post"}],"author":[{"embeddable":true,"href":"http:\/\/folhadosudeste.com\/site\/index.php?rest_route=\/wp\/v2\/users\/2"}],"replies":[{"embeddable":true,"href":"http:\/\/folhadosudeste.com\/site\/index.php?rest_route=%2Fwp%2Fv2%2Fcomments&post=41421"}],"version-history":[{"count":3,"href":"http:\/\/folhadosudeste.com\/site\/index.php?rest_route=\/wp\/v2\/posts\/41421\/revisions"}],"predecessor-version":[{"id":41537,"href":"http:\/\/folhadosudeste.com\/site\/index.php?rest_route=\/wp\/v2\/posts\/41421\/revisions\/41537"}],"wp:featuredmedia":[{"embeddable":true,"href":"http:\/\/folhadosudeste.com\/site\/index.php?rest_route=\/wp\/v2\/media\/41422"}],"wp:attachment":[{"href":"http:\/\/folhadosudeste.com\/site\/index.php?rest_route=%2Fwp%2Fv2%2Fmedia&parent=41421"}],"wp:term":[{"taxonomy":"category","embeddable":true,"href":"http:\/\/folhadosudeste.com\/site\/index.php?rest_route=%2Fwp%2Fv2%2Fcategories&post=41421"},{"taxonomy":"post_tag","embeddable":true,"href":"http:\/\/folhadosudeste.com\/site\/index.php?rest_route=%2Fwp%2Fv2%2Ftags&post=41421"}],"curies":[{"name":"wp","href":"https:\/\/api.w.org\/{rel}","templated":true}]}}