{"id":41427,"date":"2017-07-21T15:15:03","date_gmt":"2017-07-21T15:15:03","guid":{"rendered":"http:\/\/folhadosudeste.com\/site\/?p=41427"},"modified":"2017-07-25T02:13:09","modified_gmt":"2017-07-25T02:13:09","slug":"escola-sao-paulo-encerra-mais-uma-edicao-de-sucesso-de-sua-tradicional-gincana-sociocultural","status":"publish","type":"post","link":"http:\/\/folhadosudeste.com\/site\/?p=41427","title":{"rendered":"ESCOLA S\u00c3O PAULO ENCERRA MAIS UMA EDI\u00c7\u00c3O DE SUCESSO DE SUA TRADICIONAL GINCANA SOCIOCULTURAL"},"content":{"rendered":"<p style=\"text-align: justify;\"><a href=\"http:\/\/folhadosudeste.com\/site\/wp-content\/uploads\/2017\/07\/ESP.jpg\"><img loading=\"lazy\" decoding=\"async\" class=\"aligncenter size-full wp-image-41428\" src=\"http:\/\/folhadosudeste.com\/site\/wp-content\/uploads\/2017\/07\/ESP.jpg\" alt=\"\" width=\"620\" height=\"330\" srcset=\"http:\/\/folhadosudeste.com\/site\/wp-content\/uploads\/2017\/07\/ESP.jpg 620w, http:\/\/folhadosudeste.com\/site\/wp-content\/uploads\/2017\/07\/ESP-300x160.jpg 300w\" sizes=\"auto, (max-width: 620px) 100vw, 620px\" \/><\/a><\/p>\n<p style=\"text-align: justify;\">Na sexta feira 14 de julho, a Escola S\u00e3o Paulo (ESP) realizou o Encerramento da Semana do Estudante, com a culmin\u00e2ncia da Gincana Sociocultural, j\u00e1 tradicional na Institui\u00e7\u00e3o de Ensino. Teve tamb\u00e9m a apresenta\u00e7\u00e3o dos estudantes no 23\u00ba Show de Calouros, com a participa\u00e7\u00e3o de v\u00e1rios jurados que atuam no meio musical. Na quarta (12) j\u00e1 havia sido realizado o Show de Calouros com familiares dos alunos.<\/p>\n<p style=\"text-align: justify;\">Carlos Antonio Baldanza \u00e9 professor de Educa\u00e7\u00e3o F\u00edsica e atua h\u00e1 mais de 30 anos, na Escola S\u00e3o Paulo trabalha h\u00e1 27 anos. Ele contou um pouco da hist\u00f3ria filantr\u00f3pica da gincana. Segundo ele, a Escola completa em agosto a entrega das doa\u00e7\u00f5es para dez entidades, uma grande ajuda aos menos favorecidos, pois o objetivo sempre foi acrescentar um momento mais social aos alunos e seus pais, que geralmente conseguiram atingir um patamar de desenvolvimento socioecon\u00f4mico mais elevado. <em>\u201cEsses estudantes, que ser\u00e3o futuros profissionais, precisam entender que, por mais diferentes que possamos ser, somos iguais na dignidade e temos que ser um pouco mais irm\u00e3os, se preocupando com o outro. Nada mais importante que a humanidade. Essa \u00e9 a 14\u00b0 edi\u00e7\u00e3o da Gincana. Encontrei na Escola uma grande m\u00e3e, que foi a patriarca Dona Maria do Carmo Barreto Couto, uma pessoa solid\u00e1ria, que adorava fazer campanhas para ajudar os outros e sempre comentava comigo que alguma fam\u00edlia precisava de algo. Ent\u00e3o, eu me perguntava por que essas atividades do estudante deveriam ser somente escolares, j\u00e1 que estamos num patamar educacional&#8230; Estava faltando essa parte e resolvemos passar a cumprir as gincanas que s\u00e3o realizadas na Semana do Estudante, incluindo uma participa\u00e7\u00e3o social dos alunos. Em sala de aula, eles conseguiriam o m\u00e1ximo de doa\u00e7\u00f5es, muitos itens que trouxeram&#8230; Tivemos que aprimorar porque estava precisando de mais e agora conseguimos atender 10 entidades filantr\u00f3picas da cidade. Estive na Escola na v\u00e9spera do encerramento e recebemos representantes das entidades, os professores que nos ajudaram muito. Os alunos tamb\u00e9m e \u00e9 essa juventude que precisamos\u201d,<\/em> afirma.<\/p>\n<p style=\"text-align: justify;\">Segundo ele, esse ano a campanha foi muito especial, chegando num patamar de meta, e o que mais alegra s\u00e3o as for\u00e7as que os estudantes tiveram, pois foram 7 toneladas de alimentos e haver\u00e1 uma ajuda extra de doa\u00e7\u00e3o. Participaram os 7\u00ba at\u00e9 9\u00ba anos do Ensino Fundamental e as turmas do Ensino M\u00e9dio. <em>\u201cFoi um trabalho muito grande, com muito empenho e esfor\u00e7o. Essa gincana \u00e9 fant\u00e1stica. Realizar esse momento &nbsp;\u00e9 uma alegria muito grande para n\u00f3s. Mesmo com todas as dificuldades, eles puderam se dividir e organizar as equipes. Foram beneficiadas v\u00e1rias entidades que atendem pessoas idosas, crian\u00e7as, com depend\u00eancias qu\u00edmicas, que est\u00e3o adoentadas, etc. O fator importante \u00e9 o que esse aprendizado eles ir\u00e3o levar para toda a vida. Quero agradecer por tudo que eles fizeram, seus pais que ajudaram e entenderam nossa pretens\u00e3o, a escola que abra\u00e7ou a causa e o senso solid\u00e1rio de todos\u201d,<\/em> acrescenta.<\/p>\n<p style=\"text-align: justify;\">Iasmin Oliveira Pe\u00e7anha, 11 anos, \u00e9 filha de Marta Aparecida Pe\u00e7anha e Joan\u00e9sio Fortilio Pe\u00e7anha, desde 2011 estudando na ESP. Cursando a 6\u00aa s\u00e9rie. Ela participa mais uma vez das provas da OBMEP e ficou em 1\u00b0 lugar na Escola S\u00e3o Paulo. <em>\u201c\u00c9 uma prova a N\u00edvel Nacional e tem a classifica\u00e7\u00e3o das escolas p\u00fablicas e particulares, motivo de muito orgulho para n\u00f3s, pais\u201d,<\/em> afirma Marta.<\/p>\n<p style=\"text-align: justify;\">O Diretor Jos\u00e9 Nicodemos Couto agradeceu a participa\u00e7\u00e3o e empenho de todos, em mais uma edi\u00e7\u00e3o de sucesso da gincana. E aproveitou a oportunidade para desejar boas f\u00e9rias aos estudantes, j\u00e1 que foi o \u00faltimo dia letivo do semestre. <em>\u201cAguardamos todos com energias renovadas e for\u00e7a total a partir de agosto\u201d,<\/em> completa.<\/p>\n<p style=\"text-align: justify;\">Durante o evento, aproveitando as comemora\u00e7\u00f5es do Dia do Estudante, foram entregues medalhas aos alunos que brilharam no 1\u00ba semestre, como Marcelo Rodrigues (campe\u00e3o brasileiro de BiciCross), Rhuan Freitas (campe\u00e3o regional de xadrez), Enzo Leal (3\u00ba lugar no Campeonato Brasileiro de Jud\u00f4) e os alunos que classificaram para a 2\u00aa fase da OBMEP (Olimp\u00edadas Brasileiras de Matem\u00e1tica das Escolas P\u00fablicas), que agora t\u00eam a participa\u00e7\u00e3o das escolas particulares tamb\u00e9m. <em>\u201cTivemos que pegar os alunos com maiores pontua\u00e7\u00f5es e fazer a 2\u00aa fase. Aproveitamos para fazer uma homenagem aos nossos alunos que foram mais bem pontuados em nossa escola e eles concorrer\u00e3o a uma segunda vaga nas Olimp\u00edadas de Matem\u00e1tica. \u00c9 uma demonstra\u00e7\u00e3o do seu trabalho. Tivemos uma demanda muito grande e uma prova muito boa, ent\u00e3o ficamos felizes. Parabenizo nossos alunos, n\u00e3o s\u00f3 os que foram homenageados na gincana, mas todos que sempre se esfor\u00e7am\u201d,<\/em> destaca a professora de matem\u00e1tica, Andr\u00e9ia Dornelas.<\/p>\n<p style=\"text-align: justify;\">Saiba mais na edi\u00e7\u00e3o 767 do Folha do Sudeste<\/p>\n<p>[ngg_images source=&#8221;galleries&#8221; container_ids=&#8221;1061&#8243; display_type=&#8221;photocrati-nextgen_basic_thumbnails&#8221; override_thumbnail_settings=&#8221;0&#8243; thumbnail_width=&#8221;100&#8243; thumbnail_height=&#8221;75&#8243; thumbnail_crop=&#8221;1&#8243; images_per_page=&#8221;0&#8243; number_of_columns=&#8221;0&#8243; ajax_pagination=&#8221;0&#8243; show_all_in_lightbox=&#8221;0&#8243; use_imagebrowser_effect=&#8221;0&#8243; show_slideshow_link=&#8221;1&#8243; slideshow_link_text=&#8221;[Show as slideshow]&#8221; order_by=&#8221;sortorder&#8221; order_direction=&#8221;ASC&#8221; returns=&#8221;included&#8221; maximum_entity_count=&#8221;500&#8243;]<\/p>\n","protected":false},"excerpt":{"rendered":"<p>Na sexta feira 14 de julho, a Escola S\u00e3o Paulo (ESP) realizou o Encerramento da Semana do Estudante, com a culmin\u00e2ncia da Gincana Sociocultural, j\u00e1 tradicional na Institui\u00e7\u00e3o de Ensino. Teve tamb\u00e9m a apresenta\u00e7\u00e3o dos estudantes no 23\u00ba Show de Calouros, com a participa\u00e7\u00e3o de v\u00e1rios jurados que atuam no meio musical. Na quarta (12) [&hellip;]<\/p>\n","protected":false},"author":2,"featured_media":41428,"comment_status":"open","ping_status":"closed","sticky":false,"template":"","format":"standard","meta":{"_joinchat":[],"footnotes":""},"categories":[1],"tags":[],"class_list":["post-41427","post","type-post","status-publish","format-standard","has-post-thumbnail","hentry","category-sem-categoria"],"_links":{"self":[{"href":"http:\/\/folhadosudeste.com\/site\/index.php?rest_route=\/wp\/v2\/posts\/41427","targetHints":{"allow":["GET"]}}],"collection":[{"href":"http:\/\/folhadosudeste.com\/site\/index.php?rest_route=\/wp\/v2\/posts"}],"about":[{"href":"http:\/\/folhadosudeste.com\/site\/index.php?rest_route=\/wp\/v2\/types\/post"}],"author":[{"embeddable":true,"href":"http:\/\/folhadosudeste.com\/site\/index.php?rest_route=\/wp\/v2\/users\/2"}],"replies":[{"embeddable":true,"href":"http:\/\/folhadosudeste.com\/site\/index.php?rest_route=%2Fwp%2Fv2%2Fcomments&post=41427"}],"version-history":[{"count":3,"href":"http:\/\/folhadosudeste.com\/site\/index.php?rest_route=\/wp\/v2\/posts\/41427\/revisions"}],"predecessor-version":[{"id":41657,"href":"http:\/\/folhadosudeste.com\/site\/index.php?rest_route=\/wp\/v2\/posts\/41427\/revisions\/41657"}],"wp:featuredmedia":[{"embeddable":true,"href":"http:\/\/folhadosudeste.com\/site\/index.php?rest_route=\/wp\/v2\/media\/41428"}],"wp:attachment":[{"href":"http:\/\/folhadosudeste.com\/site\/index.php?rest_route=%2Fwp%2Fv2%2Fmedia&parent=41427"}],"wp:term":[{"taxonomy":"category","embeddable":true,"href":"http:\/\/folhadosudeste.com\/site\/index.php?rest_route=%2Fwp%2Fv2%2Fcategories&post=41427"},{"taxonomy":"post_tag","embeddable":true,"href":"http:\/\/folhadosudeste.com\/site\/index.php?rest_route=%2Fwp%2Fv2%2Ftags&post=41427"}],"curies":[{"name":"wp","href":"https:\/\/api.w.org\/{rel}","templated":true}]}}