{"id":41430,"date":"2017-07-21T15:16:04","date_gmt":"2017-07-21T15:16:04","guid":{"rendered":"http:\/\/folhadosudeste.com\/site\/?p=41430"},"modified":"2017-07-25T02:15:23","modified_gmt":"2017-07-25T02:15:23","slug":"seletiva-de-jovens-jogadores-e-realizada-no-campo-do-porto","status":"publish","type":"post","link":"http:\/\/folhadosudeste.com\/site\/?p=41430","title":{"rendered":"SELETIVA DE JOVENS JOGADORES \u00c9 REALIZADA NO CAMPO DO PORTO"},"content":{"rendered":"<p style=\"text-align: justify;\"><a href=\"http:\/\/folhadosudeste.com\/site\/wp-content\/uploads\/2017\/07\/FUTEBOL.jpeg\"><img loading=\"lazy\" decoding=\"async\" class=\"aligncenter size-full wp-image-41431\" src=\"http:\/\/folhadosudeste.com\/site\/wp-content\/uploads\/2017\/07\/FUTEBOL.jpeg\" alt=\"\" width=\"620\" height=\"298\" srcset=\"http:\/\/folhadosudeste.com\/site\/wp-content\/uploads\/2017\/07\/FUTEBOL.jpeg 620w, http:\/\/folhadosudeste.com\/site\/wp-content\/uploads\/2017\/07\/FUTEBOL-300x144.jpeg 300w\" sizes=\"auto, (max-width: 620px) 100vw, 620px\" \/><\/a><\/p>\n<p style=\"text-align: justify;\">Foi realizada, no dia 15 de julho, uma grande seletiva de jovens jogadores no Campo de Futebol do Porto, em Muria\u00e9 (Escolinha do Alex), abrangendo garotos nascidos entre os anos de 2000 a 2006, e contando com a presen\u00e7a do empres\u00e1rio Tiago Ara\u00fajo, coordenador t\u00e9cnico do futebol de base do Internacional RS, profissional com mais de 20 anos de experi\u00eancia, tendo tamb\u00e9m trabalhado no Flamengo RJ. Participaram 130 garotos, separados pelas idades: 10-11, 12-13, 14-15 e 16-17 anos.<\/p>\n<p style=\"text-align: justify;\">A seletiva que, vale destacar, foi gratuita, contou com a participa\u00e7\u00e3o de Rom\u00e1rio Henriques Oliveira, o qual trabalha na \u00e1rea esportiva de Muria\u00e9 h\u00e1 mais de 10 anos. Tiago passou para ele alguns nomes dos candidatos que lhe agradaram. <em>\u201cTudo fluiu muito bem. Por\u00e9m, aqui temos a mat\u00e9ria e n\u00e3o a t\u00e9cnica dos meninos. Mas vamos implantar um projeto no campo do Porto para melhorar. A partir de agora ser\u00e3o v\u00e1rios processos e estaremos monitorando os garotos, que jogar\u00e3o conosco, e faremos um trabalho passando para o Tiago, que estar\u00e1 sempre perguntando sobre a evolu\u00e7\u00e3o de cada um e a que n\u00edvel ele est\u00e1, para chamar na hora certa. Assim, estar\u00e3o ent\u00e3o em uma avalia\u00e7\u00e3o de uma semana no Inter, podendo se encaixar no pr\u00f3prio clube ou em outro conforme recomenda\u00e7\u00e3o do Tiago, que tem conhecimento e muitos contatos na \u00e1rea\u201d,<\/em> explica.<\/p>\n<p style=\"text-align: justify;\">Rom\u00e1rio agradece as parcerias feitas para a seletiva: Alex e sua comiss\u00e3o t\u00e9cnica da Escolinha de Futebol, que cedeu o espa\u00e7o, ajudou e trabalhar\u00e1 junto nos projetos futuros, e os colaboradores que trouxeram garotos de outras cidades para o teste: Ad\u00e3o (do clube Vila Leonardo, Cataguases MG), Romeu e J\u00falio (vereador de Pirapetinga MG, onde tamb\u00e9m dever\u00e1 ser feito um trabalho), Gessy Barcelos (empres\u00e1rio do Rio de Janeiro), Bet\u00e3o e Carl\u00e3o (Leopoldina MG), o pr\u00f3prio Tiago e os pais dos jovens candidatos.<\/p>\n<p style=\"text-align: justify;\">Saiba mais na edi\u00e7\u00e3o 767 do Folha do Sudeste<\/p>\n<p>[ngg_images source=&#8221;galleries&#8221; container_ids=&#8221;1062&#8243; display_type=&#8221;photocrati-nextgen_basic_thumbnails&#8221; override_thumbnail_settings=&#8221;0&#8243; thumbnail_width=&#8221;100&#8243; thumbnail_height=&#8221;75&#8243; thumbnail_crop=&#8221;1&#8243; images_per_page=&#8221;0&#8243; number_of_columns=&#8221;0&#8243; ajax_pagination=&#8221;0&#8243; show_all_in_lightbox=&#8221;0&#8243; use_imagebrowser_effect=&#8221;0&#8243; show_slideshow_link=&#8221;1&#8243; slideshow_link_text=&#8221;[Show as slideshow]&#8221; order_by=&#8221;sortorder&#8221; order_direction=&#8221;ASC&#8221; returns=&#8221;included&#8221; maximum_entity_count=&#8221;500&#8243;]<\/p>\n","protected":false},"excerpt":{"rendered":"<p>Foi realizada, no dia 15 de julho, uma grande seletiva de jovens jogadores no Campo de Futebol do Porto, em Muria\u00e9 (Escolinha do Alex), abrangendo garotos nascidos entre os anos de 2000 a 2006, e contando com a presen\u00e7a do empres\u00e1rio Tiago Ara\u00fajo, coordenador t\u00e9cnico do futebol de base do Internacional RS, profissional com mais [&hellip;]<\/p>\n","protected":false},"author":2,"featured_media":41431,"comment_status":"open","ping_status":"closed","sticky":false,"template":"","format":"standard","meta":{"_joinchat":[],"footnotes":""},"categories":[1],"tags":[],"class_list":["post-41430","post","type-post","status-publish","format-standard","has-post-thumbnail","hentry","category-sem-categoria"],"_links":{"self":[{"href":"http:\/\/folhadosudeste.com\/site\/index.php?rest_route=\/wp\/v2\/posts\/41430","targetHints":{"allow":["GET"]}}],"collection":[{"href":"http:\/\/folhadosudeste.com\/site\/index.php?rest_route=\/wp\/v2\/posts"}],"about":[{"href":"http:\/\/folhadosudeste.com\/site\/index.php?rest_route=\/wp\/v2\/types\/post"}],"author":[{"embeddable":true,"href":"http:\/\/folhadosudeste.com\/site\/index.php?rest_route=\/wp\/v2\/users\/2"}],"replies":[{"embeddable":true,"href":"http:\/\/folhadosudeste.com\/site\/index.php?rest_route=%2Fwp%2Fv2%2Fcomments&post=41430"}],"version-history":[{"count":3,"href":"http:\/\/folhadosudeste.com\/site\/index.php?rest_route=\/wp\/v2\/posts\/41430\/revisions"}],"predecessor-version":[{"id":41697,"href":"http:\/\/folhadosudeste.com\/site\/index.php?rest_route=\/wp\/v2\/posts\/41430\/revisions\/41697"}],"wp:featuredmedia":[{"embeddable":true,"href":"http:\/\/folhadosudeste.com\/site\/index.php?rest_route=\/wp\/v2\/media\/41431"}],"wp:attachment":[{"href":"http:\/\/folhadosudeste.com\/site\/index.php?rest_route=%2Fwp%2Fv2%2Fmedia&parent=41430"}],"wp:term":[{"taxonomy":"category","embeddable":true,"href":"http:\/\/folhadosudeste.com\/site\/index.php?rest_route=%2Fwp%2Fv2%2Fcategories&post=41430"},{"taxonomy":"post_tag","embeddable":true,"href":"http:\/\/folhadosudeste.com\/site\/index.php?rest_route=%2Fwp%2Fv2%2Ftags&post=41430"}],"curies":[{"name":"wp","href":"https:\/\/api.w.org\/{rel}","templated":true}]}}