{"id":41436,"date":"2017-07-21T15:18:35","date_gmt":"2017-07-21T15:18:35","guid":{"rendered":"http:\/\/folhadosudeste.com\/site\/?p=41436"},"modified":"2017-07-21T15:18:35","modified_gmt":"2017-07-21T15:18:35","slug":"elvecio-silva-inaugura-museu-em-rosario-da-limeira-2","status":"publish","type":"post","link":"http:\/\/folhadosudeste.com\/site\/?p=41436","title":{"rendered":"ELV\u00c9CIO SILVA INAUGURA MUSEU EM ROS\u00c1RIO DA LIMEIRA"},"content":{"rendered":"<p style=\"text-align: justify;\"><a href=\"http:\/\/folhadosudeste.com\/site\/wp-content\/uploads\/2017\/07\/MUSEU-1.jpeg\"><img loading=\"lazy\" decoding=\"async\" class=\"aligncenter size-full wp-image-41437\" src=\"http:\/\/folhadosudeste.com\/site\/wp-content\/uploads\/2017\/07\/MUSEU-1.jpeg\" alt=\"\" width=\"620\" height=\"250\" srcset=\"http:\/\/folhadosudeste.com\/site\/wp-content\/uploads\/2017\/07\/MUSEU-1.jpeg 620w, http:\/\/folhadosudeste.com\/site\/wp-content\/uploads\/2017\/07\/MUSEU-1-300x121.jpeg 300w\" sizes=\"auto, (max-width: 620px) 100vw, 620px\" \/><\/a><\/p>\n<p style=\"text-align: justify;\">O limeirense Elv\u00e9cio Geraldo Gon\u00e7alves da Silva inaugurou, na Pra\u00e7a Ros\u00e1rio de F\u00e1tima, em Ros\u00e1rio da Limeira, o Museu Historiogr\u00e1fico Maria Rocha da Silva, cujo nome homenageia sua m\u00e3e. Desde a juventude, no m\u00ednimo h\u00e1 60 anos, ele vinha guardando fotos, documentos e hist\u00f3rias dos mais antigos, inclusive do Padre Am\u00e9rico. Antes do museu, guardava suas rel\u00edquias em casa e mostrava somente para os mais pr\u00f3ximos. Este \u00e9 um sonho de v\u00e1rios anos, acalentado agora com muita alegria e, com este espa\u00e7o, cedido pela Administra\u00e7\u00e3o Municipal, conseguiu realizar. <em>\u201cNo museu estou expondo fotos (mais de 600), posters antigos e novos da cidade, fotos de fam\u00edlias que v\u00eam desde nossos fundadores, do nosso futebol, de casas e ainda pe\u00e7as, como uma m\u00e1quina de costura, batedeira de bolo manual com mais 115 anos, m\u00e1quinas fotogr\u00e1ficas e ainda todos os jornais que foram editados aqui, al\u00e9m de v\u00e1rias outras pe\u00e7as\u201d,<\/em> explica. O museu est\u00e1 aberto para visita\u00e7\u00e3o de ter\u00e7a a s\u00e1bado, no hor\u00e1rio de 14 \u00e0s 19h e aos domingos de 9 \u00e0s 12h.<\/p>\n<p style=\"text-align: justify;\">Saiba mais na edi\u00e7\u00e3o 767 do Folha do Sudeste<\/p>\n","protected":false},"excerpt":{"rendered":"<p>O limeirense Elv\u00e9cio Geraldo Gon\u00e7alves da Silva inaugurou, na Pra\u00e7a Ros\u00e1rio de F\u00e1tima, em Ros\u00e1rio da Limeira, o Museu Historiogr\u00e1fico Maria Rocha da Silva, cujo nome homenageia sua m\u00e3e. Desde a juventude, no m\u00ednimo h\u00e1 60 anos, ele vinha guardando fotos, documentos e hist\u00f3rias dos mais antigos, inclusive do Padre Am\u00e9rico. Antes do museu, guardava [&hellip;]<\/p>\n","protected":false},"author":2,"featured_media":41437,"comment_status":"open","ping_status":"closed","sticky":false,"template":"","format":"standard","meta":{"_joinchat":[],"footnotes":""},"categories":[1],"tags":[],"class_list":["post-41436","post","type-post","status-publish","format-standard","has-post-thumbnail","hentry","category-sem-categoria"],"_links":{"self":[{"href":"http:\/\/folhadosudeste.com\/site\/index.php?rest_route=\/wp\/v2\/posts\/41436","targetHints":{"allow":["GET"]}}],"collection":[{"href":"http:\/\/folhadosudeste.com\/site\/index.php?rest_route=\/wp\/v2\/posts"}],"about":[{"href":"http:\/\/folhadosudeste.com\/site\/index.php?rest_route=\/wp\/v2\/types\/post"}],"author":[{"embeddable":true,"href":"http:\/\/folhadosudeste.com\/site\/index.php?rest_route=\/wp\/v2\/users\/2"}],"replies":[{"embeddable":true,"href":"http:\/\/folhadosudeste.com\/site\/index.php?rest_route=%2Fwp%2Fv2%2Fcomments&post=41436"}],"version-history":[{"count":1,"href":"http:\/\/folhadosudeste.com\/site\/index.php?rest_route=\/wp\/v2\/posts\/41436\/revisions"}],"predecessor-version":[{"id":41438,"href":"http:\/\/folhadosudeste.com\/site\/index.php?rest_route=\/wp\/v2\/posts\/41436\/revisions\/41438"}],"wp:featuredmedia":[{"embeddable":true,"href":"http:\/\/folhadosudeste.com\/site\/index.php?rest_route=\/wp\/v2\/media\/41437"}],"wp:attachment":[{"href":"http:\/\/folhadosudeste.com\/site\/index.php?rest_route=%2Fwp%2Fv2%2Fmedia&parent=41436"}],"wp:term":[{"taxonomy":"category","embeddable":true,"href":"http:\/\/folhadosudeste.com\/site\/index.php?rest_route=%2Fwp%2Fv2%2Fcategories&post=41436"},{"taxonomy":"post_tag","embeddable":true,"href":"http:\/\/folhadosudeste.com\/site\/index.php?rest_route=%2Fwp%2Fv2%2Ftags&post=41436"}],"curies":[{"name":"wp","href":"https:\/\/api.w.org\/{rel}","templated":true}]}}