{"id":41766,"date":"2017-07-26T11:39:22","date_gmt":"2017-07-26T11:39:22","guid":{"rendered":"http:\/\/folhadosudeste.com\/site\/?p=41766"},"modified":"2017-07-26T11:39:22","modified_gmt":"2017-07-26T11:39:22","slug":"encontro-no-vila-conceicao-aproxima-prefeitura-de-moradores","status":"publish","type":"post","link":"http:\/\/folhadosudeste.com\/site\/?p=41766","title":{"rendered":"ENCONTRO NO VILA CONCEI\u00c7\u00c3O APROXIMA PREFEITURA DE MORADORES"},"content":{"rendered":"<p align=\"center\"><a href=\"http:\/\/folhadosudeste.com\/site\/wp-content\/uploads\/2017\/07\/IMG_1707.jpg\"><img loading=\"lazy\" decoding=\"async\" class=\"aligncenter wp-image-41767 size-full\" src=\"http:\/\/folhadosudeste.com\/site\/wp-content\/uploads\/2017\/07\/IMG_1707.jpg\" alt=\"\" width=\"900\" height=\"572\" srcset=\"http:\/\/folhadosudeste.com\/site\/wp-content\/uploads\/2017\/07\/IMG_1707.jpg 900w, http:\/\/folhadosudeste.com\/site\/wp-content\/uploads\/2017\/07\/IMG_1707-300x191.jpg 300w, http:\/\/folhadosudeste.com\/site\/wp-content\/uploads\/2017\/07\/IMG_1707-768x488.jpg 768w\" sizes=\"auto, (max-width: 900px) 100vw, 900px\" \/><\/a><\/p>\n<p class=\"m_-2591751093913692614gmail-MsoNoSpacing\" style=\"text-align: justify;\" align=\"center\"><i>Administra\u00e7\u00e3o ouviu demandas da comunidade durante caf\u00e9 coletivo<\/i><\/p>\n<p class=\"m_-2591751093913692614gmail-MsoNoSpacing\" style=\"text-align: justify;\">A Prefeitura de Muria\u00e9 reuniu-se com moradores do bairro Vila Concei\u00e7\u00e3o (localizado atr\u00e1s da AABB), no \u00faltimo s\u00e1bado (22), para ouvir suas demandas. Durante caf\u00e9 comunit\u00e1rio, que contou com equipe do UBS do Inconfid\u00eancia, CRAS Santa Terezinha e comunidade local, no Balne\u00e1rio Para\u00edso, espa\u00e7o situado no pr\u00f3prio bairro, tamb\u00e9m foram realizados teste de glicemia, aferi\u00e7\u00e3o de press\u00e3o arterial, brincadeiras para as crian\u00e7as e repassadas orienta\u00e7\u00f5es sobre programas sociais.<\/p>\n<p class=\"m_-2591751093913692614gmail-MsoNoSpacing\" style=\"text-align: justify;\">Aproximadamente 20 fam\u00edlias residem no Vila Concei\u00e7\u00e3o. A moradora Marli Ramos, moradora do bairro h\u00e1 cinco anos, aprovou a iniciativa. Segundo ela, a comunidade estava se sentindo abandonada. \u201cEsta \u00e9 a primeira vez que um evento como este foi realizado aqui. Antes, ningu\u00e9m nunca olhou por n\u00f3s. E a Vila Concei\u00e7\u00e3o est\u00e1 precisando de muitas coisas. Tenho certeza de que o resultado desse encontro ser\u00e1 muito bom\u201d, contou. \u201cEsta a\u00e7\u00e3o vai nos beneficiar muito, pois vamos ser integrados aos servi\u00e7os de sa\u00fade. \u00c9 muito bom a Prefeitura estar conosco, nos conhecendo e nos ajudando\u201d, considerou outra moradora, Luiza Moreira.<\/p>\n<p class=\"m_-2591751093913692614gmail-MsoNoSpacing\" style=\"text-align: justify;\">O prefeito Grego afirma que a integra\u00e7\u00e3o entre poder p\u00fablico e popula\u00e7\u00e3o \u00e9 importante para que a Administra\u00e7\u00e3o possa realizar um trabalho conjunto e mais eficiente para os muriaeenses. \u201cOuvir as pessoas para conhecer suas demandas \u00e9 um dos marcos da nossa gest\u00e3o. Assim, de forma participativa, poderemos oferecer servi\u00e7os de mais qualidade, para construirmos um novo caminho para Muria\u00e9\u201d, disse.<\/p>\n","protected":false},"excerpt":{"rendered":"<p>Administra\u00e7\u00e3o ouviu demandas da comunidade durante caf\u00e9 coletivo A Prefeitura de Muria\u00e9 reuniu-se com moradores do bairro Vila Concei\u00e7\u00e3o (localizado atr\u00e1s da AABB), no \u00faltimo s\u00e1bado (22), para ouvir suas demandas. Durante caf\u00e9 comunit\u00e1rio, que contou com equipe do UBS do Inconfid\u00eancia, CRAS Santa Terezinha e comunidade local, no Balne\u00e1rio Para\u00edso, espa\u00e7o situado no pr\u00f3prio [&hellip;]<\/p>\n","protected":false},"author":6,"featured_media":41767,"comment_status":"open","ping_status":"closed","sticky":false,"template":"","format":"standard","meta":{"_joinchat":[],"footnotes":""},"categories":[1],"tags":[],"class_list":["post-41766","post","type-post","status-publish","format-standard","has-post-thumbnail","hentry","category-sem-categoria"],"_links":{"self":[{"href":"http:\/\/folhadosudeste.com\/site\/index.php?rest_route=\/wp\/v2\/posts\/41766","targetHints":{"allow":["GET"]}}],"collection":[{"href":"http:\/\/folhadosudeste.com\/site\/index.php?rest_route=\/wp\/v2\/posts"}],"about":[{"href":"http:\/\/folhadosudeste.com\/site\/index.php?rest_route=\/wp\/v2\/types\/post"}],"author":[{"embeddable":true,"href":"http:\/\/folhadosudeste.com\/site\/index.php?rest_route=\/wp\/v2\/users\/6"}],"replies":[{"embeddable":true,"href":"http:\/\/folhadosudeste.com\/site\/index.php?rest_route=%2Fwp%2Fv2%2Fcomments&post=41766"}],"version-history":[{"count":1,"href":"http:\/\/folhadosudeste.com\/site\/index.php?rest_route=\/wp\/v2\/posts\/41766\/revisions"}],"predecessor-version":[{"id":41768,"href":"http:\/\/folhadosudeste.com\/site\/index.php?rest_route=\/wp\/v2\/posts\/41766\/revisions\/41768"}],"wp:featuredmedia":[{"embeddable":true,"href":"http:\/\/folhadosudeste.com\/site\/index.php?rest_route=\/wp\/v2\/media\/41767"}],"wp:attachment":[{"href":"http:\/\/folhadosudeste.com\/site\/index.php?rest_route=%2Fwp%2Fv2%2Fmedia&parent=41766"}],"wp:term":[{"taxonomy":"category","embeddable":true,"href":"http:\/\/folhadosudeste.com\/site\/index.php?rest_route=%2Fwp%2Fv2%2Fcategories&post=41766"},{"taxonomy":"post_tag","embeddable":true,"href":"http:\/\/folhadosudeste.com\/site\/index.php?rest_route=%2Fwp%2Fv2%2Ftags&post=41766"}],"curies":[{"name":"wp","href":"https:\/\/api.w.org\/{rel}","templated":true}]}}