{"id":41772,"date":"2017-07-26T12:12:08","date_gmt":"2017-07-26T12:12:08","guid":{"rendered":"http:\/\/folhadosudeste.com\/site\/?p=41772"},"modified":"2017-07-26T12:12:08","modified_gmt":"2017-07-26T12:12:08","slug":"projeto-de-educacao-ambiental-estimula-combate-ao-mosquito-da-dengue","status":"publish","type":"post","link":"http:\/\/folhadosudeste.com\/site\/?p=41772","title":{"rendered":"PROJETO DE EDUCA\u00c7\u00c3O AMBIENTAL ESTIMULA COMBATE AO MOSQUITO DA DENGUE"},"content":{"rendered":"<p align=\"center\"><a href=\"http:\/\/folhadosudeste.com\/site\/wp-content\/uploads\/2017\/07\/06.jpg\"><img loading=\"lazy\" decoding=\"async\" class=\"aligncenter wp-image-41773 size-large\" src=\"http:\/\/folhadosudeste.com\/site\/wp-content\/uploads\/2017\/07\/06-1024x576.jpg\" alt=\"\" width=\"620\" height=\"349\" srcset=\"http:\/\/folhadosudeste.com\/site\/wp-content\/uploads\/2017\/07\/06-1024x576.jpg 1024w, http:\/\/folhadosudeste.com\/site\/wp-content\/uploads\/2017\/07\/06-300x169.jpg 300w, http:\/\/folhadosudeste.com\/site\/wp-content\/uploads\/2017\/07\/06-768x432.jpg 768w, http:\/\/folhadosudeste.com\/site\/wp-content\/uploads\/2017\/07\/06.jpg 1128w\" sizes=\"auto, (max-width: 620px) 100vw, 620px\" \/><\/a><\/p>\n<p class=\"m_7766086177545449697gmail-MsoNoSpacing\" style=\"text-align: justify;\" align=\"center\"><i>\u201cConhecer para Combater<a name=\"m_7766086177545449697__GoBack\"><\/a>\u201d \u00e9 desenvolvido em escolas, com\u00e9rcios e eventos promovidos pela Prefeitura<\/i><\/p>\n<p class=\"m_7766086177545449697gmail-MsoNoSpacing\" style=\"text-align: justify;\">O projeto de educa\u00e7\u00e3o ambiental \u201cConhecer para Combater\u201d, desenvolvido pela Prefeitura de Muria\u00e9, est\u00e1 mostrando \u00e0 popula\u00e7\u00e3o, de forma l\u00fadica,<b>&nbsp;<\/b>a maneira de conter a prolifera\u00e7\u00e3o do mosquito Aedes aegypti, transmissor da dengue, zika e chikungunya. O objetivo \u00e9 estimular nos muriaeenses a\u00e7\u00f5es que diminuam a incid\u00eancia das doen\u00e7as na cidade.<\/p>\n<p class=\"m_7766086177545449697gmail-MsoNoSpacing\" style=\"text-align: justify;\">In\u00e9dita na cidade e em Minas Gerais, a a\u00e7\u00e3o \u00e9 desenvolvida desde fevereiro deste ano em bairros onde h\u00e1 maior infesta\u00e7\u00e3o do mosquito e tamb\u00e9m em escolas, com\u00e9rcios e eventos promovidos pela Prefeitura. Nas tendas montadas, os agentes explicam aos moradores e pessoas que passam pelo local sobre as fases do ciclo de vida do mosquito, a maneira de conter sua reprodu\u00e7\u00e3o, al\u00e9m de oferecer sugest\u00f5es para mudan\u00e7a de h\u00e1bitos da popula\u00e7\u00e3o. Tamb\u00e9m s\u00e3o abordados os sintomas da zika, chikungunya e dengue e a forma de procurar assist\u00eancia m\u00e9dica no caso da identifica\u00e7\u00e3o dos sintomas.<\/p>\n<p class=\"m_7766086177545449697gmail-MsoNoSpacing\" style=\"text-align: justify;\">Devido ao resultado positivo do projeto, o N\u00facleo de Mobiliza\u00e7\u00e3o Social de Muria\u00e9 foi destaque no relat\u00f3rio mensal de abril do governo do Estado, ao propor iniciativas de enfrentamento ao Aedes. &#8220;O objetivo \u00e9 incentivar toda a sociedade a realizar a\u00e7\u00f5es para combater o mosquito transmissor das doen\u00e7as, e ainda criar o h\u00e1bito da participa\u00e7\u00e3o\u201d, disse Carla Morcerf, diretora de Vigil\u00e2ncia Ambiental da Secretaria Municipal de Sa\u00fade.<\/p>\n<p class=\"m_7766086177545449697gmail-MsoNoSpacing\" style=\"text-align: justify;\"><b>PREFEITO CONVOCA POPULA\u00c7\u00c3O A SE UNIR NO COMBATE AO MOSQUITO<\/b><\/p>\n<p class=\"m_7766086177545449697gmail-MsoNoSpacing\" style=\"text-align: justify;\">O prefeito Grego frisou a import\u00e2ncia de todos os muriaeenses se envolverem junto com o poder p\u00fablico no combate ao mosquito. \u201cS\u00f3 vamos vencer essa luta contra o Aedes aegypti com a participa\u00e7\u00e3o e o envolvimento de todos. O&nbsp;esfor\u00e7o de cada um conta muito para que o \u00edndice de infesta\u00e7\u00e3o diminua cada vez mais e os muriaeenses fiquem livres destas doen\u00e7as\u201d, afirmou.&nbsp;<\/p>\n","protected":false},"excerpt":{"rendered":"<p>\u201cConhecer para Combater\u201d \u00e9 desenvolvido em escolas, com\u00e9rcios e eventos promovidos pela Prefeitura O projeto de educa\u00e7\u00e3o ambiental \u201cConhecer para Combater\u201d, desenvolvido pela Prefeitura de Muria\u00e9, est\u00e1 mostrando \u00e0 popula\u00e7\u00e3o, de forma l\u00fadica,&nbsp;a maneira de conter a prolifera\u00e7\u00e3o do mosquito Aedes aegypti, transmissor da dengue, zika e chikungunya. O objetivo \u00e9 estimular nos muriaeenses a\u00e7\u00f5es [&hellip;]<\/p>\n","protected":false},"author":6,"featured_media":41773,"comment_status":"open","ping_status":"closed","sticky":false,"template":"","format":"standard","meta":{"_joinchat":[],"footnotes":""},"categories":[1],"tags":[],"class_list":["post-41772","post","type-post","status-publish","format-standard","has-post-thumbnail","hentry","category-sem-categoria"],"_links":{"self":[{"href":"http:\/\/folhadosudeste.com\/site\/index.php?rest_route=\/wp\/v2\/posts\/41772","targetHints":{"allow":["GET"]}}],"collection":[{"href":"http:\/\/folhadosudeste.com\/site\/index.php?rest_route=\/wp\/v2\/posts"}],"about":[{"href":"http:\/\/folhadosudeste.com\/site\/index.php?rest_route=\/wp\/v2\/types\/post"}],"author":[{"embeddable":true,"href":"http:\/\/folhadosudeste.com\/site\/index.php?rest_route=\/wp\/v2\/users\/6"}],"replies":[{"embeddable":true,"href":"http:\/\/folhadosudeste.com\/site\/index.php?rest_route=%2Fwp%2Fv2%2Fcomments&post=41772"}],"version-history":[{"count":1,"href":"http:\/\/folhadosudeste.com\/site\/index.php?rest_route=\/wp\/v2\/posts\/41772\/revisions"}],"predecessor-version":[{"id":41774,"href":"http:\/\/folhadosudeste.com\/site\/index.php?rest_route=\/wp\/v2\/posts\/41772\/revisions\/41774"}],"wp:featuredmedia":[{"embeddable":true,"href":"http:\/\/folhadosudeste.com\/site\/index.php?rest_route=\/wp\/v2\/media\/41773"}],"wp:attachment":[{"href":"http:\/\/folhadosudeste.com\/site\/index.php?rest_route=%2Fwp%2Fv2%2Fmedia&parent=41772"}],"wp:term":[{"taxonomy":"category","embeddable":true,"href":"http:\/\/folhadosudeste.com\/site\/index.php?rest_route=%2Fwp%2Fv2%2Fcategories&post=41772"},{"taxonomy":"post_tag","embeddable":true,"href":"http:\/\/folhadosudeste.com\/site\/index.php?rest_route=%2Fwp%2Fv2%2Ftags&post=41772"}],"curies":[{"name":"wp","href":"https:\/\/api.w.org\/{rel}","templated":true}]}}