{"id":41775,"date":"2017-07-26T13:51:58","date_gmt":"2017-07-26T13:51:58","guid":{"rendered":"http:\/\/folhadosudeste.com\/site\/?p=41775"},"modified":"2017-07-26T13:51:58","modified_gmt":"2017-07-26T13:51:58","slug":"casas-lar-promovem-colonia-de-ferias","status":"publish","type":"post","link":"http:\/\/folhadosudeste.com\/site\/?p=41775","title":{"rendered":"CASAS LAR PROMOVEM COL\u00d4NIA DE F\u00c9RIAS"},"content":{"rendered":"<p align=\"center\"><a href=\"http:\/\/folhadosudeste.com\/site\/wp-content\/uploads\/2017\/07\/IMG_1803.jpg\"><img loading=\"lazy\" decoding=\"async\" class=\"aligncenter wp-image-41776 size-large\" src=\"http:\/\/folhadosudeste.com\/site\/wp-content\/uploads\/2017\/07\/IMG_1803-1024x836.jpg\" alt=\"\" width=\"620\" height=\"506\" srcset=\"http:\/\/folhadosudeste.com\/site\/wp-content\/uploads\/2017\/07\/IMG_1803-1024x836.jpg 1024w, http:\/\/folhadosudeste.com\/site\/wp-content\/uploads\/2017\/07\/IMG_1803-300x245.jpg 300w, http:\/\/folhadosudeste.com\/site\/wp-content\/uploads\/2017\/07\/IMG_1803-768x627.jpg 768w, http:\/\/folhadosudeste.com\/site\/wp-content\/uploads\/2017\/07\/IMG_1803.jpg 2048w\" sizes=\"auto, (max-width: 620px) 100vw, 620px\" \/><\/a><\/p>\n<p class=\"m_-1822791485268241376gmail-MsoNoSpacing\" style=\"text-align: justify;\" align=\"center\"><i>Institui\u00e7\u00f5es mantidas pela Prefeitura proporcionam lazer e divers\u00e3o \u00e0s crian\u00e7as durante recesso escolar<\/i><\/p>\n<p class=\"m_-1822791485268241376gmail-MsoNoSpacing\" style=\"text-align: justify;\">As duas Casas Lar, institui\u00e7\u00f5es que s\u00e3o mantidas pela Prefeitura de Muria\u00e9, est\u00e3o promovendo uma col\u00f4nia de f\u00e9rias para as crian\u00e7as e adolescentes acolhidos. O objetivo \u00e9 proporcionar momentos de lazer e maior integra\u00e7\u00e3o durante o recesso escolar, quando, geralmente, ficavam com o tempo ocioso.<\/p>\n<p class=\"m_-1822791485268241376gmail-MsoNoSpacing\" style=\"text-align: justify;\">A programa\u00e7\u00e3o come\u00e7ou no dia 21 deste m\u00eas e inclui diversas atividades, como passeios coletivos, lanches, piquenique no Complexo Cristo Redentor de Muria\u00e9, gincanas e sess\u00e3o de cinema. A Festa Julhina, na pr\u00f3xima sexta-feira (28), finalizar\u00e1 a col\u00f4nia de f\u00e9rias.<\/p>\n<p class=\"m_-1822791485268241376gmail-MsoNoSpacing\" style=\"text-align: justify;\">A adolescente I. P. B., de 14 anos, acolhida pela Casa h\u00e1 quase tr\u00eas anos, afirmou que a iniciativa foi interessante para que eles pudessem aproveitar melhor o per\u00edodo de f\u00e9rias. \u201cEssa programa\u00e7\u00e3o est\u00e1 sendo bem legal. Para n\u00f3s, que s\u00f3 vamos da Casa para a escola praticamente, pois n\u00e3o podemos ficar saindo para fazer outras coisas, passar um tempo fora, convivendo com outras pessoas, \u00e9 \u00f3timo\u201d, contou.<\/p>\n<p class=\"m_-1822791485268241376gmail-MsoNoSpacing\" style=\"text-align: justify;\"><b>CASAS LAR OFERECEM CUIDADO E PROTE\u00c7\u00c3O PARA CRIAN\u00c7AS E ADOLESCENTES<\/b><\/p>\n<p class=\"m_-1822791485268241376gmail-MsoNoSpacing\" style=\"text-align: justify;\">As Casas Lar garantem a prote\u00e7\u00e3o e moradia provis\u00f3ria para crian\u00e7as e adolescentes afastados do conv\u00edvio familiar por meio de medida protetiva de abrigo, em fun\u00e7\u00e3o de abandono ou cujas fam\u00edlias ou respons\u00e1veis encontram-se temporariamente impossibilitados de cumprir esta fun\u00e7\u00e3o. Em Muria\u00e9, as institui\u00e7\u00f5es atendem a, aproximadamente, 50 crian\u00e7as. Localizadas na Avenida Vicente Alves, bairro Prefeito H\u00e9lio Ara\u00fajo (conhecido como Bico Doce), funcionam 24 horas por dia, com rotinas preestabelecidas por uma equipe multidisciplinar.<\/p>\n<p class=\"m_-1822791485268241376gmail-MsoNoSpacing\" style=\"text-align: justify;\">Diversas a\u00e7\u00f5es s\u00e3o desenvolvidas com os acolhidos, como: apoio sociofamiliar, assessoria t\u00e9cnica e defesa de direitos, apoio \u00e0 conviv\u00eancia social e comunit\u00e1ria, oficinas l\u00fadicas, entre outras.<\/p>\n<p class=\"m_-1822791485268241376gmail-MsoNoSpacing\" style=\"text-align: justify;\">O prefeito Grego, que esteve presente no piquenique na manh\u00e3 desta segunda-feira (24), afirmou que o lazer e a divers\u00e3o s\u00e3o importantes para o desenvolvimento das crian\u00e7as e adolescentes. \u201cAs crian\u00e7as s\u00e3o o futuro do nosso pa\u00eds e tamb\u00e9m de Muria\u00e9. Por isso, a nossa Administra\u00e7\u00e3o investe para proporcionar que elas desfrutem de momentos de lazer e de conviv\u00eancia saud\u00e1vel\u201d, afirmou. &nbsp;&nbsp;<\/p>\n<p class=\"m_-1822791485268241376gmail-MsoNoSpacing\" style=\"text-align: justify;\">&nbsp;<\/p>\n<p class=\"m_-1822791485268241376gmail-MsoNoSpacing\" style=\"text-align: justify;\"><b>SERVI\u00c7O:<\/b><\/p>\n<p class=\"m_-1822791485268241376gmail-MsoNoSpacing\" style=\"text-align: justify;\"><b>Casa Lar I<\/b><\/p>\n<p class=\"m_-1822791485268241376gmail-MsoNoSpacing\" style=\"text-align: justify;\">Endere\u00e7o: Rua Vicente Alves, 203, bairro Prefeito H\u00e9lio Ara\u00fajo (Bico Doce)<\/p>\n<p class=\"m_-1822791485268241376gmail-MsoNoSpacing\" style=\"text-align: justify;\">Telefone: 3729-1299<\/p>\n<p class=\"m_-1822791485268241376gmail-MsoNoSpacing\" style=\"text-align: justify;\">Funcionamento: 24 horas por dia, todos os dias da semana<\/p>\n<p class=\"m_-1822791485268241376gmail-MsoNoSpacing\" style=\"text-align: justify;\"><b>Casa Lar II:<\/b><\/p>\n<p class=\"m_-1822791485268241376gmail-MsoNoSpacing\" style=\"text-align: justify;\">Endere\u00e7o: Rua Vicente Alves, 326, bairro Prefeito H\u00e9lio Ara\u00fajo (Bico Doce)<\/p>\n<p class=\"m_-1822791485268241376gmail-MsoNoSpacing\" style=\"text-align: justify;\">Telefone: 3721-1763<\/p>\n<p class=\"m_-1822791485268241376gmail-MsoNoSpacing\" style=\"text-align: justify;\">Funcionamento: 24 horas por dia, todos os dias da semana<\/p>\n","protected":false},"excerpt":{"rendered":"<p>Institui\u00e7\u00f5es mantidas pela Prefeitura proporcionam lazer e divers\u00e3o \u00e0s crian\u00e7as durante recesso escolar As duas Casas Lar, institui\u00e7\u00f5es que s\u00e3o mantidas pela Prefeitura de Muria\u00e9, est\u00e3o promovendo uma col\u00f4nia de f\u00e9rias para as crian\u00e7as e adolescentes acolhidos. O objetivo \u00e9 proporcionar momentos de lazer e maior integra\u00e7\u00e3o durante o recesso escolar, quando, geralmente, ficavam com [&hellip;]<\/p>\n","protected":false},"author":6,"featured_media":41776,"comment_status":"open","ping_status":"closed","sticky":false,"template":"","format":"standard","meta":{"_joinchat":[],"footnotes":""},"categories":[1],"tags":[],"class_list":["post-41775","post","type-post","status-publish","format-standard","has-post-thumbnail","hentry","category-sem-categoria"],"_links":{"self":[{"href":"http:\/\/folhadosudeste.com\/site\/index.php?rest_route=\/wp\/v2\/posts\/41775","targetHints":{"allow":["GET"]}}],"collection":[{"href":"http:\/\/folhadosudeste.com\/site\/index.php?rest_route=\/wp\/v2\/posts"}],"about":[{"href":"http:\/\/folhadosudeste.com\/site\/index.php?rest_route=\/wp\/v2\/types\/post"}],"author":[{"embeddable":true,"href":"http:\/\/folhadosudeste.com\/site\/index.php?rest_route=\/wp\/v2\/users\/6"}],"replies":[{"embeddable":true,"href":"http:\/\/folhadosudeste.com\/site\/index.php?rest_route=%2Fwp%2Fv2%2Fcomments&post=41775"}],"version-history":[{"count":1,"href":"http:\/\/folhadosudeste.com\/site\/index.php?rest_route=\/wp\/v2\/posts\/41775\/revisions"}],"predecessor-version":[{"id":41777,"href":"http:\/\/folhadosudeste.com\/site\/index.php?rest_route=\/wp\/v2\/posts\/41775\/revisions\/41777"}],"wp:featuredmedia":[{"embeddable":true,"href":"http:\/\/folhadosudeste.com\/site\/index.php?rest_route=\/wp\/v2\/media\/41776"}],"wp:attachment":[{"href":"http:\/\/folhadosudeste.com\/site\/index.php?rest_route=%2Fwp%2Fv2%2Fmedia&parent=41775"}],"wp:term":[{"taxonomy":"category","embeddable":true,"href":"http:\/\/folhadosudeste.com\/site\/index.php?rest_route=%2Fwp%2Fv2%2Fcategories&post=41775"},{"taxonomy":"post_tag","embeddable":true,"href":"http:\/\/folhadosudeste.com\/site\/index.php?rest_route=%2Fwp%2Fv2%2Ftags&post=41775"}],"curies":[{"name":"wp","href":"https:\/\/api.w.org\/{rel}","templated":true}]}}