{"id":41778,"date":"2017-07-26T14:12:54","date_gmt":"2017-07-26T14:12:54","guid":{"rendered":"http:\/\/folhadosudeste.com\/site\/?p=41778"},"modified":"2017-07-26T14:12:54","modified_gmt":"2017-07-26T14:12:54","slug":"campanha-de-vacinacao-antirrabica-de-muriae-acontecera-em-agosto","status":"publish","type":"post","link":"http:\/\/folhadosudeste.com\/site\/?p=41778","title":{"rendered":"CAMPANHA DE VACINA\u00c7\u00c3O ANTIRR\u00c1BICA DE MURIA\u00c9 ACONTECER\u00c1 EM AGOSTO"},"content":{"rendered":"<p><a href=\"http:\/\/folhadosudeste.com\/site\/wp-content\/uploads\/2017\/07\/DSC03259.jpg\"><img loading=\"lazy\" decoding=\"async\" class=\"aligncenter wp-image-41779 size-large\" src=\"http:\/\/folhadosudeste.com\/site\/wp-content\/uploads\/2017\/07\/DSC03259-1024x768.jpg\" alt=\"\" width=\"620\" height=\"465\" srcset=\"http:\/\/folhadosudeste.com\/site\/wp-content\/uploads\/2017\/07\/DSC03259-1024x768.jpg 1024w, http:\/\/folhadosudeste.com\/site\/wp-content\/uploads\/2017\/07\/DSC03259-300x225.jpg 300w, http:\/\/folhadosudeste.com\/site\/wp-content\/uploads\/2017\/07\/DSC03259-768x576.jpg 768w, http:\/\/folhadosudeste.com\/site\/wp-content\/uploads\/2017\/07\/DSC03259.jpg 2048w\" sizes=\"auto, (max-width: 620px) 100vw, 620px\" \/><\/a><\/p>\n<p class=\"m_-6499742268791983488gmail-MsoNoSpacing\" style=\"text-align: justify;\"><i>Prefeitura planeja vacinar 18 mil c\u00e3es e gatos contra raiva, garantindo sa\u00fade dos animais e donos<\/i><\/p>\n<p class=\"m_-6499742268791983488gmail-MsoNoSpacing\" style=\"text-align: justify;\">Todos os anos, c\u00e3es e gatos devem ser vacinados contra a raiva a partir dos tr\u00eas meses de idade. Muria\u00e9 n\u00e3o foge \u00e0 regra e j\u00e1 preparou o calend\u00e1rio de vacina\u00e7\u00e3o antirr\u00e1bica, que ser\u00e1 realizada em agosto. Este ano, a meta da Prefeitura \u00e9 imunizar aproximadamente 18 mil c\u00e3es e gatos, para garantir a sa\u00fade dos animais e de seus donos.<\/p>\n<p class=\"m_-6499742268791983488gmail-MsoNoSpacing\" style=\"text-align: justify;\">A vacina\u00e7\u00e3o come\u00e7a pela \u00e1rea urbana no dia 26. J\u00e1 na \u00e1rea rural, a campanha ter\u00e1 in\u00edcio no dia 28 do pr\u00f3ximo m\u00eas e prosseguir\u00e1 at\u00e9 o dia 1\u00ba de setembro. A orienta\u00e7\u00e3o aos tutores de animais \u00e9 para que os c\u00e3es sejam levados presos em guias e os gatos sejam transportados em gaiolas ou caixas especiais para evitar acidentes. Caso os caninos ou felinos estejam doentes ou em tratamento de sa\u00fade, devem esperar a recupera\u00e7\u00e3o para receber a vacina &#8211; isso vale tamb\u00e9m para as f\u00eameas que estejam prenhas.<\/p>\n<p class=\"m_-6499742268791983488gmail-MsoNoSpacing\" style=\"text-align: justify;\">Ap\u00f3s o t\u00e9rmino da campanha, os propriet\u00e1rios de c\u00e3es e gatos podem procurar as doses na Secretaria Municipal de Sa\u00fade, no setor da Vigil\u00e2ncia Ambiental, que est\u00e1 localizado na Rua Vereador Jos\u00e9 Messias, 65, 2\u00ba andar (sala 19), bairro Santo Ant\u00f4nio. O telefone para contato \u00e9 o 3729-1301.<\/p>\n<p class=\"m_-6499742268791983488gmail-MsoNoSpacing\" style=\"text-align: justify;\"><b>VACINA \u00c9 \u00daNICA FORMA DE PREVEN\u00c7\u00c3O DA DOEN\u00c7A<\/b><\/p>\n<p class=\"m_-6499742268791983488gmail-MsoNoSpacing\" style=\"text-align: justify;\">A raiva \u00e9 uma zoonose que pode matar se n\u00e3o for prevenida e cuidada. \u201cA vacina antirr\u00e1bica \u00e9 a \u00fanica forma de preven\u00e7\u00e3o contra a raiva. Prevenir ainda \u00e9 o melhor rem\u00e9dio. Embora nos dias de hoje seja uma doen\u00e7a controlada, ela ainda \u00e9 uma grande preocupa\u00e7\u00e3o. Por isso, \u00e9 preciso que propriet\u00e1rios de c\u00e3es e gatos levem seu animal para se vacinar, para que continuem saud\u00e1veis e fiquem livres desta doen\u00e7a\u201d, recomendou o prefeito Grego.<\/p>\n<p style=\"text-align: justify;\">&nbsp;<\/p>\n<p style=\"text-align: justify;\">VACINA\u00c7\u00c3O ANTIRR\u00c1BICA<br \/>\nZONA RURAL DE MURIA\u00c9<br \/>\nLOCAIS DE VACINA\u00c7\u00c3O<\/p>\n<p style=\"text-align: justify;\">DE 28 DE AGOSTO \u00c0 01 DE SETEMBRO DE 2016<\/p>\n<p style=\"text-align: justify;\">&nbsp;<\/p>\n<p style=\"text-align: justify;\">DIA 28, SEGUNDA \u2013 FEIRA<br \/>\nBOM JESUS, DIVIS\u00d3RIO S\u00c3O FERNANDO<\/p>\n<p style=\"text-align: justify;\">Equipe da prefeitura n\u00ba 1<br \/>\nDas 09:00 \u00e0s 09:30 h: E.E. Jos\u00e9 Ribeiro (Barreiro)<br \/>\nDas 11:00 \u00e0s 12:00 h: E.E. Faz Provid\u00eancia (Fco. Augusto)<br \/>\nDas 13:00 \u00e0s 15:00 h: Posto de Sa\u00fade Bom Jesus da Cachoeira<\/p>\n<p style=\"text-align: justify;\">Equipe da prefeitura n\u00ba 2<br \/>\nDas 08:00 \u00e0s 09:00 h: E.E. Divis\u00f3rio<br \/>\nDas 09:40 \u00e0s 11:00 h: E.E. Pascoal Demarque<br \/>\nDas 13:00 \u00e0s 15:00 h: Posto de Sa\u00fade S\u00e3o Fernando<\/p>\n<p style=\"text-align: justify;\">&nbsp;<\/p>\n<p style=\"text-align: justify;\">DIA 29, TER\u00c7A \u2013 FEIRA<br \/>\nMACUCO, BOA FAM\u00cdLIA, VERMELHO E PIRAPANEMA<\/p>\n<p style=\"text-align: justify;\">Equipe da prefeitura n\u00ba 1<br \/>\nDas 08:00 \u00e0s 11:00 h: Posto de Sa\u00fade Macuco<br \/>\nDas 13:30 \u00e0s 17:00 h: Posto de Sa\u00fade Boa Fam\u00edlia<\/p>\n<p style=\"text-align: justify;\">Equipe da prefeitura n\u00ba 2<br \/>\nDas 08:00 \u00e0s 09:00 h: E.E. \u00c1guas Claras Dala Paula<br \/>\nDas 09:00 \u00e0s 10:00 h: Comunidade Santo Cristo<br \/>\nDas 12:00 \u00e0s 14:30 h: Posto de Sa\u00fade Vermelho<br \/>\nDas 15:00 \u00e0s 16:00 h: Posto de Sa\u00fade Pirapanema<\/p>\n<p style=\"text-align: justify;\">&nbsp;<\/p>\n<p style=\"text-align: justify;\">DIA 30, QUARTA \u2013 FEIRA<br \/>\nGRAMINHA, ESTIVA E CAMPO CAPOEIR\u00c3O<\/p>\n<p style=\"text-align: justify;\">Equipe da prefeitura n\u00ba 1<br \/>\nDas 08:00 \u00e0s 10:00 h: E. E. Fazenda Boa Vista (Estiva)<br \/>\nDas 10:00 \u00e0s 11:00 h: E. M. Tiradentes (Samuel Rabelo)<br \/>\nDas 12:30 \u00e0s 13:30 h: Venda do Sr. Misael<br \/>\nDas 14:00 \u00e0s 15:00 h: E. M. Graminha<\/p>\n<p style=\"text-align: justify;\">Equipe da prefeitura n\u00ba 2<br \/>\nDas 08:00 \u00e0s 09:00 h: Fazenda Santa Rosa<br \/>\nDas 09:30 \u00e0s 10:00 h: E. M. Joaquim A. Pereira (Gameleira)<br \/>\nDas 10:30 \u00e0s 11:30 h: E. M. Fazenda Santa Maria<br \/>\nDas 13:00 \u00e0s 14:00 h: Santa F\u00e9 (Laerte)<br \/>\nDas 14:00 \u00e0s 15:00 h: Venda Joao Hon\u00f3rio (S\u00e3o Joao do Gloria)<br \/>\nDas 15:00 \u00e0s 16:00 h: Posto de Sa\u00fade S\u00e3o Joao do Gloria<br \/>\nDas 16:00 \u00e0s 17:00 h: Campo Capoeir\u00e3o<\/p>\n<p style=\"text-align: justify;\">&nbsp;<\/p>\n<p style=\"text-align: justify;\">DIA 31, QUINTA FEIRA<br \/>\nBELIS\u00c1RIO E S\u00c3O DOMINGOS<\/p>\n<p style=\"text-align: justify;\">Equipe da prefeitura n\u00ba 1<br \/>\nDas 08:00 \u00e0s 09:00 h: Escola Fazenda do Joterlino (Jacuba)<br \/>\nDas 09:00 \u00e0s 10:00 h: Fazenda Ribada<br \/>\nDas 10:00 \u00e0s 11:00 h: S\u00e3o Domingos<br \/>\nDas 12:30 \u00e0s 14:00 h: C\u00f3rrego da On\u00e7a (Sr. Marcolino Tavares)<br \/>\nDas 14:30 \u00e0s 15:00 h: Comunidade Igreja S\u00e3o Tom\u00e9<\/p>\n<p style=\"text-align: justify;\">Equipe da prefeitura n\u00ba 2<br \/>\nDas 08:00 \u00e0s 09:00 h: Campo Luiz Trote (Babil\u00f4nia)<br \/>\nDas 09:00 \u00e0s 11:00 h: Posto de Sa\u00fade Belis\u00e1rio<br \/>\nDas 12:00 \u00e0s 13:00 h: E. M. N. Senhora Aparecida (Jo\u00e3o Jacob)<br \/>\nDas 13:00 \u00e0s 14:00 h: E. M. Santo Ant\u00f4nio (Alo\u00edsio Rog\u00e9rio)<\/p>\n<p style=\"text-align: justify;\">&nbsp;<\/p>\n<p style=\"text-align: justify;\">DIA 01, SEXTA-FEIRA<br \/>\nSOFOC\u00d3, CAPETINGA, HASTENREITER, ITAMURI E PATRIM\u00d4NIO DOS CARNEIROS<\/p>\n<p style=\"text-align: justify;\">Equipe da prefeitura n\u00ba 1<br \/>\nDas 08:00 \u00e0s 09:30 h: E. M. Ant\u00f4nio P. da Silva (Sofoc\u00f3)<br \/>\nDas 10:00 \u00e0s 11:00 h: Retiro<br \/>\nDas 11:15 \u00e0s 12:00 h: E. E. Boa Sorte (Ant\u00f4nio Nacif)<br \/>\nDas 13:30 \u00e0s 15:00 h: Pra\u00e7a Itamuri<\/p>\n<p style=\"text-align: justify;\">Equipe da prefeitura n\u00ba 2<br \/>\nDas 08:00 \u00e0s 09:00 h: Escola Usina da Fuma\u00e7a<br \/>\nDas 09:20 \u00e0s 10:00 h: Capetinga<br \/>\nDas 10:30 \u00e0s 11:00 h: Capela do Pont\u00e3o<br \/>\nDas 11:00 \u00e0s 12:00 h: E. E. Patrim\u00f4nio dos Carneiros<br \/>\nDas 13:00 \u00e0s 14:00 h: Capela Bom Jardim<\/p>\n<p style=\"text-align: justify;\">VACINA\u00c7\u00c3O ANTIRR\u00c1BICA<br \/>\nZONA URBANA DE MURIA\u00c9<br \/>\nLOCAIS DE VACINA\u00c7\u00c3O<br \/>\nDE 26 DE AGOSTO DE 2017<\/p>\n<p style=\"text-align: justify;\">EQUIPE 1<br \/>\nKENNEDY, INCONFID\u00caNCIA I E II, MARAMBAIA, ENCOBERTA, S\u00c3O PEDRO, RUA NOVA E BEIRA LINHA<br \/>\nDe 08:00 \u00e0s 08:30 h: Vila Concei\u00e7\u00e3o, em frente ao Balne\u00e1rio<br \/>\nDe 08:30 \u00e0s 09:00 h: Inicio do Bairro Edgard Miranda e Porto Belo<br \/>\nDe 09:00 \u00e0s 09:30 h: Em frente \u00e0 Igreja dos Bairros Inconfid\u00eancia I e II<br \/>\nDe 09:30 \u00e0s 10:30 h: Em frente ao Posto de Sa\u00fade Inconfid\u00eancia I e Chal\u00e9<br \/>\nDe 10:30 \u00e0s 11:30 h: Em frente ao orelh\u00e3o do Marambaia (Posto de Sa\u00fade)<br \/>\nDe 11:30 \u00e0s 12:00 h: Em frente \u00e0 E. M. Ionyr Bastos Dias (Vale Verde)<br \/>\nDe 13:30 \u00e0s 14:30 h: Pra\u00e7a S\u00e3o Pedro<br \/>\nDe 14:30 \u00e0s 15:00 h: Em frente \u00e0 Igreja Recanto Verde<br \/>\nDe 15:00 \u00e0s 16:00 h: Rua Beira Linha cruzamento da Rua Encoberta<br \/>\nDe 16:00 \u00e0s 17:00 h: Cruzamento da Rua Nova e Estrada para Cachoeira Alegre<\/p>\n<p style=\"text-align: justify;\">EQUIPE 2<br \/>\nP\u00c7A NA\u00c7\u00d5ES UNIDAS, S\u00c3O CRIST\u00d3V\u00c3O, S\u00c3O FRANCISCO E PRIMAVERA<br \/>\nDe 08:00 \u00e0s 09:30 h: P\u00e7a Na\u00e7\u00f5es Unidas<br \/>\nDe 09:30 \u00e0s 11:30 h: Em frente \u00e0 E. E. Columba Teixeira e Silva &#8211; S\u00e3o Crist\u00f3v\u00e3o<br \/>\nDe 13:00 \u00e0s 14:00 h: Pra\u00e7a Walthon Goulart \u2013 S\u00e3o Francisco<br \/>\nDe 14:00 \u00e0s 14:30 h: Em frente a E. E. Prof. Orlando de Lima Faria (Estadual) S\u00e3o Francisco<br \/>\nDe 14:30 \u00e0s 15:00 h: Alto do Castelo<br \/>\nDe 15:00 \u00e0s 16:00 h: Bairro Primavera, em frente ao ponto final do \u00f4nibus<br \/>\nDe 16:00 \u00e0s 17:00 h: Bairro Primavera (Parte Baixa) volta da ferradura<\/p>\n<p style=\"text-align: justify;\">EQUIPE 3<br \/>\nPORTO, SANTA TEREZINHA E P\u00c7A DO ROS\u00c1RIO<br \/>\nDe 08:00 \u00e0s 11:30 h: Em frente a E. E. Gon\u00e7alves Couto &#8211; Porto<br \/>\nDe 13:00 \u00e0s 15:00 h: P\u00e7a Farmac\u00eautico Domingo Ceribeli \u2013 Santa Terezinha<br \/>\nDe 15:00 \u00e0s 16:30 h: Ponto final do \u00f4nibus \u2013 Santa Terezinha<br \/>\nDe 16:30 \u00e0s 17:00 h: Pra\u00e7a do Ros\u00e1rio<\/p>\n<p style=\"text-align: justify;\">EQUIPE 4<br \/>\nMORRO DO CASTELO, SANTA RITA, JO\u00c3O XXIII, BICO DOCE E COLETI<br \/>\nDe 08:00 \u00e0s 09:30 h: P\u00e7a S\u00e3o Paulo<br \/>\nDe 09:30 \u00e0s 10:30 h: Cruzamento da Rua Prof. Carvalho e B. S\u00e3o Gotardo<br \/>\nDe 10:30 \u00e0s 11:30 h: Bairro Coleti (em frente ao orelh\u00e3o)<br \/>\nDe 13:00 \u00e0s 14:00 h: Bico Doce (em frente a garagem de \u00f4nibus P\u00e1ssaro Verde)<br \/>\nDe 14:00 \u00e0s 15:30 h: Pra\u00e7a de esporte \u2013 Bairro Joao XXIII<br \/>\nDe 15:30 \u00e0s 16:30 h: Em frente \u00e0 E. M. Gilberto Tanus Braz \u2013 Jo\u00e3o XXIII<br \/>\nDe 16:30 \u00e0s 17:00 h: Bairro Jo\u00e3o VI<\/p>\n<p style=\"text-align: justify;\">EQUIPE 5<br \/>\nSAFIRA, PLANALTO, SIME\u00c3O F\u00c9RES, CER\u00c2MICA, FEBEM (BARRA) E S\u00c3O SEBASTI\u00c3O<br \/>\nDe 08:00 \u00e0s 09:30 h: Em frente a Policl\u00ednica do Safira<br \/>\nDe 09:30 \u00e0s 11:00 h: Em frente \u00e0 APAE<br \/>\nDe 11:00 \u00e0s 11:30 h: Em frente \u00e0 FEBEM &#8211; Barra<br \/>\nDe 13:00 \u00e0s 15:00 h: Em frente ao telefone comunit\u00e1rio (Rua 1) &#8211; Planalto<br \/>\nDe 15:00 \u00e0s 15:30 h: Rua S\u00e3o Sebastiao (Em frente a f\u00e1brica de caix\u00e3o)<br \/>\nDe 15:30 \u00e0s 16:00 h: Em frente ao CEM<br \/>\nDe 16:00 \u00e0s 17:00 h: Rua Jos\u00e9 de Abreu esquina com Miss Dinorah<\/p>\n<p style=\"text-align: justify;\">EQUIPE 6<br \/>\nBARRA, PRAINHA, P\u00c7A CARLOS DRUMOND DE ANDRADE, CAMPO NACIONAL, G\u00c1VEA, SANTO ANT\u00d4NIO I<br \/>\nDe 08:00 \u00e0s 10:00 h: P\u00e7a Carlos Drumond de Andrade &#8211; Barra<br \/>\nDe 10:00 \u00e0s 11:30 h: Prainha<br \/>\nDe 13:00 \u00e0s 14:00 h: Em frente ao Campo Nacional<br \/>\nDe 14:00 \u00e0s 15:00 h: G\u00e1vea (Em frente ao Corpo de Bombeiro)<br \/>\nDe 15:00 \u00e0s 17:00 h: Em frente ao Posto de Sa\u00fade do Bairro Santo Ant\u00f4nio I<\/p>\n<p style=\"text-align: justify;\">EQUIPE 07<br \/>\nSANTANA, JOAN\u00d3POLIS, NAPOLE\u00c3O E CARDOSO DE MELO<br \/>\nDe 08:00 \u00e0s 09:30 h: em frente ao Posto de Sa\u00fade do Santana<br \/>\nDe 09:30 \u00e0s 12:00 h: Em frente ao Posto de sa\u00fade do Joan\u00f3polis<br \/>\nDe 13:30 \u00e0s 14:00 h: Em frente ao Tel. Comunit\u00e1rio do B. S\u00e3o Joaquim<br \/>\nDe 14:00 \u00e0s 15:00 h: Bairro Napole\u00e3o, Esquina da Rua S\u00e3o Jos\u00e9<br \/>\nDe 15:00 \u00e0s 16:00 h: Em Frente a Mercearia Cardoso de Melo (Parte Baixa)<br \/>\nDe 16:00 \u00e0s 17:00 h: Em frente \u00e0 caixa d\u2019agua do Cardoso de Melo (Parte Alta)<\/p>\n<p style=\"text-align: justify;\">EQUIPE 8<br \/>\nS\u00c3O JOS\u00c9 E AEROPORTO<br \/>\nDe 08:00 \u00e0s 09:30 h: Em frente \u00e0 Casa da Comunidade do B. S\u00e3o Jos\u00e9<br \/>\nDe 09:30 \u00e0s 11:30 h: Em frente \u00e0 Escola Stela Fidelis &#8211; Aeroporto<br \/>\nDe 13:00 \u00e0s 15:00 h: Rua Ant\u00f4nio Ramos (Em frente ao Posto de Sa\u00fade Aeroporto \u2013 Parte Alta)<br \/>\nDe 15:00 \u00e0s 17:00 h: Pra\u00e7a Padre Otoni \u2013 Em frente a mercearia Brasil<\/p>\n<p style=\"text-align: justify;\">EQUIPE 9<br \/>\nMARECHAL FLORIANO, DORNELAS, GASPAR, UNI\u00c3O, VILA SANTA RITA, E SANTA LUZIA<br \/>\nDe 08:00 \u00e0s 08:30 h: Em frente a Antiga M\u00e1quina de Arroz, Rua Marechal Floriano<br \/>\nDe 08:30 \u00e0s 10:30 h: Pra\u00e7a Dornelas<br \/>\nDe 10:30 \u00e0s 11:30 h: Em frente a E. E. Orlando Flores<br \/>\nDe 13:00 \u00e0s 14:00 h: Pra\u00e7a Narciso Dias Rabelo \u2013 Bairro Uni\u00e3o<br \/>\nDe 14:00 \u00e0s 14:30 h: Vila Santa Rita<br \/>\nDe 14:30 \u00e0s 16:00 h: Esquina, Rua Josefa Zen com Rua S\u00e3o Joao Batista &#8211; Gaspar<br \/>\nDe 16:00 \u00e0s 16:30 h: Esquina da Rua 1\u00ba de Maio com Rua Jos\u00e9 Duarte Filho \u2013 (Pr\u00f3ximo ao escad\u00e3o, Parte Alta) Bairro Gaspar<br \/>\nDe 16:30 \u00e0s 17:00 h: Em frente ao Sebasti\u00e3o Leite \u2013 B. Santa Luzia (Antiga Vila Leite)<\/p>\n<p style=\"text-align: justify;\">EQUIPE 10<br \/>\nPRA\u00c7A JO\u00c3O PINHEIRO<br \/>\nDe 08:00 \u00e0s 11:30 e de 13:00 \u00e0s 17:00 h: em frente ao Antigo Centro de Especialidades<\/p>\n","protected":false},"excerpt":{"rendered":"<p>Prefeitura planeja vacinar 18 mil c\u00e3es e gatos contra raiva, garantindo sa\u00fade dos animais e donos Todos os anos, c\u00e3es e gatos devem ser vacinados contra a raiva a partir dos tr\u00eas meses de idade. Muria\u00e9 n\u00e3o foge \u00e0 regra e j\u00e1 preparou o calend\u00e1rio de vacina\u00e7\u00e3o antirr\u00e1bica, que ser\u00e1 realizada em agosto. Este ano, [&hellip;]<\/p>\n","protected":false},"author":6,"featured_media":41779,"comment_status":"open","ping_status":"closed","sticky":false,"template":"","format":"standard","meta":{"_joinchat":[],"footnotes":""},"categories":[1],"tags":[],"class_list":["post-41778","post","type-post","status-publish","format-standard","has-post-thumbnail","hentry","category-sem-categoria"],"_links":{"self":[{"href":"http:\/\/folhadosudeste.com\/site\/index.php?rest_route=\/wp\/v2\/posts\/41778","targetHints":{"allow":["GET"]}}],"collection":[{"href":"http:\/\/folhadosudeste.com\/site\/index.php?rest_route=\/wp\/v2\/posts"}],"about":[{"href":"http:\/\/folhadosudeste.com\/site\/index.php?rest_route=\/wp\/v2\/types\/post"}],"author":[{"embeddable":true,"href":"http:\/\/folhadosudeste.com\/site\/index.php?rest_route=\/wp\/v2\/users\/6"}],"replies":[{"embeddable":true,"href":"http:\/\/folhadosudeste.com\/site\/index.php?rest_route=%2Fwp%2Fv2%2Fcomments&post=41778"}],"version-history":[{"count":1,"href":"http:\/\/folhadosudeste.com\/site\/index.php?rest_route=\/wp\/v2\/posts\/41778\/revisions"}],"predecessor-version":[{"id":41781,"href":"http:\/\/folhadosudeste.com\/site\/index.php?rest_route=\/wp\/v2\/posts\/41778\/revisions\/41781"}],"wp:featuredmedia":[{"embeddable":true,"href":"http:\/\/folhadosudeste.com\/site\/index.php?rest_route=\/wp\/v2\/media\/41779"}],"wp:attachment":[{"href":"http:\/\/folhadosudeste.com\/site\/index.php?rest_route=%2Fwp%2Fv2%2Fmedia&parent=41778"}],"wp:term":[{"taxonomy":"category","embeddable":true,"href":"http:\/\/folhadosudeste.com\/site\/index.php?rest_route=%2Fwp%2Fv2%2Fcategories&post=41778"},{"taxonomy":"post_tag","embeddable":true,"href":"http:\/\/folhadosudeste.com\/site\/index.php?rest_route=%2Fwp%2Fv2%2Ftags&post=41778"}],"curies":[{"name":"wp","href":"https:\/\/api.w.org\/{rel}","templated":true}]}}