{"id":41818,"date":"2017-07-28T15:17:14","date_gmt":"2017-07-28T15:17:14","guid":{"rendered":"http:\/\/folhadosudeste.com\/site\/?p=41818"},"modified":"2017-07-28T16:29:18","modified_gmt":"2017-07-28T16:29:18","slug":"amerp-e-prefeitura-de-muriae-promovem-curso-sobre-marco-regulatorio-das-organizacoes-da-sociedade-civil","status":"publish","type":"post","link":"http:\/\/folhadosudeste.com\/site\/?p=41818","title":{"rendered":"AMERP E PREFEITURA DE MURIA\u00c9 PROMOVEM CURSO SOBRE MARCO REGULAT\u00d3RIO DAS ORGANIZA\u00c7\u00d5ES DA SOCIEDADE CIVIL"},"content":{"rendered":"<p style=\"text-align: justify;\"><a href=\"http:\/\/folhadosudeste.com\/site\/wp-content\/uploads\/2017\/07\/AMERP.jpg\"><img loading=\"lazy\" decoding=\"async\" class=\"aligncenter size-full wp-image-41819\" src=\"http:\/\/folhadosudeste.com\/site\/wp-content\/uploads\/2017\/07\/AMERP.jpg\" alt=\"\" width=\"620\" height=\"215\" srcset=\"http:\/\/folhadosudeste.com\/site\/wp-content\/uploads\/2017\/07\/AMERP.jpg 620w, http:\/\/folhadosudeste.com\/site\/wp-content\/uploads\/2017\/07\/AMERP-300x104.jpg 300w\" sizes=\"auto, (max-width: 620px) 100vw, 620px\" \/><\/a><\/p>\n<p style=\"text-align: justify;\">Muria\u00e9 recebeu, na segunda (24) e ter\u00e7a (25\/7), no Teatro Zaccaria Marques (Fundarte), o professor Pedro Leonardo Lopes, que ministrou dois dias de curso, falando sobre o Marco Regulat\u00f3rio da Sociedade Civil. A capacita\u00e7\u00e3o, que contou com certificado de participa\u00e7\u00e3o, foi feita atrav\u00e9s de uma parceria entre a Associa\u00e7\u00e3o dos Munic\u00edpios da Micro Regi\u00e3o M\u00e9dio Rio Pomba (AMERP), a Associa\u00e7\u00e3o Mineira dos Munic\u00edpios (AMM) e a Prefeitura de Muria\u00e9. A ideia \u00e9 formar os gestores dentro das novas exig\u00eancias da Lei n\u00ba 3.019\/2014.<\/p>\n<p style=\"text-align: justify;\">Vic\u00e9lio L\u00facio Franco, Secret\u00e1rio Executivo da AMERP, refor\u00e7ou a necessidade do curso, ap\u00f3s o estabelecimento de novas regras, normas e crit\u00e9rios para parcerias atrav\u00e9s de conv\u00eanios e contratos entre o Poder P\u00fablico Municipal, Estadual e Federal com as organiza\u00e7\u00f5es da sociedade civil, as entidades sociais. <em>\u201cA lei est\u00e1 em vig\u00eancia desde janeiro de 2017 e as prefeituras precisam normalizar essa situa\u00e7\u00e3o, inclusive em termos de or\u00e7amento, que t\u00eam que exercer ainda em 2017 prevendo o gasto com essas entidades para o pr\u00f3ximo ano. O prefeito de Muria\u00e9, Grego, que \u00e9 tamb\u00e9m diretor regional da AMM, procurou a AMERP e informou que o curso estava sendo realizado em Belo Horizonte, com o mesmo professor, mas o custo era bem mais alto do que estamos proporcionando aqui, cerca de 40% do valor, mais acess\u00edvel para a realidade dos munic\u00edpios. Enviar os servidores para BH teria um custo muito maior, porque haveriam despesas com transporte, hospedagem, alimenta\u00e7\u00e3o e ainda o risco nas estradas. Aqui tem muito mais comodidade. Agradecemos o prefeito Grego, que viabilizou a participa\u00e7\u00e3o de v\u00e1rios servidores do munic\u00edpio, dando total apoio na realiza\u00e7\u00e3o deste importante evento. Ficamos felizes de ver que o curso agradou a todos e foi um sucesso total, com 51 inscritos. Agradecemos tamb\u00e9m os munic\u00edpios que enviaram seus representantes\u201d,<\/em> completa.<\/p>\n<p>[ngg_images source=&#8221;galleries&#8221; container_ids=&#8221;1065&#8243; display_type=&#8221;photocrati-nextgen_basic_thumbnails&#8221; override_thumbnail_settings=&#8221;0&#8243; thumbnail_width=&#8221;100&#8243; thumbnail_height=&#8221;75&#8243; thumbnail_crop=&#8221;1&#8243; images_per_page=&#8221;0&#8243; number_of_columns=&#8221;0&#8243; ajax_pagination=&#8221;0&#8243; show_all_in_lightbox=&#8221;0&#8243; use_imagebrowser_effect=&#8221;0&#8243; show_slideshow_link=&#8221;1&#8243; slideshow_link_text=&#8221;[Show as slideshow]&#8221; order_by=&#8221;sortorder&#8221; order_direction=&#8221;ASC&#8221; returns=&#8221;included&#8221; maximum_entity_count=&#8221;500&#8243;]<\/p>\n","protected":false},"excerpt":{"rendered":"<p>Muria\u00e9 recebeu, na segunda (24) e ter\u00e7a (25\/7), no Teatro Zaccaria Marques (Fundarte), o professor Pedro Leonardo Lopes, que ministrou dois dias de curso, falando sobre o Marco Regulat\u00f3rio da Sociedade Civil. A capacita\u00e7\u00e3o, que contou com certificado de participa\u00e7\u00e3o, foi feita atrav\u00e9s de uma parceria entre a Associa\u00e7\u00e3o dos Munic\u00edpios da Micro Regi\u00e3o M\u00e9dio [&hellip;]<\/p>\n","protected":false},"author":2,"featured_media":41820,"comment_status":"open","ping_status":"closed","sticky":false,"template":"","format":"standard","meta":{"_joinchat":[],"footnotes":""},"categories":[1],"tags":[],"class_list":["post-41818","post","type-post","status-publish","format-standard","has-post-thumbnail","hentry","category-sem-categoria"],"_links":{"self":[{"href":"http:\/\/folhadosudeste.com\/site\/index.php?rest_route=\/wp\/v2\/posts\/41818","targetHints":{"allow":["GET"]}}],"collection":[{"href":"http:\/\/folhadosudeste.com\/site\/index.php?rest_route=\/wp\/v2\/posts"}],"about":[{"href":"http:\/\/folhadosudeste.com\/site\/index.php?rest_route=\/wp\/v2\/types\/post"}],"author":[{"embeddable":true,"href":"http:\/\/folhadosudeste.com\/site\/index.php?rest_route=\/wp\/v2\/users\/2"}],"replies":[{"embeddable":true,"href":"http:\/\/folhadosudeste.com\/site\/index.php?rest_route=%2Fwp%2Fv2%2Fcomments&post=41818"}],"version-history":[{"count":3,"href":"http:\/\/folhadosudeste.com\/site\/index.php?rest_route=\/wp\/v2\/posts\/41818\/revisions"}],"predecessor-version":[{"id":41857,"href":"http:\/\/folhadosudeste.com\/site\/index.php?rest_route=\/wp\/v2\/posts\/41818\/revisions\/41857"}],"wp:featuredmedia":[{"embeddable":true,"href":"http:\/\/folhadosudeste.com\/site\/index.php?rest_route=\/wp\/v2\/media\/41820"}],"wp:attachment":[{"href":"http:\/\/folhadosudeste.com\/site\/index.php?rest_route=%2Fwp%2Fv2%2Fmedia&parent=41818"}],"wp:term":[{"taxonomy":"category","embeddable":true,"href":"http:\/\/folhadosudeste.com\/site\/index.php?rest_route=%2Fwp%2Fv2%2Fcategories&post=41818"},{"taxonomy":"post_tag","embeddable":true,"href":"http:\/\/folhadosudeste.com\/site\/index.php?rest_route=%2Fwp%2Fv2%2Ftags&post=41818"}],"curies":[{"name":"wp","href":"https:\/\/api.w.org\/{rel}","templated":true}]}}