{"id":41830,"date":"2017-07-28T15:22:53","date_gmt":"2017-07-28T15:22:53","guid":{"rendered":"http:\/\/folhadosudeste.com\/site\/?p=41830"},"modified":"2017-07-28T16:33:45","modified_gmt":"2017-07-28T16:33:45","slug":"lar-ozanam-instituicao-muriaeense-necessita-de-doacoes","status":"publish","type":"post","link":"http:\/\/folhadosudeste.com\/site\/?p=41830","title":{"rendered":"LAR OZANAM: INSTITUI\u00c7\u00c3O MURIAEENSE NECESSITA DE DOA\u00c7\u00d5ES"},"content":{"rendered":"<p style=\"text-align: justify;\"><a href=\"http:\/\/folhadosudeste.com\/site\/wp-content\/uploads\/2017\/07\/LAR-OZANAM.jpg\"><img loading=\"lazy\" decoding=\"async\" class=\"aligncenter size-full wp-image-41831\" src=\"http:\/\/folhadosudeste.com\/site\/wp-content\/uploads\/2017\/07\/LAR-OZANAM.jpg\" alt=\"\" width=\"620\" height=\"230\" srcset=\"http:\/\/folhadosudeste.com\/site\/wp-content\/uploads\/2017\/07\/LAR-OZANAM.jpg 620w, http:\/\/folhadosudeste.com\/site\/wp-content\/uploads\/2017\/07\/LAR-OZANAM-300x111.jpg 300w\" sizes=\"auto, (max-width: 620px) 100vw, 620px\" \/><\/a><\/p>\n<p style=\"text-align: justify;\">P\u00f3 de caf\u00e9, a\u00e7\u00facar e papel higi\u00eanico: essas s\u00e3o as principais necessidades de doa\u00e7\u00f5es da Obra Unida Lar Ozanam, tradicional institui\u00e7\u00e3o social da cidade, a qual abriga atualmente 48 idosos. Comemorado no dia 26 de julho, o Dia dos Av\u00f3s nos remete aos idosos, que necessitam de carinho, amor e aten\u00e7\u00e3o, assim como os internos do lar.&nbsp;Eles contam com os cuidados e servi\u00e7os prestados por 27 profissionais atuantes: 7 t\u00e9cnicos de enfermagem, 7 cuidadores, 1 enfermeiro, 1 &nbsp;assistente social, 1 psic\u00f3loga, 1 fisioterapeuta, 1 farmac\u00eautica, 1 nutricionista, 2 cozinheiras e 1 auxiliar de cozinha. Al\u00e9m disso, o Lar Ozanam conta com 1 auxiliar de manuten\u00e7\u00e3o, 2 profissionais da administra\u00e7\u00e3o e 1 auxiliar administrativo. Vale lembrar que as pessoas podem visitar os internos todos os dias, das 14h \u00e0s 16h.&nbsp;Elder Moreira, Diretor Administrativo, deixou uma mensagem especial no Dia dos Av\u00f3s: <em>\u201cCom delicadeza nas palavras e ternura no olhar, voc\u00eas s\u00e3o a sabedoria do mundo. Felicidades em seu dia!\u201d<\/em>.<\/p>\n<p style=\"text-align: justify;\">O Lar Ozanam promove eventos beneficentes, sendo o mais tradicional a Festa Junina&nbsp;da casa. Al\u00e9m de alimentos e materiais de limpeza, as pessoas podem contribuir com doa\u00e7\u00f5es em dinheiro, depositando na conta banc\u00e1ria: Banco do Brasil, ag\u00eancia 0286-0, Conta 5161-6. Para um idoso ser abrigado, deve-se fazer um cadastro no Lar Ozanam. Quando surgir uma vaga, ocorre o processo de visita\u00e7\u00e3o na casa do idoso para avaliar as condi\u00e7\u00f5es do mesmo e a situa\u00e7\u00e3o em que vive.&nbsp;Elder Moreira agradece a todos que colaboram com o Lar Ozanam: <em>\u201cNingu\u00e9m \u00e9 nada sozinho. E se queremos fazer algo grande, importante e que nos traga orgulho, precisamos fazer em equipe. Alcan\u00e7ar o sucesso com um esfor\u00e7o coletivo \u00e9 muito mais prazeroso. Que Deus aben\u00e7oe a todos e o nosso muito obrigado\u201d, <\/em>destaca.<\/p>\n<p style=\"text-align: justify;\"><strong>Dia da Vov\u00f3<\/strong><\/p>\n<p style=\"text-align: justify;\">O Dia dos Av\u00f3s \u00e9 comemorado anualmente em 26 de julho. Esta data tem o objetivo de homenagear e agradecer toda a considera\u00e7\u00e3o e carinho que os av\u00f3s, d\u00e3o aos netos. No imagin\u00e1rio popular, os av\u00f3s s\u00e3o considerados como os nossos &#8220;segundos pais&#8221;. S\u00e3o &#8220;respons\u00e1veis&#8221; por mimar e ajudar os netos nas suas travessuras. Para agradecer toda a paci\u00eancia, carinho e aten\u00e7\u00e3o recebida da vov\u00f3 e do vov\u00f4, os netos aproveitam esta data para presente\u00e1-los ou fazer homenagens especiais. Embora seja mais conhecido como Dia da Vov\u00f3, muitas pessoas tamb\u00e9m incluem o Vov\u00f4 na festa. A celebra\u00e7\u00e3o se d\u00e1 em homenagem \u00e0 Santa Ana e S\u00e3o Joaquim, os av\u00f3s de Jesus Cristo, que s\u00e3o considerados os padroeiros de todos os av\u00f3s pela Igreja Cat\u00f3lica. No dia 26 de julho de 1584, o Papa Greg\u00f3rio VIII canonizou os av\u00f3s de Jesus Cristo, por isso a escolha desta data para a comemora\u00e7\u00e3o.<\/p>\n<p>[ngg_images source=&#8221;galleries&#8221; container_ids=&#8221;1068&#8243; display_type=&#8221;photocrati-nextgen_basic_thumbnails&#8221; override_thumbnail_settings=&#8221;0&#8243; thumbnail_width=&#8221;100&#8243; thumbnail_height=&#8221;75&#8243; thumbnail_crop=&#8221;1&#8243; images_per_page=&#8221;0&#8243; number_of_columns=&#8221;0&#8243; ajax_pagination=&#8221;0&#8243; show_all_in_lightbox=&#8221;0&#8243; use_imagebrowser_effect=&#8221;0&#8243; show_slideshow_link=&#8221;1&#8243; slideshow_link_text=&#8221;[Show as slideshow]&#8221; order_by=&#8221;sortorder&#8221; order_direction=&#8221;ASC&#8221; returns=&#8221;included&#8221; maximum_entity_count=&#8221;500&#8243;]<\/p>\n","protected":false},"excerpt":{"rendered":"<p>P\u00f3 de caf\u00e9, a\u00e7\u00facar e papel higi\u00eanico: essas s\u00e3o as principais necessidades de doa\u00e7\u00f5es da Obra Unida Lar Ozanam, tradicional institui\u00e7\u00e3o social da cidade, a qual abriga atualmente 48 idosos. Comemorado no dia 26 de julho, o Dia dos Av\u00f3s nos remete aos idosos, que necessitam de carinho, amor e aten\u00e7\u00e3o, assim como os internos [&hellip;]<\/p>\n","protected":false},"author":2,"featured_media":41832,"comment_status":"open","ping_status":"closed","sticky":false,"template":"","format":"standard","meta":{"_joinchat":[],"footnotes":""},"categories":[1],"tags":[],"class_list":["post-41830","post","type-post","status-publish","format-standard","has-post-thumbnail","hentry","category-sem-categoria"],"_links":{"self":[{"href":"http:\/\/folhadosudeste.com\/site\/index.php?rest_route=\/wp\/v2\/posts\/41830","targetHints":{"allow":["GET"]}}],"collection":[{"href":"http:\/\/folhadosudeste.com\/site\/index.php?rest_route=\/wp\/v2\/posts"}],"about":[{"href":"http:\/\/folhadosudeste.com\/site\/index.php?rest_route=\/wp\/v2\/types\/post"}],"author":[{"embeddable":true,"href":"http:\/\/folhadosudeste.com\/site\/index.php?rest_route=\/wp\/v2\/users\/2"}],"replies":[{"embeddable":true,"href":"http:\/\/folhadosudeste.com\/site\/index.php?rest_route=%2Fwp%2Fv2%2Fcomments&post=41830"}],"version-history":[{"count":3,"href":"http:\/\/folhadosudeste.com\/site\/index.php?rest_route=\/wp\/v2\/posts\/41830\/revisions"}],"predecessor-version":[{"id":41883,"href":"http:\/\/folhadosudeste.com\/site\/index.php?rest_route=\/wp\/v2\/posts\/41830\/revisions\/41883"}],"wp:featuredmedia":[{"embeddable":true,"href":"http:\/\/folhadosudeste.com\/site\/index.php?rest_route=\/wp\/v2\/media\/41832"}],"wp:attachment":[{"href":"http:\/\/folhadosudeste.com\/site\/index.php?rest_route=%2Fwp%2Fv2%2Fmedia&parent=41830"}],"wp:term":[{"taxonomy":"category","embeddable":true,"href":"http:\/\/folhadosudeste.com\/site\/index.php?rest_route=%2Fwp%2Fv2%2Fcategories&post=41830"},{"taxonomy":"post_tag","embeddable":true,"href":"http:\/\/folhadosudeste.com\/site\/index.php?rest_route=%2Fwp%2Fv2%2Ftags&post=41830"}],"curies":[{"name":"wp","href":"https:\/\/api.w.org\/{rel}","templated":true}]}}