{"id":41834,"date":"2017-07-28T15:23:57","date_gmt":"2017-07-28T15:23:57","guid":{"rendered":"http:\/\/folhadosudeste.com\/site\/?p=41834"},"modified":"2017-07-28T16:35:25","modified_gmt":"2017-07-28T16:35:25","slug":"muriae-prev-participa-da-reuniao-do-programa-bolsa-estagio-atitude-jovem","status":"publish","type":"post","link":"http:\/\/folhadosudeste.com\/site\/?p=41834","title":{"rendered":"MURIA\u00c9-PREV PARTICIPA DA REUNI\u00c3O DO PROGRAMA BOLSA EST\u00c1GIO ATITUDE JOVEM"},"content":{"rendered":"<p style=\"text-align: justify;\"><a href=\"http:\/\/folhadosudeste.com\/site\/wp-content\/uploads\/2017\/07\/MURIAE-PREV.jpeg\"><img loading=\"lazy\" decoding=\"async\" class=\"aligncenter size-full wp-image-41835\" src=\"http:\/\/folhadosudeste.com\/site\/wp-content\/uploads\/2017\/07\/MURIAE-PREV.jpeg\" alt=\"\" width=\"620\" height=\"224\" srcset=\"http:\/\/folhadosudeste.com\/site\/wp-content\/uploads\/2017\/07\/MURIAE-PREV.jpeg 620w, http:\/\/folhadosudeste.com\/site\/wp-content\/uploads\/2017\/07\/MURIAE-PREV-300x108.jpeg 300w\" sizes=\"auto, (max-width: 620px) 100vw, 620px\" \/><\/a><\/p>\n<p style=\"text-align: justify;\">Aconteceu nesta quarta-feira, dia 26\/07\/2017, no Teatro Zaccarias Marques, a reuni\u00e3o do Programa Bolsa Est\u00e1gio Atitude Jovem, promovido pela Secretaria Municipal de Desenvolvimento Social. Al\u00e9m dos jovens do programa e seus familiares, estavam presentes v\u00e1rias autoridades como o senhor Prefeito Grego, a Secret\u00e1ria de Desenvolvimento Social, Giselle Braga de Aquino, a Coordenada do projeto Cida, o Superintendente Regional de Ensino, Sandro Carrizo, a Coordenadora da Secretaria de Fazenda, Isabelle Cardoso de Morais, o Coordenador da Juventude Wesley da Fundarte, os vereadores Jair Abreu, Ademar Camerino, Evandro Cheiroso e Helena Carvalho. Representando o MURIA\u00c9-PREV, o Presidente Ant\u00f4nio Jos\u00e9 Pereira de Oliveira.&nbsp; A reuni\u00e3o foi voltada para os jovens que est\u00e3o inseridos no programa, com palestras important\u00edssimas, voltadas para a inser\u00e7\u00e3o do jovem no mercado de trabalho.<\/p>\n<p style=\"text-align: justify;\">Para o Presidente do MURIA\u00c9-PREV, o programa \u00e9 \u00f3timo para jovens em busca do primeiro emprego, principalmente os que buscam uma qualifica\u00e7\u00e3o profissional para iniciar no mercado de trabalho, tendo n\u00e3o apenas experi\u00eancia pr\u00e1tica, mas tamb\u00e9m a conviv\u00eancia no ambiente de trabalho e um aprendizado essencial para uma vida futura. \u201cPreparar futuros profissionais \u00e9 a proposta desse programa, que possui o apoio e a implementa\u00e7\u00e3o da Prefeitura Municipal, atrav\u00e9s da Secretaria de Desenvolvimento Social. Os jovens s\u00e3o distribu\u00eddos por v\u00e1rias secretarias da Administra\u00e7\u00e3o direta e indireta, ou outros \u00f3rg\u00e3os p\u00fablicos. O MURIA\u00c9-PREV j\u00e1 \u00e9 parceiro do programa desde 2012, sendo que neste per\u00edodo j\u00e1 passaram v\u00e1rios jovens pelo \u00f3rg\u00e3o. Atualmente o MURIA\u00c9-PREV conta com 3 jovens: Isadora, Renan e Gabriela, sendo todos colaboradores nas tarefas di\u00e1rias. S\u00e3o de muita responsabilidade e disciplina. \u00c9 o momento para o jovem demonstrar motiva\u00e7\u00e3o, interesse, iniciativa, responsabilidade e, principalmente, como o programa diz, ter Atitude Jovem. Nessa fase, mais do que demonstrar compet\u00eancia t\u00e9cnica na execu\u00e7\u00e3o de tarefas, o aspecto comportamental \u00e9 de suma import\u00e2ncia. \u00c9 importante que o jovem demonstre interesse em aprender, mostre-se dispon\u00edvel e saiba se comportar e se relacionar dentro do ambiente de trabalho. Naturalmente, no caso do Est\u00e1gio, \u00e9 desej\u00e1vel que o jovem tenha compet\u00eancia t\u00e9cnica, mas \u00e9 ainda mais importante que ele saiba se comportar de forma adequada. Enfim, a Prefeitura, a Secretaria e os jovens est\u00e3o de parab\u00e9ns pelo programa. Que continuem colocando essa juventude no primeiro emprego\u201d, finaliza Ant\u00f4nio Jos\u00e9.<\/p>\n<p>[ngg_images source=&#8221;galleries&#8221; container_ids=&#8221;1069&#8243; display_type=&#8221;photocrati-nextgen_basic_thumbnails&#8221; override_thumbnail_settings=&#8221;0&#8243; thumbnail_width=&#8221;100&#8243; thumbnail_height=&#8221;75&#8243; thumbnail_crop=&#8221;1&#8243; images_per_page=&#8221;0&#8243; number_of_columns=&#8221;0&#8243; ajax_pagination=&#8221;0&#8243; show_all_in_lightbox=&#8221;0&#8243; use_imagebrowser_effect=&#8221;0&#8243; show_slideshow_link=&#8221;1&#8243; slideshow_link_text=&#8221;[Show as slideshow]&#8221; order_by=&#8221;sortorder&#8221; order_direction=&#8221;ASC&#8221; returns=&#8221;included&#8221; maximum_entity_count=&#8221;500&#8243;]<\/p>\n","protected":false},"excerpt":{"rendered":"<p>Aconteceu nesta quarta-feira, dia 26\/07\/2017, no Teatro Zaccarias Marques, a reuni\u00e3o do Programa Bolsa Est\u00e1gio Atitude Jovem, promovido pela Secretaria Municipal de Desenvolvimento Social. Al\u00e9m dos jovens do programa e seus familiares, estavam presentes v\u00e1rias autoridades como o senhor Prefeito Grego, a Secret\u00e1ria de Desenvolvimento Social, Giselle Braga de Aquino, a Coordenada do projeto Cida, [&hellip;]<\/p>\n","protected":false},"author":2,"featured_media":41835,"comment_status":"open","ping_status":"closed","sticky":false,"template":"","format":"standard","meta":{"_joinchat":[],"footnotes":""},"categories":[1],"tags":[],"class_list":["post-41834","post","type-post","status-publish","format-standard","has-post-thumbnail","hentry","category-sem-categoria"],"_links":{"self":[{"href":"http:\/\/folhadosudeste.com\/site\/index.php?rest_route=\/wp\/v2\/posts\/41834","targetHints":{"allow":["GET"]}}],"collection":[{"href":"http:\/\/folhadosudeste.com\/site\/index.php?rest_route=\/wp\/v2\/posts"}],"about":[{"href":"http:\/\/folhadosudeste.com\/site\/index.php?rest_route=\/wp\/v2\/types\/post"}],"author":[{"embeddable":true,"href":"http:\/\/folhadosudeste.com\/site\/index.php?rest_route=\/wp\/v2\/users\/2"}],"replies":[{"embeddable":true,"href":"http:\/\/folhadosudeste.com\/site\/index.php?rest_route=%2Fwp%2Fv2%2Fcomments&post=41834"}],"version-history":[{"count":3,"href":"http:\/\/folhadosudeste.com\/site\/index.php?rest_route=\/wp\/v2\/posts\/41834\/revisions"}],"predecessor-version":[{"id":41899,"href":"http:\/\/folhadosudeste.com\/site\/index.php?rest_route=\/wp\/v2\/posts\/41834\/revisions\/41899"}],"wp:featuredmedia":[{"embeddable":true,"href":"http:\/\/folhadosudeste.com\/site\/index.php?rest_route=\/wp\/v2\/media\/41835"}],"wp:attachment":[{"href":"http:\/\/folhadosudeste.com\/site\/index.php?rest_route=%2Fwp%2Fv2%2Fmedia&parent=41834"}],"wp:term":[{"taxonomy":"category","embeddable":true,"href":"http:\/\/folhadosudeste.com\/site\/index.php?rest_route=%2Fwp%2Fv2%2Fcategories&post=41834"},{"taxonomy":"post_tag","embeddable":true,"href":"http:\/\/folhadosudeste.com\/site\/index.php?rest_route=%2Fwp%2Fv2%2Ftags&post=41834"}],"curies":[{"name":"wp","href":"https:\/\/api.w.org\/{rel}","templated":true}]}}