{"id":41838,"date":"2017-07-28T15:25:01","date_gmt":"2017-07-28T15:25:01","guid":{"rendered":"http:\/\/folhadosudeste.com\/site\/?p=41838"},"modified":"2017-07-28T16:37:21","modified_gmt":"2017-07-28T16:37:21","slug":"grande-publico-da-regiao-prestigia-exposicao-de-sao-francisco-do-gloria","status":"publish","type":"post","link":"http:\/\/folhadosudeste.com\/site\/?p=41838","title":{"rendered":"GRANDE P\u00daBLICO DA REGI\u00c3O PRESTIGIA EXPOSI\u00c7\u00c3O DE S\u00c3O FRANCISCO DO GL\u00d3RIA"},"content":{"rendered":"<p style=\"text-align: justify;\"><a href=\"http:\/\/folhadosudeste.com\/site\/wp-content\/uploads\/2017\/07\/SFG.jpg\"><img loading=\"lazy\" decoding=\"async\" class=\"aligncenter size-full wp-image-41839\" src=\"http:\/\/folhadosudeste.com\/site\/wp-content\/uploads\/2017\/07\/SFG.jpg\" alt=\"\" width=\"620\" height=\"244\" srcset=\"http:\/\/folhadosudeste.com\/site\/wp-content\/uploads\/2017\/07\/SFG.jpg 620w, http:\/\/folhadosudeste.com\/site\/wp-content\/uploads\/2017\/07\/SFG-300x118.jpg 300w\" sizes=\"auto, (max-width: 620px) 100vw, 620px\" \/><\/a><\/p>\n<p style=\"text-align: justify;\">Foi realizada, no \u00faltimo final de semana, a 31\u00aa Exposi\u00e7\u00e3o Agropecu\u00e1ria &amp; Concurso Leiteiro e 29\u00aa Festa do Franciscano Ausente de S\u00e3o Francisco do Gl\u00f3ria. Com uma programa\u00e7\u00e3o bem diversificada para agradar os visitantes e os mun\u00edcipes, o evento contou com um grande p\u00fablico do munic\u00edpio e de toda a regi\u00e3o. Na quinta (20), aconteceu o show de Tony Explos\u00e3o do Forr\u00f3. Na sexta (21), foi realizada a Abertura Oficial, com a presen\u00e7a de prefeitos e vice-prefeitos da regi\u00e3o, vereadores e secret\u00e1rios da cidade e demais autoridades estaduais e federais. Logo ap\u00f3s seguiu com o show de Mariana Fagundes e Banda Zem. J\u00e1 no s\u00e1bado (22), foi a vez do show de Marcelo &amp; Alessandro e DJ Thiago Costa. Por fim, no domingo (23), para encerrar com chave de ouro, teve os shows da Banda Inconfidentes e Beijo Apimentado.<\/p>\n<p style=\"text-align: justify;\">Walace Ferreira Pedrosa \u00e9 prefeito de S\u00e3o Francisco do Gl\u00f3ria pelo primeiro mandato, com apenas sete meses de administra\u00e7\u00e3o e j\u00e1 conseguiu trazer v\u00e1rios shows de sucesso para a cidade. Segundo ele, essa festa foi um desafio, pois \u00e9 tradicional do munic\u00edpio e eles n\u00e3o poderiam deixar a popula\u00e7\u00e3o sem essa oportunidade de divers\u00e3o. Ele lembra que muitos falavam que seria uma festa pequena, mas, pelo contr\u00e1rio, o parque ficou lotado, com grande p\u00fablico da regi\u00e3o. <em>\u201c\u00c9 uma honra vermos essa grande participa\u00e7\u00e3o e prest\u00edgio da popula\u00e7\u00e3o. Realizamos nosso 31\u00ba Concurso Leiteiro e a 1\u00aa mostra de gado do Programa de Insemina\u00e7\u00e3o Artificial da cidade. \u00c9 uma honra muito grande estar \u00e0 frente do munic\u00edpio. \u00c9 de conhecimento de todos as dificuldades que o pa\u00eds atravessa e pedimos a colabora\u00e7\u00e3o do povo. Quando promovemos um evento dessa magnitude, n\u00e3o pensamos somente no povo do munic\u00edpio, mas tamb\u00e9m nos visitantes que v\u00eam abrilhantar a nossa festa. A economia do local gira e isso \u00e9 um privil\u00e9gio para n\u00f3s. A proje\u00e7\u00e3o do parque era para 4,3 mil pessoas, com as mudan\u00e7as feitas pela administra\u00e7\u00e3o, acreditamos que dobrou a capacidade, trazendo assim mais seguran\u00e7a a todos que participam das Exposi\u00e7\u00e3o. Fomos criticados pelas mudan\u00e7as feita na parte estrutural do Parque, mais estamos mostrando no tel\u00e3o em 3D como ficar\u00e1 o parque com as mudan\u00e7as propostas em nosso projeto, e estamos em busca de recurso com o governo para o complemento das obras. Acredito tamb\u00e9m que, at\u00e9 o final do ano de 2018, conseguiremos iniciar e terminar as obras do loteamento popular da COHAB. Mas do parque e da pra\u00e7a j\u00e1 estamos em busca de parcerias para concretizar essas obras e estamos trabalhando para que o parque n\u00e3o s\u00f3 melhore as festas, mas tamb\u00e9m a qualidade de vida da nossa popula\u00e7\u00e3o. Projetamos uma pista de caminhada e uma academia ao ar livre, queremos que a popula\u00e7\u00e3o utilize mais deste espa\u00e7o do parque durante todo o ano.\u201d,<\/em> afirma.<\/p>\n<p>[ngg_images source=&#8221;galleries&#8221; container_ids=&#8221;1070&#8243; display_type=&#8221;photocrati-nextgen_basic_thumbnails&#8221; override_thumbnail_settings=&#8221;0&#8243; thumbnail_width=&#8221;100&#8243; thumbnail_height=&#8221;75&#8243; thumbnail_crop=&#8221;1&#8243; images_per_page=&#8221;0&#8243; number_of_columns=&#8221;0&#8243; ajax_pagination=&#8221;0&#8243; show_all_in_lightbox=&#8221;0&#8243; use_imagebrowser_effect=&#8221;0&#8243; show_slideshow_link=&#8221;1&#8243; slideshow_link_text=&#8221;[Show as slideshow]&#8221; order_by=&#8221;sortorder&#8221; order_direction=&#8221;ASC&#8221; returns=&#8221;included&#8221; maximum_entity_count=&#8221;500&#8243;]<\/p>\n","protected":false},"excerpt":{"rendered":"<p>Foi realizada, no \u00faltimo final de semana, a 31\u00aa Exposi\u00e7\u00e3o Agropecu\u00e1ria &amp; Concurso Leiteiro e 29\u00aa Festa do Franciscano Ausente de S\u00e3o Francisco do Gl\u00f3ria. Com uma programa\u00e7\u00e3o bem diversificada para agradar os visitantes e os mun\u00edcipes, o evento contou com um grande p\u00fablico do munic\u00edpio e de toda a regi\u00e3o. Na quinta (20), aconteceu [&hellip;]<\/p>\n","protected":false},"author":2,"featured_media":41839,"comment_status":"open","ping_status":"closed","sticky":false,"template":"","format":"standard","meta":{"_joinchat":[],"footnotes":""},"categories":[1],"tags":[],"class_list":["post-41838","post","type-post","status-publish","format-standard","has-post-thumbnail","hentry","category-sem-categoria"],"_links":{"self":[{"href":"http:\/\/folhadosudeste.com\/site\/index.php?rest_route=\/wp\/v2\/posts\/41838","targetHints":{"allow":["GET"]}}],"collection":[{"href":"http:\/\/folhadosudeste.com\/site\/index.php?rest_route=\/wp\/v2\/posts"}],"about":[{"href":"http:\/\/folhadosudeste.com\/site\/index.php?rest_route=\/wp\/v2\/types\/post"}],"author":[{"embeddable":true,"href":"http:\/\/folhadosudeste.com\/site\/index.php?rest_route=\/wp\/v2\/users\/2"}],"replies":[{"embeddable":true,"href":"http:\/\/folhadosudeste.com\/site\/index.php?rest_route=%2Fwp%2Fv2%2Fcomments&post=41838"}],"version-history":[{"count":3,"href":"http:\/\/folhadosudeste.com\/site\/index.php?rest_route=\/wp\/v2\/posts\/41838\/revisions"}],"predecessor-version":[{"id":41937,"href":"http:\/\/folhadosudeste.com\/site\/index.php?rest_route=\/wp\/v2\/posts\/41838\/revisions\/41937"}],"wp:featuredmedia":[{"embeddable":true,"href":"http:\/\/folhadosudeste.com\/site\/index.php?rest_route=\/wp\/v2\/media\/41839"}],"wp:attachment":[{"href":"http:\/\/folhadosudeste.com\/site\/index.php?rest_route=%2Fwp%2Fv2%2Fmedia&parent=41838"}],"wp:term":[{"taxonomy":"category","embeddable":true,"href":"http:\/\/folhadosudeste.com\/site\/index.php?rest_route=%2Fwp%2Fv2%2Fcategories&post=41838"},{"taxonomy":"post_tag","embeddable":true,"href":"http:\/\/folhadosudeste.com\/site\/index.php?rest_route=%2Fwp%2Fv2%2Ftags&post=41838"}],"curies":[{"name":"wp","href":"https:\/\/api.w.org\/{rel}","templated":true}]}}