{"id":41955,"date":"2017-07-31T13:37:46","date_gmt":"2017-07-31T13:37:46","guid":{"rendered":"http:\/\/folhadosudeste.com\/site\/?p=41955"},"modified":"2017-07-31T13:37:46","modified_gmt":"2017-07-31T13:37:46","slug":"profissionais-da-saude-participam-de-capacitacao-com-samu","status":"publish","type":"post","link":"http:\/\/folhadosudeste.com\/site\/?p=41955","title":{"rendered":"PROFISSIONAIS DA SA\u00daDE PARTICIPAM DE CAPACITA\u00c7\u00c3O COM SAMU"},"content":{"rendered":"<p align=\"center\"><a href=\"http:\/\/folhadosudeste.com\/site\/wp-content\/uploads\/2017\/07\/IMG_2370.jpg\"><img loading=\"lazy\" decoding=\"async\" class=\"aligncenter wp-image-41956 size-large\" src=\"http:\/\/folhadosudeste.com\/site\/wp-content\/uploads\/2017\/07\/IMG_2370-1024x768.jpg\" alt=\"\" width=\"620\" height=\"465\" srcset=\"http:\/\/folhadosudeste.com\/site\/wp-content\/uploads\/2017\/07\/IMG_2370-1024x768.jpg 1024w, http:\/\/folhadosudeste.com\/site\/wp-content\/uploads\/2017\/07\/IMG_2370-300x225.jpg 300w, http:\/\/folhadosudeste.com\/site\/wp-content\/uploads\/2017\/07\/IMG_2370-768x576.jpg 768w, http:\/\/folhadosudeste.com\/site\/wp-content\/uploads\/2017\/07\/IMG_2370.jpg 1500w\" sizes=\"auto, (max-width: 620px) 100vw, 620px\" \/><\/a><\/p>\n<p class=\"m_1795984272299997192gmail-MsoNoSpacing\" style=\"text-align: justify;\" align=\"center\"><i>Objetivo \u00e9 oferecer atendimento de urg\u00eancia e emerg\u00eancia mais eficiente aos muriaeenses<\/i><\/p>\n<p class=\"m_1795984272299997192gmail-MsoNoSpacing\" style=\"text-align: justify;\">Enfermeiros coordenadores das Unidades B\u00e1sicas de Sa\u00fade de Muria\u00e9 participaram de uma capacita\u00e7\u00e3o com os instrutores do N\u00facleo de Educa\u00e7\u00e3o Permanente do Samu. A a\u00e7\u00e3o ocorreu na manh\u00e3 da \u00faltima sexta-feira (28), no Grande Hotel Muriah\u00e9 e teve objetivo de oferecer melhor atendimento aos muriaeenses, promovendo uma sa\u00fade p\u00fablica de mais qualidade.<\/p>\n<p class=\"m_1795984272299997192gmail-MsoNoSpacing\" style=\"text-align: justify;\">Dividido em duas fases (te\u00f3rica e pr\u00e1tica), os enfermeiros foram orientados sobre quais procedimentos adotar em casos de mal s\u00fabito, como desmaios, paradas card\u00edaca e respirat\u00f3ria, acidentes, entre outros. A capacita\u00e7\u00e3o tamb\u00e9m possibilita que o trabalho dos profissionais da Sa\u00fade de Muria\u00e9 e do Samu, que \u00e0s vezes atuam de forma conjunta, seja realizado com mais sincronia. \u201c\u00c9 importante que esses dois setores \u2018falem\u2019 a mesma linguagem para melhorar o socorro \u00e0s pessoas e poder salvar mais vidas\u201d, considera o secret\u00e1rio Municipal de Sa\u00fade, Paulo C\u00e9sar de Oliveira.<\/p>\n<p class=\"m_1795984272299997192gmail-MsoNoSpacing\" style=\"text-align: justify;\">O prefeito Grego frisa que a atualiza\u00e7\u00e3o dos profissionais \u00e9 importante para oferecer melhor atendimento aos muriaeenses. \u201cA popula\u00e7\u00e3o que utiliza os servi\u00e7os p\u00fablicos de sa\u00fade s\u00e3o os mais beneficiados com essa capacita\u00e7\u00e3o, pois os enfermeiros, estando melhor orientados e utilizando novas t\u00e9cnicas, poder\u00e3o atender os muriaeenses de forma mais eficiente\u201d, salienta.&nbsp;<\/p>\n","protected":false},"excerpt":{"rendered":"<p>Objetivo \u00e9 oferecer atendimento de urg\u00eancia e emerg\u00eancia mais eficiente aos muriaeenses Enfermeiros coordenadores das Unidades B\u00e1sicas de Sa\u00fade de Muria\u00e9 participaram de uma capacita\u00e7\u00e3o com os instrutores do N\u00facleo de Educa\u00e7\u00e3o Permanente do Samu. A a\u00e7\u00e3o ocorreu na manh\u00e3 da \u00faltima sexta-feira (28), no Grande Hotel Muriah\u00e9 e teve objetivo de oferecer melhor atendimento [&hellip;]<\/p>\n","protected":false},"author":6,"featured_media":41956,"comment_status":"open","ping_status":"closed","sticky":false,"template":"","format":"standard","meta":{"_joinchat":[],"footnotes":""},"categories":[1],"tags":[],"class_list":["post-41955","post","type-post","status-publish","format-standard","has-post-thumbnail","hentry","category-sem-categoria"],"_links":{"self":[{"href":"http:\/\/folhadosudeste.com\/site\/index.php?rest_route=\/wp\/v2\/posts\/41955","targetHints":{"allow":["GET"]}}],"collection":[{"href":"http:\/\/folhadosudeste.com\/site\/index.php?rest_route=\/wp\/v2\/posts"}],"about":[{"href":"http:\/\/folhadosudeste.com\/site\/index.php?rest_route=\/wp\/v2\/types\/post"}],"author":[{"embeddable":true,"href":"http:\/\/folhadosudeste.com\/site\/index.php?rest_route=\/wp\/v2\/users\/6"}],"replies":[{"embeddable":true,"href":"http:\/\/folhadosudeste.com\/site\/index.php?rest_route=%2Fwp%2Fv2%2Fcomments&post=41955"}],"version-history":[{"count":1,"href":"http:\/\/folhadosudeste.com\/site\/index.php?rest_route=\/wp\/v2\/posts\/41955\/revisions"}],"predecessor-version":[{"id":41957,"href":"http:\/\/folhadosudeste.com\/site\/index.php?rest_route=\/wp\/v2\/posts\/41955\/revisions\/41957"}],"wp:featuredmedia":[{"embeddable":true,"href":"http:\/\/folhadosudeste.com\/site\/index.php?rest_route=\/wp\/v2\/media\/41956"}],"wp:attachment":[{"href":"http:\/\/folhadosudeste.com\/site\/index.php?rest_route=%2Fwp%2Fv2%2Fmedia&parent=41955"}],"wp:term":[{"taxonomy":"category","embeddable":true,"href":"http:\/\/folhadosudeste.com\/site\/index.php?rest_route=%2Fwp%2Fv2%2Fcategories&post=41955"},{"taxonomy":"post_tag","embeddable":true,"href":"http:\/\/folhadosudeste.com\/site\/index.php?rest_route=%2Fwp%2Fv2%2Ftags&post=41955"}],"curies":[{"name":"wp","href":"https:\/\/api.w.org\/{rel}","templated":true}]}}