{"id":41958,"date":"2017-07-31T13:40:19","date_gmt":"2017-07-31T13:40:19","guid":{"rendered":"http:\/\/folhadosudeste.com\/site\/?p=41958"},"modified":"2017-07-31T13:40:19","modified_gmt":"2017-07-31T13:40:19","slug":"festas-julhinas-animam-cras-de-muriae","status":"publish","type":"post","link":"http:\/\/folhadosudeste.com\/site\/?p=41958","title":{"rendered":"FESTAS JULHINAS ANIMAM CRAS DE MURIA\u00c9"},"content":{"rendered":"<p align=\"center\"><a href=\"http:\/\/folhadosudeste.com\/site\/wp-content\/uploads\/2017\/07\/IMG_1869.jpg\"><img loading=\"lazy\" decoding=\"async\" class=\"aligncenter wp-image-41959 size-large\" src=\"http:\/\/folhadosudeste.com\/site\/wp-content\/uploads\/2017\/07\/IMG_1869-1024x768.jpg\" alt=\"\" width=\"620\" height=\"465\" srcset=\"http:\/\/folhadosudeste.com\/site\/wp-content\/uploads\/2017\/07\/IMG_1869-1024x768.jpg 1024w, http:\/\/folhadosudeste.com\/site\/wp-content\/uploads\/2017\/07\/IMG_1869-300x225.jpg 300w, http:\/\/folhadosudeste.com\/site\/wp-content\/uploads\/2017\/07\/IMG_1869-768x576.jpg 768w, http:\/\/folhadosudeste.com\/site\/wp-content\/uploads\/2017\/07\/IMG_1869.jpg 1280w\" sizes=\"auto, (max-width: 620px) 100vw, 620px\" \/><\/a><\/p>\n<p class=\"m_-8303431056972917901gmail-MsoNoSpacing\" style=\"text-align: justify;\" align=\"center\"><i>\u201cArrai\u00e1s\u201d levaram lazer e alegria aos usu\u00e1rios dos servi\u00e7os sociais oferecidos pela Prefeitura<\/i><\/p>\n<p class=\"m_-8303431056972917901gmail-MsoNoSpacing\" style=\"text-align: justify;\">&nbsp;Alegria e divers\u00e3o marcaram os \u201carrai\u00e1s\u201d dos Centros de Refer\u00eancia de Assist\u00eancia Social (CRAS) de Muria\u00e9. A Prefeitura de Muria\u00e9 preparou uma programa\u00e7\u00e3o diversificada,&nbsp;entre os dias 21 e 27 deste m\u00eas,&nbsp;com o objetivo de resgatar a tradi\u00e7\u00e3o cultural das festas julhinas, proporcionar momentos de lazer e promover o fortalecimento de v\u00ednculos com os usu\u00e1rios do servi\u00e7o.<\/p>\n<p class=\"m_-8303431056972917901gmail-MsoNoSpacing\" style=\"text-align: justify;\">A programa\u00e7\u00e3o contou com apresenta\u00e7\u00e3o de quadrilha e brincadeiras. Tamb\u00e9m foram servidas comidas e bebidas t\u00edpicas. Nos CRAS Santa Terezinha, Aeroporto e Vermelho houve a participa\u00e7\u00e3o do Sesc, com a quadrilha dos idosos se apresentando em cada um desses dispositivos.&nbsp;\u201cA festa est\u00e1 muito animada. Sempre que o CRAS promove algum evento, eu e minha fam\u00edlia fazemos quest\u00e3o de participar, pois \u00e9 tudo muito bem organizado\u201d, conta Cristiana Baia, que utiliza os servi\u00e7os do CRAS Vermelho.<\/p>\n<p class=\"m_-8303431056972917901gmail-MsoNoSpacing\" style=\"text-align: justify;\">O prefeito Grego, que participou das festividades juntamente com a secret\u00e1ria Municipal de Desenvolvimento Social, Giselle Braga, afirma que eventos como este aproximam a Administra\u00e7\u00e3o das pessoas atendidas pelos CRAS, al\u00e9m de proporcionar a elas momentos de lazer. \u201cEstamos trabalhando para promover o bem-estar de nossa popula\u00e7\u00e3o. Temos uma aten\u00e7\u00e3o especial para os servi\u00e7os sociais, para melhorar cada dia mais o atendimento aos muriaeenses nesta e tamb\u00e9m em outras \u00e1reas, dando mais qualidade de vida a eles\u201d, diz.<\/p>\n<p class=\"m_-8303431056972917901gmail-MsoNoSpacing\" style=\"text-align: justify;\"><b>SERVI\u00c7O:<\/b><\/p>\n<p class=\"m_-8303431056972917901gmail-MsoNoSpacing\" style=\"text-align: justify;\">Centros de Refer\u00eancia de Assist\u00eancia Social (CRAS) de Muria\u00e9<\/p>\n<p class=\"m_-8303431056972917901gmail-MsoNoSpacing\" style=\"text-align: justify;\">O Centro de Refer\u00eancia de Assist\u00eancia Social (CRAS) \u00e9 um local p\u00fablico onde s\u00e3o oferecidos os servi\u00e7os de assist\u00eancia social, com o objetivo de fortalecer a conviv\u00eancia com a fam\u00edlia e com a comunidade.<\/p>\n<p class=\"m_-8303431056972917901gmail-MsoNoSpacing\" style=\"text-align: justify;\"><b>CRAS Santa Terezinha<\/b><\/p>\n<p class=\"m_-8303431056972917901gmail-MsoNoSpacing\" style=\"text-align: justify;\">Endere\u00e7o: Rua Bicas, 88, Santa Terezinha<\/p>\n<p class=\"m_-8303431056972917901gmail-MsoNoSpacing\" style=\"text-align: justify;\">Telefone: 3721-4499<\/p>\n<p class=\"m_-8303431056972917901gmail-MsoNoSpacing\" style=\"text-align: justify;\"><b>CRAS Santana<\/b><\/p>\n<p class=\"m_-8303431056972917901gmail-MsoNoSpacing\" style=\"text-align: justify;\">Endere\u00e7o: Rua 15 de Novembro, 20, Santana<\/p>\n<p class=\"m_-8303431056972917901gmail-MsoNoSpacing\" style=\"text-align: justify;\">Telefone: 3729-1217<\/p>\n<p class=\"m_-8303431056972917901gmail-MsoNoSpacing\" style=\"text-align: justify;\"><b>Extens\u00e3o S\u00e3o Joaquim<\/b><\/p>\n<p class=\"m_-8303431056972917901gmail-MsoNoSpacing\" style=\"text-align: justify;\">Endere\u00e7o: Avenida Ant\u00f4nio Tureta, 239, S\u00e3o Joaquim<\/p>\n<p class=\"m_-8303431056972917901gmail-MsoNoSpacing\" style=\"text-align: justify;\">Telefone: 3728-3934<\/p>\n<p class=\"m_-8303431056972917901gmail-MsoNoSpacing\" style=\"text-align: justify;\"><b>CRAS Aeroporto<\/b><\/p>\n<p class=\"m_-8303431056972917901gmail-MsoNoSpacing\" style=\"text-align: justify;\">Endere\u00e7o: Rua Olinda Gardoni, 50, Aeroporto<\/p>\n<p class=\"m_-8303431056972917901gmail-MsoNoSpacing\" style=\"text-align: justify;\">Telefone: 3728-4334<\/p>\n<p class=\"m_-8303431056972917901gmail-MsoNoSpacing\" style=\"text-align: justify;\"><b>CRAS Vermelho<\/b><\/p>\n<p class=\"m_-8303431056972917901gmail-MsoNoSpacing\" style=\"text-align: justify;\">Endere\u00e7o: Rua Luiz Faustino Duarte, 237, Vermelho<\/p>\n<p class=\"m_-8303431056972917901gmail-MsoNoSpacing\" style=\"text-align: justify;\">Telefone: 3711-5346&nbsp;<\/p>\n<p class=\"m_-8303431056972917901gmail-MsoNoSpacing\" style=\"text-align: justify;\"><i>*Os CRAS funcionam de segunda a sexta-feira, de 7h30min \u00e0s 17h&nbsp;<\/i><\/p>\n","protected":false},"excerpt":{"rendered":"<p>\u201cArrai\u00e1s\u201d levaram lazer e alegria aos usu\u00e1rios dos servi\u00e7os sociais oferecidos pela Prefeitura &nbsp;Alegria e divers\u00e3o marcaram os \u201carrai\u00e1s\u201d dos Centros de Refer\u00eancia de Assist\u00eancia Social (CRAS) de Muria\u00e9. A Prefeitura de Muria\u00e9 preparou uma programa\u00e7\u00e3o diversificada,&nbsp;entre os dias 21 e 27 deste m\u00eas,&nbsp;com o objetivo de resgatar a tradi\u00e7\u00e3o cultural das festas julhinas, proporcionar [&hellip;]<\/p>\n","protected":false},"author":6,"featured_media":41959,"comment_status":"open","ping_status":"closed","sticky":false,"template":"","format":"standard","meta":{"_joinchat":[],"footnotes":""},"categories":[1],"tags":[],"class_list":["post-41958","post","type-post","status-publish","format-standard","has-post-thumbnail","hentry","category-sem-categoria"],"_links":{"self":[{"href":"http:\/\/folhadosudeste.com\/site\/index.php?rest_route=\/wp\/v2\/posts\/41958","targetHints":{"allow":["GET"]}}],"collection":[{"href":"http:\/\/folhadosudeste.com\/site\/index.php?rest_route=\/wp\/v2\/posts"}],"about":[{"href":"http:\/\/folhadosudeste.com\/site\/index.php?rest_route=\/wp\/v2\/types\/post"}],"author":[{"embeddable":true,"href":"http:\/\/folhadosudeste.com\/site\/index.php?rest_route=\/wp\/v2\/users\/6"}],"replies":[{"embeddable":true,"href":"http:\/\/folhadosudeste.com\/site\/index.php?rest_route=%2Fwp%2Fv2%2Fcomments&post=41958"}],"version-history":[{"count":1,"href":"http:\/\/folhadosudeste.com\/site\/index.php?rest_route=\/wp\/v2\/posts\/41958\/revisions"}],"predecessor-version":[{"id":41960,"href":"http:\/\/folhadosudeste.com\/site\/index.php?rest_route=\/wp\/v2\/posts\/41958\/revisions\/41960"}],"wp:featuredmedia":[{"embeddable":true,"href":"http:\/\/folhadosudeste.com\/site\/index.php?rest_route=\/wp\/v2\/media\/41959"}],"wp:attachment":[{"href":"http:\/\/folhadosudeste.com\/site\/index.php?rest_route=%2Fwp%2Fv2%2Fmedia&parent=41958"}],"wp:term":[{"taxonomy":"category","embeddable":true,"href":"http:\/\/folhadosudeste.com\/site\/index.php?rest_route=%2Fwp%2Fv2%2Fcategories&post=41958"},{"taxonomy":"post_tag","embeddable":true,"href":"http:\/\/folhadosudeste.com\/site\/index.php?rest_route=%2Fwp%2Fv2%2Ftags&post=41958"}],"curies":[{"name":"wp","href":"https:\/\/api.w.org\/{rel}","templated":true}]}}