{"id":41969,"date":"2017-08-04T13:58:38","date_gmt":"2017-08-04T13:58:38","guid":{"rendered":"http:\/\/folhadosudeste.com\/site\/?p=41969"},"modified":"2017-08-04T13:58:38","modified_gmt":"2017-08-04T13:58:38","slug":"7a-edicao-gastronomia-na-serra-de-pirapanema","status":"publish","type":"post","link":"http:\/\/folhadosudeste.com\/site\/?p=41969","title":{"rendered":"7\u00aa EDI\u00c7\u00c3O GASTRONOMIA NA SERRA DE PIRAPANEMA"},"content":{"rendered":"<p style=\"text-align: justify;\"><strong>&nbsp;<a href=\"http:\/\/folhadosudeste.com\/site\/wp-content\/uploads\/2017\/08\/GASTRONOMIA-NA-SERRA.jpg\"><img loading=\"lazy\" decoding=\"async\" class=\"aligncenter size-full wp-image-41970\" src=\"http:\/\/folhadosudeste.com\/site\/wp-content\/uploads\/2017\/08\/GASTRONOMIA-NA-SERRA.jpg\" alt=\"\" width=\"620\" height=\"273\" srcset=\"http:\/\/folhadosudeste.com\/site\/wp-content\/uploads\/2017\/08\/GASTRONOMIA-NA-SERRA.jpg 620w, http:\/\/folhadosudeste.com\/site\/wp-content\/uploads\/2017\/08\/GASTRONOMIA-NA-SERRA-300x132.jpg 300w\" sizes=\"auto, (max-width: 620px) 100vw, 620px\" \/><\/a><\/strong><\/p>\n<p style=\"text-align: justify;\">O Governo de Minas Gerais, por meio da CODEMIG, a Prefeitura Municipal de Muria\u00e9, por meio da fundarte e&nbsp;a secretaria municipal de educa\u00e7\u00e3o esporte e lazer convidam para a abertura oficial da 7\u00aa edi\u00e7\u00e3o do festival de gastronomia, jazz e blues e open de parapente do distrito de pirapanema, dia 10 de agosto, \u00e0s 20 horas, no espa\u00e7o gourmet.<\/p>\n<p><strong>PROGRAMA\u00c7\u00c3O:<\/strong><\/p>\n<p style=\"text-align: justify;\"><strong>DIA 10 DE AGOSTO QUINTA-FEIRA<\/strong><\/p>\n<p style=\"text-align: justify;\">19 horas: Abertura dos Restaurantes.<\/p>\n<p style=\"text-align: justify;\">20 horas: Cerim\u00f4nia Oficial de Abertura.<\/p>\n<p style=\"text-align: justify;\">20h:30m: Oficina de Gastronomia.<\/p>\n<p style=\"text-align: justify;\">21 horas: Festim de Gastronomia.<\/p>\n<p style=\"text-align: justify;\">22 horas: Show STEPHAN KURMANN QUINTETO (Sui\u00e7a)<\/p>\n<p style=\"text-align: justify;\"><strong>DIA 11 DE AGOSTO SEXTA-FEIRA<\/strong><\/p>\n<p style=\"text-align: justify;\">18 horas: Feira de Artesanato.<\/p>\n<p style=\"text-align: justify;\">19 horas: In\u00edcio do Funcionamento dos Restaurantes.<\/p>\n<p style=\"text-align: justify;\">Oficina Saudali-Cozinha Mineira Contempor\u00e2nea<\/p>\n<p style=\"text-align: justify;\">20 horas: Show Dixie Jazz nas Ruas<\/p>\n<p style=\"text-align: justify;\">21 horas: Oficina Saudali-Cozinha Mineira Contempor\u00e2nea<\/p>\n<p style=\"text-align: justify;\">22 horas: Show BIG JOE MANFRA convida PEDRO QUENTAL<\/p>\n<p style=\"text-align: justify;\"><strong>DIA 12 DE AGOSTO S\u00c1BADO<\/strong><\/p>\n<p style=\"text-align: justify;\">08 horas: Abertura do Open de Parapente.<\/p>\n<p style=\"text-align: justify;\">10 horas: In\u00edcio dos V\u00f4os.<\/p>\n<p style=\"text-align: justify;\">11 horas: Feira de Artesanato.<\/p>\n<p style=\"text-align: justify;\">12 horas: In\u00edcio do Funcionamento dos Restaurantes.<\/p>\n<p style=\"text-align: justify;\">Atividades Recreativas SESC na Pra\u00e7a.<\/p>\n<p style=\"text-align: justify;\">14 horas: Oficina de Gastronomia Fit: Viva Leve Gourmet.<\/p>\n<p style=\"text-align: justify;\">15 horas: Encerramento dos V\u00f4os.<\/p>\n<p style=\"text-align: justify;\">Ensaio Aberto.<\/p>\n<p style=\"text-align: justify;\">16 horas: Oficina de Glow Cake.<\/p>\n<p style=\"text-align: justify;\">17 horas: Oficina de Percuss\u00e3o com Anderson Joia.<\/p>\n<p style=\"text-align: justify;\">18 horas: Workshop de Cerveja Artesanal &#8211; Renato Sigiliano (Beerlis\u00e1rio).<\/p>\n<p style=\"text-align: justify;\">19 horas: Cinema no Quintal: Lan\u00e7amento do Curta \u2018A LUTA\u2019 de Bruno Bennec.<\/p>\n<p style=\"text-align: justify;\">20 horas: Show BRUNA MORENA e BANDA.<\/p>\n<p style=\"text-align: justify;\">Cinema no Quintal: \u2018A TUA PRESEN\u00c7A\u2019 de Euler Luz<\/p>\n<p style=\"text-align: justify;\">20h:30m: Cinema no Quintal: \u2018OLHOS DE AV\u00d4\u2019 (Infantil) de Marco Andrade.<\/p>\n<p style=\"text-align: justify;\">21 horas: Festim de Gastronomia.<\/p>\n<p style=\"text-align: justify;\">Cinema no Quintal: \u2018COMO ERA GOSTOSO MEU PR\u00cdNCIPE\u2019 de Fernanda de Paula.<\/p>\n<p style=\"text-align: justify;\">22 horas: Show AKI KUMAR e BANDA (\u00cdndia e EUA).<\/p>\n<p style=\"text-align: justify;\"><strong>DIA 13 DE AGOSTO DOMINGO<\/strong><\/p>\n<p style=\"text-align: justify;\">10 horas: In\u00edcio dos V\u00f4os.<\/p>\n<p style=\"text-align: justify;\">Oficina de Gastronomia Infantil.<\/p>\n<p style=\"text-align: justify;\">Atividades Recreativas SESC na Pra\u00e7a.<\/p>\n<p style=\"text-align: justify;\">11 horas: Feira de Artesanato.<\/p>\n<p style=\"text-align: justify;\">Circo Lona do C\u00e9u Palha\u00e7o Picuinha.<\/p>\n<p style=\"text-align: justify;\">Oficina de Gastronomia Infantil<\/p>\n<p style=\"text-align: justify;\">12 horas: Abertura dos Restaurantes.<\/p>\n<p style=\"text-align: justify;\">13 horas: Ensaio Aberto.<\/p>\n<p style=\"text-align: justify;\">14 horas: Oficina de Alimenta\u00e7\u00e3o Saud\u00e1vel para Crian\u00e7as: Magda Castellano (M\u00e3e de Tr\u00eas) e Carol Balliere.<\/p>\n<p style=\"text-align: justify;\">15 horas: Encerramento dos V\u00f4os.<\/p>\n<p style=\"text-align: justify;\">16 horas: Show STONE AGE.<\/p>\n<p style=\"text-align: justify;\">16h:30m: Premia\u00e7\u00e3o dos Pilotos do Open de Parapente.<\/p>\n<p style=\"text-align: justify;\">17 horas: Cinema no Quintal: \u2018A FAM\u00cdLIA DIONTI\u2019 de Alan Minas.<\/p>\n","protected":false},"excerpt":{"rendered":"<p>&nbsp; O Governo de Minas Gerais, por meio da CODEMIG, a Prefeitura Municipal de Muria\u00e9, por meio da fundarte e&nbsp;a secretaria municipal de educa\u00e7\u00e3o esporte e lazer convidam para a abertura oficial da 7\u00aa edi\u00e7\u00e3o do festival de gastronomia, jazz e blues e open de parapente do distrito de pirapanema, dia 10 de agosto, \u00e0s [&hellip;]<\/p>\n","protected":false},"author":2,"featured_media":41970,"comment_status":"open","ping_status":"closed","sticky":false,"template":"","format":"standard","meta":{"_joinchat":[],"footnotes":""},"categories":[1],"tags":[],"class_list":["post-41969","post","type-post","status-publish","format-standard","has-post-thumbnail","hentry","category-sem-categoria"],"_links":{"self":[{"href":"http:\/\/folhadosudeste.com\/site\/index.php?rest_route=\/wp\/v2\/posts\/41969","targetHints":{"allow":["GET"]}}],"collection":[{"href":"http:\/\/folhadosudeste.com\/site\/index.php?rest_route=\/wp\/v2\/posts"}],"about":[{"href":"http:\/\/folhadosudeste.com\/site\/index.php?rest_route=\/wp\/v2\/types\/post"}],"author":[{"embeddable":true,"href":"http:\/\/folhadosudeste.com\/site\/index.php?rest_route=\/wp\/v2\/users\/2"}],"replies":[{"embeddable":true,"href":"http:\/\/folhadosudeste.com\/site\/index.php?rest_route=%2Fwp%2Fv2%2Fcomments&post=41969"}],"version-history":[{"count":1,"href":"http:\/\/folhadosudeste.com\/site\/index.php?rest_route=\/wp\/v2\/posts\/41969\/revisions"}],"predecessor-version":[{"id":41971,"href":"http:\/\/folhadosudeste.com\/site\/index.php?rest_route=\/wp\/v2\/posts\/41969\/revisions\/41971"}],"wp:featuredmedia":[{"embeddable":true,"href":"http:\/\/folhadosudeste.com\/site\/index.php?rest_route=\/wp\/v2\/media\/41970"}],"wp:attachment":[{"href":"http:\/\/folhadosudeste.com\/site\/index.php?rest_route=%2Fwp%2Fv2%2Fmedia&parent=41969"}],"wp:term":[{"taxonomy":"category","embeddable":true,"href":"http:\/\/folhadosudeste.com\/site\/index.php?rest_route=%2Fwp%2Fv2%2Fcategories&post=41969"},{"taxonomy":"post_tag","embeddable":true,"href":"http:\/\/folhadosudeste.com\/site\/index.php?rest_route=%2Fwp%2Fv2%2Ftags&post=41969"}],"curies":[{"name":"wp","href":"https:\/\/api.w.org\/{rel}","templated":true}]}}