{"id":41972,"date":"2017-08-04T13:59:44","date_gmt":"2017-08-04T13:59:44","guid":{"rendered":"http:\/\/folhadosudeste.com\/site\/?p=41972"},"modified":"2017-08-04T13:59:44","modified_gmt":"2017-08-04T13:59:44","slug":"cinema-e-educacao-pautam-festival-em-cataguases","status":"publish","type":"post","link":"http:\/\/folhadosudeste.com\/site\/?p=41972","title":{"rendered":"CINEMA E EDUCA\u00c7\u00c3O PAUTAM FESTIVAL EM CATAGUASES"},"content":{"rendered":"<p style=\"text-align: justify;\"><a href=\"http:\/\/folhadosudeste.com\/site\/wp-content\/uploads\/2017\/08\/CINEMA-CATAGUASES.jpg\"><img loading=\"lazy\" decoding=\"async\" class=\"aligncenter size-full wp-image-41973\" src=\"http:\/\/folhadosudeste.com\/site\/wp-content\/uploads\/2017\/08\/CINEMA-CATAGUASES.jpg\" alt=\"\" width=\"620\" height=\"199\" srcset=\"http:\/\/folhadosudeste.com\/site\/wp-content\/uploads\/2017\/08\/CINEMA-CATAGUASES.jpg 620w, http:\/\/folhadosudeste.com\/site\/wp-content\/uploads\/2017\/08\/CINEMA-CATAGUASES-300x96.jpg 300w\" sizes=\"auto, (max-width: 620px) 100vw, 620px\" \/><\/a><\/p>\n<p style=\"text-align: justify;\">O 5\u00ba Festival Ver e Fazer Filmes &#8211; Edi\u00e7\u00e3o Inverno 2017, realizado em Cataguases de 21 a 29 de julho, promoveu mostras especiais de filmes, com programa\u00e7\u00e3o diferenciada para o p\u00fablico infantil, jovem e adulto, oficinas de jogos educativos e realidade virtual, show musical e muitas outras atra\u00e7\u00f5es.<\/p>\n<p style=\"text-align: justify;\">Destaque na programa\u00e7\u00e3o, a exibi\u00e7\u00e3o e premia\u00e7\u00e3o dos curtas-metragens produzidos por jovens realizadores da regi\u00e3o, lotou o audit\u00f3rio do Centro Cultural Humberto Mauro. Por meio de um edital, o projeto Usina Criativa de Cinema selecionou quatro proponentes, que receberam recursos financeiros e consultorias t\u00e9cnicas para suas produ\u00e7\u00f5es. Esses filmes &#8211; dirigidos por Rafael Ski (Cataguases), Mariana Medeiros (Cataguases), Bruno Rubim (Descoberto), e Diego Neves (Ub\u00e1) &#8211; vieram a p\u00fablico pela primeira vez na noite de s\u00e1bado, e concorreram a pr\u00eamios em diversas categorias. Foram exibidos ainda tr\u00eas curtas do cineasta carioca Cavi Borges, que participou da experi\u00eancia como diretor convidado e envolveu equipe t\u00e9cnica local em suas produ\u00e7\u00f5es. (Veja abaixo quem foram os premiados).<\/p>\n<p style=\"text-align: justify;\">Nesta edi\u00e7\u00e3o, o festival homenageou o cineasta mineiro Helv\u00e9cio Ratton, realizador de filmes que encantaram crian\u00e7as e adultos de v\u00e1rias gera\u00e7\u00f5es, e de outros tantos que lan\u00e7am um olhar cr\u00edtico aos conflitos de nosso tempo, como os de cunho pol\u00edtico ou de den\u00fancia sobre abusos contra os direitos humanos. Com sess\u00f5es \u00e0 tarde e \u00e0 noite, foram exibidos seis filmes do cineasta, premiados no Brasil e no exterior.<\/p>\n<p style=\"text-align: justify;\">Na Mostra ENERGISA, o festival exibiu filmes patrocinados pela empresa em cidades do Polo Audiovisual da Zona da Mata mineira e em outras regi\u00f5es do Brasil. Foram exibidos os filmes: &#8220;Quase Samba&#8221;, de Ricardo Targino; &#8220;Exilados do Vulc\u00e3o&#8221;, de Paula Gait\u00e1n;&nbsp; &#8220;Luneta do Tempo&#8221;, de Alceu Valen\u00e7a; &#8220;Campo de Jogo&#8221;, de Eryk Rocha; &#8220;Deserto&#8221;,de Guilherme Weber.<\/p>\n<p style=\"text-align: justify;\">No Programa Cine Escola Animada, o festival envolveu cerca de 300 estudantes do ensino fundamental e m\u00e9dio, de diversas escolas da Zona da Mata mineira, com exibi\u00e7\u00e3o de filmes seguidas de debates, mediados por profissionais da \u00e1rea de educa\u00e7\u00e3o, audiovisual e ci\u00eancias sociais.&nbsp; Ao todo foram 15 filmes entre obras de fic\u00e7\u00e3o, document\u00e1rios e anima\u00e7\u00e3o, que abordaram temas atuais, pertinentes ao universo da crian\u00e7a e do jovem. A a\u00e7\u00e3o, que teve a parceria do Projeto Escola Animada &#8211; Rede Cineclubes, mobilizou os estudantes para eleger o Melhor Filme da Mostra Infantil e Mostra Juvenil. O resultado foi, respectivamente, o longa &#8220;Meu Pequeno Her\u00f3i N\u00e3o Sabe Voar&#8221;, de Pedro Jorge; e o longa &#8220;Parece Comigo&#8221;, de Kelly Spinelli.<\/p>\n<p style=\"text-align: justify;\">O projeto &#8220;O que queremos para o mundo&#8221;, de Igor Amin e Vinicius Cabral, ambos da Produtora Cocriativa Conte\u00fados Audiovisuais, promoveu uma programa\u00e7\u00e3o transm\u00eddia, com exibi\u00e7\u00e3o de longa-metragem do mesmo nome; uma oficina de Realidade Virtual &#8211; Anima\u00e7\u00e3o 3D, coordenada pelo belga Luc Petitot; e a oficina Jogo dos Mundos, um desafio para as quest\u00f5es do mundo atual, coordenada por Igor Amin e Claudio Santos. O show da Banda Constatina, de Belo Horizonte, que integra a trilha sonora do filme, encerrou as atividades na pra\u00e7a Rui Barbosa.<\/p>\n<p style=\"text-align: justify;\">O Festival Ver e Fazer Filmes&nbsp; \u00e9 uma iniciativa da Ag\u00eancia de Desenvolvimento do Polo Audiovisual da Zona da Mata de Minas Gerais, em parceria com o Instituto Cidade de Cataguases, Instituto F\u00e1brica do Futuro, Funda\u00e7\u00e3o Cultural Ormeo Junqueira Botelho, CBA &#8211; Cia Brasileira de Alum\u00ednio, Instituto Federal &#8211; Sudeste, Secretaria Municipal de Cultura, Patrim\u00f4nio e Turismo &#8211; Prefeitura de Cataguases, Sebrae,&nbsp; com o patroc\u00ednio da ENERGISA atrav\u00e9s da Lei Estadual de Incentivo \u00e0 Cultura e recursos do Edital Pr\u00eamio Exibe Minas da Secretaria de Estado de Cultura de Minas Gerais.<\/p>\n<p style=\"text-align: justify;\"><strong>Veja quem s\u00e3o os premiados na 2\u00aa edi\u00e7\u00e3o do Usina Criativa de Cinema:<\/strong><\/p>\n<p style=\"text-align: justify;\">Melhor Filme pelo J\u00fari T\u00e9cnico: &#8220;Len\u00e7ol de Inverno&#8221; &#8211; Bruno Rubim (Descoberto)<\/p>\n<p style=\"text-align: justify;\">Melhor Filme pelo J\u00fari Popular: &#8220;Len\u00e7ol de Inverno&#8221; &#8211; Bruno Rubim (Descoberto)<\/p>\n<p style=\"text-align: justify;\">Melhor Diretor: Rafael Ski &#8211; &#8220;Vinis &amp;Peixes&#8221;<\/p>\n<p style=\"text-align: justify;\">Melhor Roteiro: Mateus Baldi &#8211; &#8220;Len\u00e7ol de Inverno&#8221;<\/p>\n<p style=\"text-align: justify;\">Melhor Produ\u00e7\u00e3o: Monique Rangel, Cec\u00edlia Bueno e Claudia Marques &#8211; &#8220;Minha m\u00e3e chamava Tereza&#8221;<\/p>\n<p style=\"text-align: justify;\">Melhor Fotografia: Elvis Rodrigues &#8211; &#8220;Palace, o contador de hist\u00f3rias&#8221;<\/p>\n<p style=\"text-align: justify;\">Melhor Trilha Sonora: Matheus Ferro &#8211; &#8220;Palace, o contador de hist\u00f3rias&#8221;<\/p>\n<p style=\"text-align: justify;\">Melhor Som: Andr\u00e9 Medeiros &#8211; &#8220;Vinis &amp;Peixes&#8221;<\/p>\n<p style=\"text-align: justify;\">Melhor Dire\u00e7\u00e3o de Arte: Miron Soares &#8211; &#8220;Vinis &amp;Peixes&#8221;; e Vic Esteves &#8211; &#8220;Len\u00e7ol de Inverno&#8221;<\/p>\n<p style=\"text-align: justify;\">Melhor Montagem: Diego Neves &#8211; &#8220;Palace, o contador de hist\u00f3rias&#8221;<\/p>\n<p style=\"text-align: justify;\">Melhor Figurino: Julia Rocha &#8211; &#8220;Minha m\u00e3e chamava Tereza&#8221;<\/p>\n<p style=\"text-align: justify;\">Melhor Atua\u00e7\u00e3o Principal: Felipe Saleme &#8211; &#8220;Vinis &amp;Peixes&#8221;<\/p>\n<p style=\"text-align: justify;\">Melhor Atua\u00e7\u00e3o Coadjuvante: Jo\u00e3o Campany &#8211; &#8220;Len\u00e7ol de Inverno&#8221;<\/p>\n","protected":false},"excerpt":{"rendered":"<p>O 5\u00ba Festival Ver e Fazer Filmes &#8211; Edi\u00e7\u00e3o Inverno 2017, realizado em Cataguases de 21 a 29 de julho, promoveu mostras especiais de filmes, com programa\u00e7\u00e3o diferenciada para o p\u00fablico infantil, jovem e adulto, oficinas de jogos educativos e realidade virtual, show musical e muitas outras atra\u00e7\u00f5es. Destaque na programa\u00e7\u00e3o, a exibi\u00e7\u00e3o e premia\u00e7\u00e3o [&hellip;]<\/p>\n","protected":false},"author":2,"featured_media":41973,"comment_status":"open","ping_status":"closed","sticky":false,"template":"","format":"standard","meta":{"_joinchat":[],"footnotes":""},"categories":[1],"tags":[],"class_list":["post-41972","post","type-post","status-publish","format-standard","has-post-thumbnail","hentry","category-sem-categoria"],"_links":{"self":[{"href":"http:\/\/folhadosudeste.com\/site\/index.php?rest_route=\/wp\/v2\/posts\/41972","targetHints":{"allow":["GET"]}}],"collection":[{"href":"http:\/\/folhadosudeste.com\/site\/index.php?rest_route=\/wp\/v2\/posts"}],"about":[{"href":"http:\/\/folhadosudeste.com\/site\/index.php?rest_route=\/wp\/v2\/types\/post"}],"author":[{"embeddable":true,"href":"http:\/\/folhadosudeste.com\/site\/index.php?rest_route=\/wp\/v2\/users\/2"}],"replies":[{"embeddable":true,"href":"http:\/\/folhadosudeste.com\/site\/index.php?rest_route=%2Fwp%2Fv2%2Fcomments&post=41972"}],"version-history":[{"count":1,"href":"http:\/\/folhadosudeste.com\/site\/index.php?rest_route=\/wp\/v2\/posts\/41972\/revisions"}],"predecessor-version":[{"id":41974,"href":"http:\/\/folhadosudeste.com\/site\/index.php?rest_route=\/wp\/v2\/posts\/41972\/revisions\/41974"}],"wp:featuredmedia":[{"embeddable":true,"href":"http:\/\/folhadosudeste.com\/site\/index.php?rest_route=\/wp\/v2\/media\/41973"}],"wp:attachment":[{"href":"http:\/\/folhadosudeste.com\/site\/index.php?rest_route=%2Fwp%2Fv2%2Fmedia&parent=41972"}],"wp:term":[{"taxonomy":"category","embeddable":true,"href":"http:\/\/folhadosudeste.com\/site\/index.php?rest_route=%2Fwp%2Fv2%2Fcategories&post=41972"},{"taxonomy":"post_tag","embeddable":true,"href":"http:\/\/folhadosudeste.com\/site\/index.php?rest_route=%2Fwp%2Fv2%2Ftags&post=41972"}],"curies":[{"name":"wp","href":"https:\/\/api.w.org\/{rel}","templated":true}]}}