{"id":41975,"date":"2017-08-04T14:01:05","date_gmt":"2017-08-04T14:01:05","guid":{"rendered":"http:\/\/folhadosudeste.com\/site\/?p=41975"},"modified":"2017-08-04T14:01:05","modified_gmt":"2017-08-04T14:01:05","slug":"plenario-da-camara-rejeita-autorizacao-para-processo-criminal-contra-presidente","status":"publish","type":"post","link":"http:\/\/folhadosudeste.com\/site\/?p=41975","title":{"rendered":"PLEN\u00c1RIO DA C\u00c2MARA REJEITA AUTORIZA\u00c7\u00c3O PARA PROCESSO CRIMINAL CONTRA PRESIDENTE"},"content":{"rendered":"<p style=\"text-align: justify;\"><a href=\"http:\/\/folhadosudeste.com\/site\/wp-content\/uploads\/2017\/08\/PLEN\u00c1RIO.jpg\"><img loading=\"lazy\" decoding=\"async\" class=\"aligncenter size-full wp-image-41976\" src=\"http:\/\/folhadosudeste.com\/site\/wp-content\/uploads\/2017\/08\/PLEN\u00c1RIO.jpg\" alt=\"\" width=\"620\" height=\"293\" srcset=\"http:\/\/folhadosudeste.com\/site\/wp-content\/uploads\/2017\/08\/PLEN\u00c1RIO.jpg 620w, http:\/\/folhadosudeste.com\/site\/wp-content\/uploads\/2017\/08\/PLEN\u00c1RIO-300x142.jpg 300w\" sizes=\"auto, (max-width: 620px) 100vw, 620px\" \/><\/a><\/p>\n<p style=\"text-align: justify;\">Por 263 votos (SIM) a 227 (N\u00c3O) e 2 absten\u00e7\u00f5es, ficou definido, na noite da \u00faltima quarta (2), que o Plen\u00e1rio da C\u00e2mara dos Deputados rejeitou a autoriza\u00e7\u00e3o para o Supremo Tribunal Federal (STF) abrir processo criminal contra o atual presidente da Rep\u00fablica, Michel Temer, por crime de corrup\u00e7\u00e3o passiva, segundo parecer da Comiss\u00e3o de Constitui\u00e7\u00e3o e Justi\u00e7a e de Cidadania. Os deputados podiam votar SIM (a favor do presidente), N\u00c3O (contra o presidente) ou abster-se do voto.<\/p>\n<p style=\"text-align: justify;\">Os deputados de Minas Gerais que votaram SIM: Ademir Camilo (PODE), Aelton Freitas (PR), Bilac Pinto (PR), Brunny (PR), Bonif\u00e1cio de Andrada (PSDB), Caio Narcio (PSDB), Carlos Melles (DEM), D\u00e2mina Pereira (PSL), Delegado Edson Moreira (PR), Diego Andrade (PSD), Dimas Fabiano (PP), Domingos S\u00e1vio (PSDB), F\u00e1bio Ramalho (PMDB), Franklin (PP), Jaime Martins (PSD), Leonardo Quint\u00e3o (PMDB), Luis Tib\u00e9 (PTdoB), Luiz Fernando Faria (PP), Marcelo Aro (PHS), Marcos Montes (PSD), Marcus Pestana (PSDB), Mauro Lopes (PMDB), Misael Varella (DEM), Newton Cardoso Jr (PMDB), Paulo Abi-Ackel (PSDB), Raquel Muniz (PSD), Renato Andrade (PP), Renzo Braz (PP), Rodrigo de Castro (PSDB), Saraiva Felipe (PMDB), Tenente L\u00facio (PSB), Toninho Pinheiro (PP) e Z\u00e9 Silva.<\/p>\n<p style=\"text-align: justify;\">Os deputados de Minas Gerais que votaram N\u00c3O: Adelmo Carneiro Le\u00e3o (PT), Eros Biondini (PROS), Gabriel Guimar\u00e3es (PT), George Hilton (PROS), J\u00f4 Moraes (PCdoB), J\u00falio Delgado (PSB), Laudivio Carvalho (SD), Leonardo Monteiro (PT), Lincoln Portela (PRB), Luzia Ferreira (PPS), Marcelo \u00c1lvaro Ant\u00f4nio (PR), Margarida Salom\u00e3o (PT), Padre Jo\u00e3o (PT), Patrus Ananias (PT), Reginaldo Lopes (PT), Stefano Aguiar (PSD), Subtenente Gonzaga (PDT) e Weliton Prado (PMB).<\/p>\n<p style=\"text-align: justify;\">O deputado mineiro Eduardo Barbosa (PSDB) esteve ausente \u00e0 se\u00e7\u00e3o e Rodrigo Pacheco (PMDB) absteve-se do voto.<\/p>\n<p style=\"text-align: justify;\"><strong>Confira a justificativa do deputado Misael Varella:<\/strong><\/p>\n<p style=\"text-align: justify;\">Diante da repercuss\u00e3o sobre a vota\u00e7\u00e3o da abertura de inqu\u00e9rito contra o Presidente Michel Temer, mantenho a postura de prestar esclarecimentos sobre meus votos ap\u00f3s defini-los em Plen\u00e1rio, onde minha opini\u00e3o possui valor pr\u00e1tico.<\/p>\n<p style=\"text-align: justify;\">Por isso, a partir da conclus\u00e3o do caso, seguem os meus esclarecimentos sobre o assunto:<\/p>\n<p style=\"text-align: justify;\">&#8211; Sou amplamente favor\u00e1vel \u00e0s investiga\u00e7\u00f5es e apura\u00e7\u00f5es minuciosas neste e em quaisquer casos de suspeitas de corrup\u00e7\u00e3o. Por\u00e9m, \u00e9 preciso ressaltar minha reprova\u00e7\u00e3o \u00e0 conduta do MPF e da justi\u00e7a perante os delatores da JBS, que durante 14 anos nos governos anteriores atuaram como agentes de um esquema bilion\u00e1rio de corrup\u00e7\u00e3o e a partir desta dela\u00e7\u00e3o, foram beneficiados com a liberdade sem qualquer tipo sequer de puni\u00e7\u00e3o.<\/p>\n<p style=\"text-align: justify;\">Esta atitude n\u00e3o condiz com condutas aplicadas em outros casos:<\/p>\n<p style=\"text-align: justify;\">&#8211; O momento atual n\u00e3o condiz com uma nova ruptura institucional, que s\u00f3 traria preju\u00edzos ao pa\u00eds. H\u00e1 cerca de um ano do pr\u00f3ximo per\u00edodo eleitoral e com indicadores que sinalizam uma melhora econ\u00f4mica, acatarei qualquer decis\u00e3o judicial sobre as investiga\u00e7\u00f5es, por\u00e9m o t\u00e9rmino do mandato do atual presidente acarretar\u00e1 turbul\u00eancias ainda maiores, principalmente para a popula\u00e7\u00e3o.<\/p>\n<p style=\"text-align: justify;\">No ano passado, chegamos ao fundo do po\u00e7o com a pior crise pela qual j\u00e1 passamos e que extrapolou os limites econ\u00f4micos e pol\u00edticos. A retomada desta turbul\u00eancia em nada agregaria \u00e0 popula\u00e7\u00e3o, que ainda sofre com os altos \u00edndices de desemprego e perda do poder aquisitivo. Per\u00edodo que estamos superando aos poucos, com a queda da infla\u00e7\u00e3o, a cria\u00e7\u00e3o (mesmo que ainda t\u00edmida) de novos postos de trabalho e a queda da taxa b\u00e1sica de juros;<\/p>\n<p style=\"text-align: justify;\">&#8211; Por fim, mantenho a minha posi\u00e7\u00e3o de que todo pol\u00edtico merece ser submetido ao mesmo rigor da lei, seja qual for o partido ao qual ele perten\u00e7a. Inclusive, a justi\u00e7a possui mecanismos e liberdade para investigar a fundo as provas apresentadas pelos delatores ou quaisquer outras den\u00fancias que venham surgir ap\u00f3s os fatos j\u00e1 ocorridos, que ser\u00e3o plenamente acatadas.<\/p>\n<p style=\"text-align: justify;\">Como sabem, n\u00e3o possuo meu nome atrelado a casos de corrup\u00e7\u00e3o e, portanto, n\u00e3o cumpro determina\u00e7\u00f5es em troca de favores. Mantenho assim, com muito orgulho, um legado intacto iniciado pelo meu pai Lael Varella, que foi deputado federal por 28 anos, ou seja, 7 mandatos consecutivos, especialmente na \u00e1rea da sa\u00fade, e por este mesmo motivo conservo minha consci\u00eancia tranquila por n\u00e3o possuir quaisquer situa\u00e7\u00f5es que me impe\u00e7am de expressar minha sincera opini\u00e3o, sempre respeitando todo posicionamento que seja contr\u00e1rio ao meu.<\/p>\n<p style=\"text-align: justify;\">Reafirmo que ainda desejo o mesmo rigor em investiga\u00e7\u00f5es e puni\u00e7\u00f5es, por\u00e9m acredito que neste momento o povo brasileiro seria o grande derrotado em todos os aspectos e j\u00e1 no ano que vem todos eleitores ter\u00e3o novamente a oportunidade de escolher seu Presidente e seus representantes nas Assembl\u00e9ias legislativas e no Congresso Nacional.<\/p>\n<p style=\"text-align: justify;\"><strong>Um grande abra\u00e7o, Misael Varella.<\/strong><\/p>\n<p style=\"text-align: justify;\"><strong>Confira a justificativa do deputado Renzo Braz:<\/strong><\/p>\n<p style=\"text-align: justify;\">Ocupar o cargo de Deputado Federal, eleito pelo voto popular, \u00e9 minha maior responsabilidade. S\u00e3o decis\u00f5es \u00e1rduas e di\u00e1rias, que dizem respeito \u00e0 toda popula\u00e7\u00e3o.<\/p>\n<p style=\"text-align: justify;\">Empres\u00e1rio e empreendedor experiente, tenho plena convic\u00e7\u00e3o de que o Brasil come\u00e7a a se recuperar da crise econ\u00f4mica e que, uma troca de presidente paralisaria mais uma vez o pa\u00eds, impedindo a implanta\u00e7\u00e3o de importantes pol\u00edticas p\u00fablicas, colocando em risco o controle da infla\u00e7\u00e3o, a retomada do crescimento econ\u00f4mico, a queda dos juros, a gera\u00e7\u00e3o de empregos, a aprova\u00e7\u00e3o de reformas importantes, como a Tribut\u00e1ria e a Pol\u00edtica, entre outros benef\u00edcios para milh\u00f5es de brasileiros.<\/p>\n<p style=\"text-align: justify;\">Sou a favor da investiga\u00e7\u00e3o da lava jato, da puni\u00e7\u00e3o para caixa 2 e qualquer tipo de corrup\u00e7\u00e3o. Quero passar o Brasil a limpo e para tal, confio na Justi\u00e7a Brasileira. Sob esses argumentos, justifico a minha vota\u00e7\u00e3o nesta quarta-feira (02\/08). Votei pela aprova\u00e7\u00e3o do relat\u00f3rio final da CCJ. O processo que corre na C\u00e2mara dos Deputado diz respeito a paralisar ou n\u00e3o o Brasil por mais 180 dias.<\/p>\n<p style=\"text-align: justify;\">Diz respeito a ser governado por um presidente interino at\u00e9 abril de 2018. Diz respeito \u00e0 estagna\u00e7\u00e3o da economia, \u00e0 queda dos investimentos, emprego e renda. Quanto \u00e0 culpa ou inoc\u00eancia do Presidente, a Justi\u00e7a continuar\u00e1 investigando e, se necess\u00e1rio, o cidad\u00e3o Michel Temer ser\u00e1 julgado normalmente, sem foro privilegiado, ap\u00f3s o t\u00e9rmino do seu mandato.<\/p>\n<p style=\"text-align: justify;\"><strong>Renzo Braz &#8211; PP MG.<\/strong><\/p>\n","protected":false},"excerpt":{"rendered":"<p>Por 263 votos (SIM) a 227 (N\u00c3O) e 2 absten\u00e7\u00f5es, ficou definido, na noite da \u00faltima quarta (2), que o Plen\u00e1rio da C\u00e2mara dos Deputados rejeitou a autoriza\u00e7\u00e3o para o Supremo Tribunal Federal (STF) abrir processo criminal contra o atual presidente da Rep\u00fablica, Michel Temer, por crime de corrup\u00e7\u00e3o passiva, segundo parecer da Comiss\u00e3o de [&hellip;]<\/p>\n","protected":false},"author":2,"featured_media":41976,"comment_status":"open","ping_status":"closed","sticky":false,"template":"","format":"standard","meta":{"_joinchat":[],"footnotes":""},"categories":[1],"tags":[],"class_list":["post-41975","post","type-post","status-publish","format-standard","has-post-thumbnail","hentry","category-sem-categoria"],"_links":{"self":[{"href":"http:\/\/folhadosudeste.com\/site\/index.php?rest_route=\/wp\/v2\/posts\/41975","targetHints":{"allow":["GET"]}}],"collection":[{"href":"http:\/\/folhadosudeste.com\/site\/index.php?rest_route=\/wp\/v2\/posts"}],"about":[{"href":"http:\/\/folhadosudeste.com\/site\/index.php?rest_route=\/wp\/v2\/types\/post"}],"author":[{"embeddable":true,"href":"http:\/\/folhadosudeste.com\/site\/index.php?rest_route=\/wp\/v2\/users\/2"}],"replies":[{"embeddable":true,"href":"http:\/\/folhadosudeste.com\/site\/index.php?rest_route=%2Fwp%2Fv2%2Fcomments&post=41975"}],"version-history":[{"count":1,"href":"http:\/\/folhadosudeste.com\/site\/index.php?rest_route=\/wp\/v2\/posts\/41975\/revisions"}],"predecessor-version":[{"id":41977,"href":"http:\/\/folhadosudeste.com\/site\/index.php?rest_route=\/wp\/v2\/posts\/41975\/revisions\/41977"}],"wp:featuredmedia":[{"embeddable":true,"href":"http:\/\/folhadosudeste.com\/site\/index.php?rest_route=\/wp\/v2\/media\/41976"}],"wp:attachment":[{"href":"http:\/\/folhadosudeste.com\/site\/index.php?rest_route=%2Fwp%2Fv2%2Fmedia&parent=41975"}],"wp:term":[{"taxonomy":"category","embeddable":true,"href":"http:\/\/folhadosudeste.com\/site\/index.php?rest_route=%2Fwp%2Fv2%2Fcategories&post=41975"},{"taxonomy":"post_tag","embeddable":true,"href":"http:\/\/folhadosudeste.com\/site\/index.php?rest_route=%2Fwp%2Fv2%2Ftags&post=41975"}],"curies":[{"name":"wp","href":"https:\/\/api.w.org\/{rel}","templated":true}]}}