{"id":41978,"date":"2017-08-04T14:02:13","date_gmt":"2017-08-04T14:02:13","guid":{"rendered":"http:\/\/folhadosudeste.com\/site\/?p=41978"},"modified":"2017-08-04T14:20:43","modified_gmt":"2017-08-04T14:20:43","slug":"vi-concentracao-apostolado-do-terco-dos-homens-grupos-do-terco-de-muriae-marcaram-presenca","status":"publish","type":"post","link":"http:\/\/folhadosudeste.com\/site\/?p=41978","title":{"rendered":"VI CONCENTRA\u00c7\u00c3O APOSTOLADO DO TER\u00c7O DOS HOMENS \u2013 GRUPOS DO TER\u00c7O DE MURIA\u00c9 MARCARAM PRESEN\u00c7A"},"content":{"rendered":"<p style=\"text-align: justify;\"><a href=\"http:\/\/folhadosudeste.com\/site\/wp-content\/uploads\/2017\/08\/APOSTOLADO.jpg\"><img loading=\"lazy\" decoding=\"async\" class=\"aligncenter size-full wp-image-41979\" src=\"http:\/\/folhadosudeste.com\/site\/wp-content\/uploads\/2017\/08\/APOSTOLADO.jpg\" alt=\"\" width=\"620\" height=\"220\" srcset=\"http:\/\/folhadosudeste.com\/site\/wp-content\/uploads\/2017\/08\/APOSTOLADO.jpg 620w, http:\/\/folhadosudeste.com\/site\/wp-content\/uploads\/2017\/08\/APOSTOLADO-300x106.jpg 300w\" sizes=\"auto, (max-width: 620px) 100vw, 620px\" \/><\/a><\/p>\n<p style=\"text-align: justify;\">A VI Concentra\u00e7\u00e3o Apostolado do Ter\u00e7o dos Homens \u2013 Disc\u00edpulos Mission\u00e1rios como Maria come\u00e7ou pela manh\u00e3, \u00e0s 7h30, no Centro Pastoral Dom Reis, onde os grupos foram recebidos com um caf\u00e9 da manh\u00e3. Logo ap\u00f3s, sa\u00edram em Prociss\u00e3o pelas ruas de Leopoldina, cantando e dizendo a seguinte frase: \u2018<em>Homens em ora\u00e7\u00e3o, fam\u00edlias em a\u00e7\u00e3o\u2019,<\/em> passando pela Catedral de S\u00e3o Sebasti\u00e3o e reunindo-se novamente na quadra do Col\u00e9gio Imaculada Concei\u00e7\u00e3o. Pe. Paulo Roberto, coordenador de Pastoral, fez uma reflex\u00e3o enfatizando a import\u00e2ncia do chamado ao compromisso de sermos disc\u00edpulos mission\u00e1rios como Maria. Como era de se esperar, foi rezado um Ter\u00e7o, com a participa\u00e7\u00e3o de alguns grupos e seus membros. Os homens, crian\u00e7as e adolescentes rezaram uma conta, formando as dezenas at\u00e9 concluir o belo Ter\u00e7o, no centro da quadra.<\/p>\n<p style=\"text-align: justify;\">A Santa Missa foi o ponto alto desse dia. Na ocasi\u00e3o, Dom Jos\u00e9 Eudes ressaltou a import\u00e2ncia do movimento na Diocese. Em seguida, Pe. Marcelo falou sobre o tesouro que \u00e9 \u2018O Reino dos C\u00e9us\u2019. O pr\u00f3ximo encontro acontecer\u00e1 na cidade de Visconde do Rio Branco. Para encerrar, todos os participantes do encontro foram acolhidos na C\u00faria, com um saboroso lanche .<\/p>\n<p style=\"text-align: justify;\">Segundo Dom Jos\u00e9 Eudes Campos do Nascimento, Bispo Diocesano de Leopoldina, \u00e9 muito rico para toda a Igreja esse movimento do Ter\u00e7o dos Homens, que vem crescendo a cada momento. Para ele, na Diocese tem sido uma b\u00ean\u00e7\u00e3o, com uma participa\u00e7\u00e3o muito grande, espalhada em quase todas as par\u00f3quias pertencentes. <em>\u201cUma vez por ano, procuramos fazer essa concentra\u00e7\u00e3o, reunindo os grupos da Diocese em um momento de ora\u00e7\u00e3o e reflex\u00e3o \u00e0 luz da Palavra. Tenho incentivado e pedido ao Ter\u00e7o dos Homens para que continue nos ajudando no trabalho de Evangeliza\u00e7\u00e3o. \u00c0 exemplo, os grupos visitam pres\u00eddios, hospitais e casas de fam\u00edlias afastadas, levando essa Boa Nova do Evangelho. O convite que fa\u00e7o \u00e9 para quem n\u00e3o experimentou essa riqueza de participar, que procure em sua comunidade, pr\u00f3xima \u00e0 sua Par\u00f3quia, para fazer essa bela experi\u00eancia, vendo como \u00e9 enriquecedora a reza junto e contemplando em cada continha a presen\u00e7a de Maria em nossa vida. Que Deus aben\u00e7oe a todos e que Maria, nossa m\u00e3e, seja presen\u00e7a constante na vida de todos n\u00f3s\u201d,<\/em> completa.<\/p>\n<p>[ngg_images source=&#8221;galleries&#8221; container_ids=&#8221;1072&#8243; display_type=&#8221;photocrati-nextgen_basic_thumbnails&#8221; override_thumbnail_settings=&#8221;0&#8243; thumbnail_width=&#8221;100&#8243; thumbnail_height=&#8221;75&#8243; thumbnail_crop=&#8221;1&#8243; images_per_page=&#8221;0&#8243; number_of_columns=&#8221;0&#8243; ajax_pagination=&#8221;0&#8243; show_all_in_lightbox=&#8221;0&#8243; use_imagebrowser_effect=&#8221;0&#8243; show_slideshow_link=&#8221;1&#8243; slideshow_link_text=&#8221;[Show as slideshow]&#8221; order_by=&#8221;sortorder&#8221; order_direction=&#8221;ASC&#8221; returns=&#8221;included&#8221; maximum_entity_count=&#8221;500&#8243;]<\/p>\n","protected":false},"excerpt":{"rendered":"<p>A VI Concentra\u00e7\u00e3o Apostolado do Ter\u00e7o dos Homens \u2013 Disc\u00edpulos Mission\u00e1rios como Maria come\u00e7ou pela manh\u00e3, \u00e0s 7h30, no Centro Pastoral Dom Reis, onde os grupos foram recebidos com um caf\u00e9 da manh\u00e3. Logo ap\u00f3s, sa\u00edram em Prociss\u00e3o pelas ruas de Leopoldina, cantando e dizendo a seguinte frase: \u2018Homens em ora\u00e7\u00e3o, fam\u00edlias em a\u00e7\u00e3o\u2019, passando [&hellip;]<\/p>\n","protected":false},"author":2,"featured_media":41979,"comment_status":"open","ping_status":"closed","sticky":false,"template":"","format":"standard","meta":{"_joinchat":[],"footnotes":""},"categories":[1],"tags":[],"class_list":["post-41978","post","type-post","status-publish","format-standard","has-post-thumbnail","hentry","category-sem-categoria"],"_links":{"self":[{"href":"http:\/\/folhadosudeste.com\/site\/index.php?rest_route=\/wp\/v2\/posts\/41978","targetHints":{"allow":["GET"]}}],"collection":[{"href":"http:\/\/folhadosudeste.com\/site\/index.php?rest_route=\/wp\/v2\/posts"}],"about":[{"href":"http:\/\/folhadosudeste.com\/site\/index.php?rest_route=\/wp\/v2\/types\/post"}],"author":[{"embeddable":true,"href":"http:\/\/folhadosudeste.com\/site\/index.php?rest_route=\/wp\/v2\/users\/2"}],"replies":[{"embeddable":true,"href":"http:\/\/folhadosudeste.com\/site\/index.php?rest_route=%2Fwp%2Fv2%2Fcomments&post=41978"}],"version-history":[{"count":3,"href":"http:\/\/folhadosudeste.com\/site\/index.php?rest_route=\/wp\/v2\/posts\/41978\/revisions"}],"predecessor-version":[{"id":42029,"href":"http:\/\/folhadosudeste.com\/site\/index.php?rest_route=\/wp\/v2\/posts\/41978\/revisions\/42029"}],"wp:featuredmedia":[{"embeddable":true,"href":"http:\/\/folhadosudeste.com\/site\/index.php?rest_route=\/wp\/v2\/media\/41979"}],"wp:attachment":[{"href":"http:\/\/folhadosudeste.com\/site\/index.php?rest_route=%2Fwp%2Fv2%2Fmedia&parent=41978"}],"wp:term":[{"taxonomy":"category","embeddable":true,"href":"http:\/\/folhadosudeste.com\/site\/index.php?rest_route=%2Fwp%2Fv2%2Fcategories&post=41978"},{"taxonomy":"post_tag","embeddable":true,"href":"http:\/\/folhadosudeste.com\/site\/index.php?rest_route=%2Fwp%2Fv2%2Ftags&post=41978"}],"curies":[{"name":"wp","href":"https:\/\/api.w.org\/{rel}","templated":true}]}}