{"id":41981,"date":"2017-08-04T14:03:01","date_gmt":"2017-08-04T14:03:01","guid":{"rendered":"http:\/\/folhadosudeste.com\/site\/?p=41981"},"modified":"2017-08-04T14:23:05","modified_gmt":"2017-08-04T14:23:05","slug":"solenidade-de-posse-da-nova-diretoria-do-colina-antonio-assume-a-presidencia-pelo-segundo-mandato-consecutivo","status":"publish","type":"post","link":"http:\/\/folhadosudeste.com\/site\/?p=41981","title":{"rendered":"SOLENIDADE DE POSSE DA NOVA DIRETORIA DO COLINA: ANT\u00d4NIO ASSUME A PRESID\u00caNCIA PELO SEGUNDO MANDATO CONSECUTIVO"},"content":{"rendered":"<p style=\"text-align: justify;\"><a href=\"http:\/\/folhadosudeste.com\/site\/wp-content\/uploads\/2017\/08\/COLINA.jpg\"><img loading=\"lazy\" decoding=\"async\" class=\"aligncenter size-full wp-image-41982\" src=\"http:\/\/folhadosudeste.com\/site\/wp-content\/uploads\/2017\/08\/COLINA.jpg\" alt=\"\" width=\"620\" height=\"228\" srcset=\"http:\/\/folhadosudeste.com\/site\/wp-content\/uploads\/2017\/08\/COLINA.jpg 620w, http:\/\/folhadosudeste.com\/site\/wp-content\/uploads\/2017\/08\/COLINA-300x110.jpg 300w\" sizes=\"auto, (max-width: 620px) 100vw, 620px\" \/><\/a><\/p>\n<p style=\"text-align: justify;\">Ant\u00f4nio Gomes de Souza tomou posse novamente como presidente do Colina Country Club, em seu segundo mandato consecutivo, administrou durante o ano de 2015\/2017, agora dar\u00e1 continuidade at\u00e9 2019. A solenidade aconteceu no \u00faltimo domingo 30 de julho, quando foram empossados tamb\u00e9m os membros que comp\u00f5e a nova diretoria, em uma confraterniza\u00e7\u00e3o festiva com a presen\u00e7a dos s\u00f3cios do clube e seus familiares. Foi servido um saboroso cantinho mineiro, ao som de Izabel Cristina e Marcel e logo em seguida deu sequencia o Toizim do Acordeon, que colocou todos para dan\u00e7ar com sua boa m\u00fasica. Segundo Ant\u00f4nio, \u00e9 um momento de muita emo\u00e7\u00e3o poder cumprir o cargo nos pr\u00f3ximos 2 anos e, para ele, a manuten\u00e7\u00e3o do clube \u00e9 o mais importante. <em>\u201cEstamos compondo uma nova diretoria, alguns membros novos, que vieram para somar for\u00e7as, para fazer uma administra\u00e7\u00e3o saud\u00e1vel, honesta e transparente. Estamos com um projeto principal que \u00e9 a energia solar, \u00e9 um processo lento, mas com certeza iremos conclu\u00ed-lo. O Colina \u00e9 um clube muito familiar. Agrade\u00e7o a todos os s\u00f3cios presentes, que me prestigiaram e fico feliz em poder faz\u00ea-los sentirem-se em casa\u201d,<\/em> afirma.<\/p>\n<p>[ngg_images source=&#8221;galleries&#8221; container_ids=&#8221;1073&#8243; display_type=&#8221;photocrati-nextgen_basic_thumbnails&#8221; override_thumbnail_settings=&#8221;0&#8243; thumbnail_width=&#8221;100&#8243; thumbnail_height=&#8221;75&#8243; thumbnail_crop=&#8221;1&#8243; images_per_page=&#8221;0&#8243; number_of_columns=&#8221;0&#8243; ajax_pagination=&#8221;0&#8243; show_all_in_lightbox=&#8221;0&#8243; use_imagebrowser_effect=&#8221;0&#8243; show_slideshow_link=&#8221;1&#8243; slideshow_link_text=&#8221;[Show as slideshow]&#8221; order_by=&#8221;sortorder&#8221; order_direction=&#8221;ASC&#8221; returns=&#8221;included&#8221; maximum_entity_count=&#8221;500&#8243;]<\/p>\n","protected":false},"excerpt":{"rendered":"<p>Ant\u00f4nio Gomes de Souza tomou posse novamente como presidente do Colina Country Club, em seu segundo mandato consecutivo, administrou durante o ano de 2015\/2017, agora dar\u00e1 continuidade at\u00e9 2019. A solenidade aconteceu no \u00faltimo domingo 30 de julho, quando foram empossados tamb\u00e9m os membros que comp\u00f5e a nova diretoria, em uma confraterniza\u00e7\u00e3o festiva com a [&hellip;]<\/p>\n","protected":false},"author":2,"featured_media":41982,"comment_status":"open","ping_status":"closed","sticky":false,"template":"","format":"standard","meta":{"_joinchat":[],"footnotes":""},"categories":[1],"tags":[],"class_list":["post-41981","post","type-post","status-publish","format-standard","has-post-thumbnail","hentry","category-sem-categoria"],"_links":{"self":[{"href":"http:\/\/folhadosudeste.com\/site\/index.php?rest_route=\/wp\/v2\/posts\/41981","targetHints":{"allow":["GET"]}}],"collection":[{"href":"http:\/\/folhadosudeste.com\/site\/index.php?rest_route=\/wp\/v2\/posts"}],"about":[{"href":"http:\/\/folhadosudeste.com\/site\/index.php?rest_route=\/wp\/v2\/types\/post"}],"author":[{"embeddable":true,"href":"http:\/\/folhadosudeste.com\/site\/index.php?rest_route=\/wp\/v2\/users\/2"}],"replies":[{"embeddable":true,"href":"http:\/\/folhadosudeste.com\/site\/index.php?rest_route=%2Fwp%2Fv2%2Fcomments&post=41981"}],"version-history":[{"count":3,"href":"http:\/\/folhadosudeste.com\/site\/index.php?rest_route=\/wp\/v2\/posts\/41981\/revisions"}],"predecessor-version":[{"id":42045,"href":"http:\/\/folhadosudeste.com\/site\/index.php?rest_route=\/wp\/v2\/posts\/41981\/revisions\/42045"}],"wp:featuredmedia":[{"embeddable":true,"href":"http:\/\/folhadosudeste.com\/site\/index.php?rest_route=\/wp\/v2\/media\/41982"}],"wp:attachment":[{"href":"http:\/\/folhadosudeste.com\/site\/index.php?rest_route=%2Fwp%2Fv2%2Fmedia&parent=41981"}],"wp:term":[{"taxonomy":"category","embeddable":true,"href":"http:\/\/folhadosudeste.com\/site\/index.php?rest_route=%2Fwp%2Fv2%2Fcategories&post=41981"},{"taxonomy":"post_tag","embeddable":true,"href":"http:\/\/folhadosudeste.com\/site\/index.php?rest_route=%2Fwp%2Fv2%2Ftags&post=41981"}],"curies":[{"name":"wp","href":"https:\/\/api.w.org\/{rel}","templated":true}]}}