{"id":41996,"date":"2017-08-04T14:08:07","date_gmt":"2017-08-04T14:08:07","guid":{"rendered":"http:\/\/folhadosudeste.com\/site\/?p=41996"},"modified":"2017-08-04T14:33:57","modified_gmt":"2017-08-04T14:33:57","slug":"joan-joias-e-patrona-da-71a-festa-de-sao-cristovao","status":"publish","type":"post","link":"http:\/\/folhadosudeste.com\/site\/?p=41996","title":{"rendered":"JOAN J\u00d3IAS \u00c9 PATRONA DA 71\u00aa FESTA DE S\u00c3O CRIST\u00d3V\u00c3O"},"content":{"rendered":"<p style=\"text-align: justify;\"><a href=\"http:\/\/folhadosudeste.com\/site\/wp-content\/uploads\/2017\/08\/S\u00c3O-CRISTOV\u00c3O.jpg\"><img loading=\"lazy\" decoding=\"async\" class=\"aligncenter size-full wp-image-41997\" src=\"http:\/\/folhadosudeste.com\/site\/wp-content\/uploads\/2017\/08\/S\u00c3O-CRISTOV\u00c3O.jpg\" alt=\"\" width=\"620\" height=\"263\" srcset=\"http:\/\/folhadosudeste.com\/site\/wp-content\/uploads\/2017\/08\/S\u00c3O-CRISTOV\u00c3O.jpg 620w, http:\/\/folhadosudeste.com\/site\/wp-content\/uploads\/2017\/08\/S\u00c3O-CRISTOV\u00c3O-300x127.jpg 300w\" sizes=\"auto, (max-width: 620px) 100vw, 620px\" \/><\/a><\/p>\n<p style=\"text-align: justify;\">A Par\u00f3quia Nossa Senhora Aparecida (Porto) realizou, na \u00faltima semana, sua 71\u00aa Festa de S\u00e3o Crist\u00f3v\u00e3o, o santo padroeiro dos motoristas, cujo dia \u00e9 oficialmente comemorado em 25 de julho. As festividades em sua homenagem, por\u00e9m, come\u00e7aram na quinta (27). Al\u00e9m das celebra\u00e7\u00f5es, aconteceu a tradicional carreata no \u00faltimo domingo (30), ap\u00f3s a Missa celebrada pelo p\u00e1roco, Pe. Carlos Henrique Mariosa. Partindo da Par\u00f3quia, a carreata seguiu pela BR 356 percorrendo as principais ruas da Barra e do Centro, at\u00e9 retornar. A imagem de S\u00e3o Crist\u00f3v\u00e3o foi \u00e0 frente, em um caminh\u00e3o do Corpo de Bombeiros, que foi seguido por centenas de ve\u00edculos, entre motos, autom\u00f3veis, caminh\u00f5es e \u00f4nibus. Tamb\u00e9m foi dada a b\u00ean\u00e7\u00e3o sobre os condutores e seus ve\u00edculos, pelo Pe. Carlos Mariosa, com \u00e1gua benta. Foi realizado tamb\u00e9m um almo\u00e7o beneficente no Sal\u00e3o Paroquial, onde foi servida uma deliciosa feijoada. A arrecada\u00e7\u00e3o foi em prol da reforma do sal\u00e3o, que leva o nome de Pe. \u00canio. \u00c0 noite, as festividades foram encerradas com a Missa tamb\u00e9m celebrada por Pe. Carlos.<\/p>\n<p style=\"text-align: justify;\">A empresa Joan J\u00f3ias foi a empresa patrona deste ano da Festa de S\u00e3o Crist\u00f3v\u00e3o, uma tradi\u00e7\u00e3o em Muria\u00e9, com 71 anos de hist\u00f3ria. Para o empres\u00e1rio Joanc\u00e9lio Pe\u00e7anha, \u00e9 um prazer e honra ter sua empresa escolhida para a edi\u00e7\u00e3o 2017 da Prociss\u00e3o de S\u00e3o Crist\u00f3v\u00e3o, Padroeiro dos Motoristas. <em>\u201c\u00c9 um m\u00e9rito de muito respeito e valor cultural na nossa cidade. Com muita dedica\u00e7\u00e3o, procurei fazer o melhor, para complementar e possibilitar que esse evento continuasse tendo a grandiosidade de sempre. Tive o prazer de ser muito bem aceito, acolhido pelas empresas, pelos amigos que mantiveram suas portas abertas e fizeram sua doa\u00e7\u00e3o espont\u00e2nea. \u00c9 uma satisfa\u00e7\u00e3o ver esse evento abrilhantando nosso calend\u00e1rio religioso. Agrade\u00e7o \u00e0s pessoas, especialmente ao C\u00e9sar das M\u00e1quinas, que abra\u00e7ou essa causa tamb\u00e9m, todos que contribu\u00edram comigo, os colaboradores da igreja que tamb\u00e9m ajudaram muito, ao Monteiro, Rita e muitos outros. Muito obrigado!\u201d,<\/em> destaca.<\/p>\n<p>[ngg_images source=&#8221;galleries&#8221; container_ids=&#8221;1078&#8243; display_type=&#8221;photocrati-nextgen_basic_thumbnails&#8221; override_thumbnail_settings=&#8221;0&#8243; thumbnail_width=&#8221;100&#8243; thumbnail_height=&#8221;75&#8243; thumbnail_crop=&#8221;1&#8243; images_per_page=&#8221;0&#8243; number_of_columns=&#8221;0&#8243; ajax_pagination=&#8221;0&#8243; show_all_in_lightbox=&#8221;0&#8243; use_imagebrowser_effect=&#8221;0&#8243; show_slideshow_link=&#8221;1&#8243; slideshow_link_text=&#8221;[Show as slideshow]&#8221; order_by=&#8221;sortorder&#8221; order_direction=&#8221;ASC&#8221; returns=&#8221;included&#8221; maximum_entity_count=&#8221;500&#8243;]<\/p>\n","protected":false},"excerpt":{"rendered":"<p>A Par\u00f3quia Nossa Senhora Aparecida (Porto) realizou, na \u00faltima semana, sua 71\u00aa Festa de S\u00e3o Crist\u00f3v\u00e3o, o santo padroeiro dos motoristas, cujo dia \u00e9 oficialmente comemorado em 25 de julho. As festividades em sua homenagem, por\u00e9m, come\u00e7aram na quinta (27). Al\u00e9m das celebra\u00e7\u00f5es, aconteceu a tradicional carreata no \u00faltimo domingo (30), ap\u00f3s a Missa celebrada [&hellip;]<\/p>\n","protected":false},"author":2,"featured_media":41997,"comment_status":"open","ping_status":"closed","sticky":false,"template":"","format":"standard","meta":{"_joinchat":[],"footnotes":""},"categories":[1],"tags":[],"class_list":["post-41996","post","type-post","status-publish","format-standard","has-post-thumbnail","hentry","category-sem-categoria"],"_links":{"self":[{"href":"http:\/\/folhadosudeste.com\/site\/index.php?rest_route=\/wp\/v2\/posts\/41996","targetHints":{"allow":["GET"]}}],"collection":[{"href":"http:\/\/folhadosudeste.com\/site\/index.php?rest_route=\/wp\/v2\/posts"}],"about":[{"href":"http:\/\/folhadosudeste.com\/site\/index.php?rest_route=\/wp\/v2\/types\/post"}],"author":[{"embeddable":true,"href":"http:\/\/folhadosudeste.com\/site\/index.php?rest_route=\/wp\/v2\/users\/2"}],"replies":[{"embeddable":true,"href":"http:\/\/folhadosudeste.com\/site\/index.php?rest_route=%2Fwp%2Fv2%2Fcomments&post=41996"}],"version-history":[{"count":3,"href":"http:\/\/folhadosudeste.com\/site\/index.php?rest_route=\/wp\/v2\/posts\/41996\/revisions"}],"predecessor-version":[{"id":42156,"href":"http:\/\/folhadosudeste.com\/site\/index.php?rest_route=\/wp\/v2\/posts\/41996\/revisions\/42156"}],"wp:featuredmedia":[{"embeddable":true,"href":"http:\/\/folhadosudeste.com\/site\/index.php?rest_route=\/wp\/v2\/media\/41997"}],"wp:attachment":[{"href":"http:\/\/folhadosudeste.com\/site\/index.php?rest_route=%2Fwp%2Fv2%2Fmedia&parent=41996"}],"wp:term":[{"taxonomy":"category","embeddable":true,"href":"http:\/\/folhadosudeste.com\/site\/index.php?rest_route=%2Fwp%2Fv2%2Fcategories&post=41996"},{"taxonomy":"post_tag","embeddable":true,"href":"http:\/\/folhadosudeste.com\/site\/index.php?rest_route=%2Fwp%2Fv2%2Ftags&post=41996"}],"curies":[{"name":"wp","href":"https:\/\/api.w.org\/{rel}","templated":true}]}}