{"id":42002,"date":"2017-08-04T14:09:43","date_gmt":"2017-08-04T14:09:43","guid":{"rendered":"http:\/\/folhadosudeste.com\/site\/?p=42002"},"modified":"2017-08-04T14:37:29","modified_gmt":"2017-08-04T14:37:29","slug":"i-simposio-de-desenvolvimento-da-pecuaria-leiteira-da-regiao-de-muriae","status":"publish","type":"post","link":"http:\/\/folhadosudeste.com\/site\/?p=42002","title":{"rendered":"I SIMP\u00d3SIO DE DESENVOLVIMENTO DA PECU\u00c1RIA LEITEIRA DA REGI\u00c3O DE MURIA\u00c9"},"content":{"rendered":"<p style=\"text-align: justify;\"><a href=\"http:\/\/folhadosudeste.com\/site\/wp-content\/uploads\/2017\/08\/BASA.jpg\"><img loading=\"lazy\" decoding=\"async\" class=\"aligncenter size-full wp-image-42003\" src=\"http:\/\/folhadosudeste.com\/site\/wp-content\/uploads\/2017\/08\/BASA.jpg\" alt=\"\" width=\"620\" height=\"263\" srcset=\"http:\/\/folhadosudeste.com\/site\/wp-content\/uploads\/2017\/08\/BASA.jpg 620w, http:\/\/folhadosudeste.com\/site\/wp-content\/uploads\/2017\/08\/BASA-300x127.jpg 300w\" sizes=\"auto, (max-width: 620px) 100vw, 620px\" \/><\/a><\/p>\n<p style=\"text-align: justify;\">Foi realizado, nos dias 27 e 28 de julho, o I Simp\u00f3sio de Desenvolvimento da Pecu\u00e1ria Leiteira da Regi\u00e3o de Muria\u00e9. O evento foi uma realiza\u00e7\u00e3o da Prefeitura de Muria\u00e9, por meio da Secretaria Municipal de Agricultura e Meio Ambiente, e Secretaria de Estado da Agricultura, Pecu\u00e1ria e Abastecimento, por meio da EMATER MG.<\/p>\n<p style=\"text-align: justify;\">Na quinta (27\/07), no Teatro Zaccaria Marques, foram ministradas as palestras: Panorama da Pecu\u00e1ria de Leite na Zona da Mata Mineira (com o engenheiro agr\u00f4nomo Jo\u00e3o Cruz Reis Filho), Conserva\u00e7\u00e3o de \u00c1gua e Solo na Propriedade (com o engenheiro agr\u00f4nomo Rog\u00e9rio Jacinto Gomes, da EMATER MG) e Cen\u00e1rio da Fertiliza\u00e7\u00e3o In Vitro (FIV) de Bovinos Leiteiros (com o m\u00e9dico veterin\u00e1rio Pedro Ivo Henriques, da In Vitro Brasil).<\/p>\n<p style=\"text-align: justify;\">J\u00e1 na sexta (28\/07), a continuidade se deu na Fazenda do BASA (Maria do Luxo), no distrito de Macuco, em Muria\u00e9. Ap\u00f3s a recep\u00e7\u00e3o, inscri\u00e7\u00e3o e abertura, foram ministradas as palestras: Evolu\u00e7\u00e3o das Fazendas do BASA (com o empres\u00e1rio e pecuarista Dr. Evandro do Carmo Guimar\u00e3es), Produ\u00e7\u00e3o de Silagem Capim BRS Capia\u00e7u (com o pesquisador Paulino Jos\u00e9 Melo Andrade, da Embrapa Gado de Leite) e logo ap\u00f3s apresenta\u00e7\u00e3o de Animais Gir Leiteiro e Girolando Plus F1 (com o m\u00e9dico veterin\u00e1rio Sime\u00e3o Feres Neto), finalizando com almo\u00e7o de confraterniza\u00e7\u00e3o.<\/p>\n<p style=\"text-align: justify;\">Segundo Manoel Carvalho, secret\u00e1rio municipal de Agricultura e Meio Ambiente, o objetivo principal desses eventos \u00e9 difundir tecnologias aos produtores de Muria\u00e9, especialmente pecuaristas de leite. <em>\u201cPudemos contar com o Paulino, que \u00e9 pesquisador, e veio lan\u00e7ar dois tipos de capinhos que ser\u00e3o utilizados para pecu\u00e1ria, que produzem muito e com qualidade nutricional superior, equivalendo at\u00e9 mais do que o nutricional do milho, e apresentar aos produtores o rebanho do Evandro, pecuarista reconhecido nacionalmente, que cedeu sua fazenda, e pudemos fechar o evento com sucesso total. Vamos preparar para ano que vem promovermos um evento ainda melhor. A Prefeitura de Muria\u00e9 est\u00e1 saindo na frente e a Secretaria de Agricultura interagindo com a comunidade. Podemos destacar na pecu\u00e1ria o \u2018Muria\u00e9 Mais Leite\u2019, que atende mais de 200 fam\u00edlias, destacando o produtor rural em Muria\u00e9\u201d,<\/em> destaca.<\/p>\n<p style=\"text-align: justify;\">De acordo com o anfitri\u00e3o, Dr. Evandro do Carmo Guimar\u00e3es, o Brasil tem milhares de pessoas que t\u00eam referencia no chamado Agroneg\u00f3cio. Ele fez um panorama da situa\u00e7\u00e3o vivenciada no pa\u00eds com as principais dificuldades enfrentadas em seu ramo, as poss\u00edveis solu\u00e7\u00f5es e como o evento pode contribuir nessas quest\u00f5es. <em>\u201cTemos uma das principais pecu\u00e1rias do mundo; 210 milh\u00f5es de cabe\u00e7a de boi e muita produ\u00e7\u00e3o leiteira. O que temos \u00e9 foco, grande produ\u00e7\u00e3o, muita diversifica\u00e7\u00e3o, embri\u00f5es de vacas que est\u00e3o fazendo muito sucesso. Temos quase todas as ra\u00e7as, que est\u00e3o aguardando serem receptoras, um Girolando de alta qualidade. Todo pa\u00eds com alto desemprego elege produ\u00e7\u00e3o de leite como prioridade absoluta, porque criar emprego na produ\u00e7\u00e3o leiteira \u00e9 algo muito barato. Ent\u00e3o, estamos avan\u00e7ando, porque a produ\u00e7\u00e3o de gado est\u00e1 aumentando. Agora temos produ\u00e7\u00e3o em \u00e1rea tropical, em Muria\u00e9 temos gado produtivo e r\u00fastico, o giro leiteiro produz mais ov\u00f3citos, ent\u00e3o as coletas s\u00e3o mais fartas. Esse evento \u00e9 importante porque caiu a quantidade de produtores de leite, ent\u00e3o estamos perdendo empregos, estamos num impasse. Ao inv\u00e9s de tirar leite de 100 vacas, tiramos de 50, e produzindo a mesma coisa, utilizando&nbsp; a gen\u00e9tica, uma condi\u00e7\u00e3o indispens\u00e1vel. Temos o melhor Gir Leiteiro do mundo, para isso, portanto nossas condi\u00e7\u00f5es de crescimento do leite s\u00e3o grandes. O problema \u00e9 a parte h\u00eddrica, pois n\u00e3o chove faz tempo em nossa regi\u00e3o\u201d,<\/em> explica.<\/p>\n<p>[ngg_images source=&#8221;galleries&#8221; container_ids=&#8221;1080&#8243; display_type=&#8221;photocrati-nextgen_basic_thumbnails&#8221; override_thumbnail_settings=&#8221;0&#8243; thumbnail_width=&#8221;100&#8243; thumbnail_height=&#8221;75&#8243; thumbnail_crop=&#8221;1&#8243; images_per_page=&#8221;0&#8243; number_of_columns=&#8221;0&#8243; ajax_pagination=&#8221;0&#8243; show_all_in_lightbox=&#8221;0&#8243; use_imagebrowser_effect=&#8221;0&#8243; show_slideshow_link=&#8221;1&#8243; slideshow_link_text=&#8221;[Show as slideshow]&#8221; order_by=&#8221;sortorder&#8221; order_direction=&#8221;ASC&#8221; returns=&#8221;included&#8221; maximum_entity_count=&#8221;500&#8243;]<\/p>\n","protected":false},"excerpt":{"rendered":"<p>Foi realizado, nos dias 27 e 28 de julho, o I Simp\u00f3sio de Desenvolvimento da Pecu\u00e1ria Leiteira da Regi\u00e3o de Muria\u00e9. O evento foi uma realiza\u00e7\u00e3o da Prefeitura de Muria\u00e9, por meio da Secretaria Municipal de Agricultura e Meio Ambiente, e Secretaria de Estado da Agricultura, Pecu\u00e1ria e Abastecimento, por meio da EMATER MG. Na [&hellip;]<\/p>\n","protected":false},"author":2,"featured_media":42003,"comment_status":"open","ping_status":"closed","sticky":false,"template":"","format":"standard","meta":{"_joinchat":[],"footnotes":""},"categories":[1],"tags":[],"class_list":["post-42002","post","type-post","status-publish","format-standard","has-post-thumbnail","hentry","category-sem-categoria"],"_links":{"self":[{"href":"http:\/\/folhadosudeste.com\/site\/index.php?rest_route=\/wp\/v2\/posts\/42002","targetHints":{"allow":["GET"]}}],"collection":[{"href":"http:\/\/folhadosudeste.com\/site\/index.php?rest_route=\/wp\/v2\/posts"}],"about":[{"href":"http:\/\/folhadosudeste.com\/site\/index.php?rest_route=\/wp\/v2\/types\/post"}],"author":[{"embeddable":true,"href":"http:\/\/folhadosudeste.com\/site\/index.php?rest_route=\/wp\/v2\/users\/2"}],"replies":[{"embeddable":true,"href":"http:\/\/folhadosudeste.com\/site\/index.php?rest_route=%2Fwp%2Fv2%2Fcomments&post=42002"}],"version-history":[{"count":3,"href":"http:\/\/folhadosudeste.com\/site\/index.php?rest_route=\/wp\/v2\/posts\/42002\/revisions"}],"predecessor-version":[{"id":42201,"href":"http:\/\/folhadosudeste.com\/site\/index.php?rest_route=\/wp\/v2\/posts\/42002\/revisions\/42201"}],"wp:featuredmedia":[{"embeddable":true,"href":"http:\/\/folhadosudeste.com\/site\/index.php?rest_route=\/wp\/v2\/media\/42003"}],"wp:attachment":[{"href":"http:\/\/folhadosudeste.com\/site\/index.php?rest_route=%2Fwp%2Fv2%2Fmedia&parent=42002"}],"wp:term":[{"taxonomy":"category","embeddable":true,"href":"http:\/\/folhadosudeste.com\/site\/index.php?rest_route=%2Fwp%2Fv2%2Fcategories&post=42002"},{"taxonomy":"post_tag","embeddable":true,"href":"http:\/\/folhadosudeste.com\/site\/index.php?rest_route=%2Fwp%2Fv2%2Ftags&post=42002"}],"curies":[{"name":"wp","href":"https:\/\/api.w.org\/{rel}","templated":true}]}}