{"id":42005,"date":"2017-08-04T14:12:49","date_gmt":"2017-08-04T14:12:49","guid":{"rendered":"http:\/\/folhadosudeste.com\/site\/?p=42005"},"modified":"2017-08-04T14:39:12","modified_gmt":"2017-08-04T14:39:12","slug":"moradores-de-sao-fernando-ganham-ponte-de-acesso-ao-distrito-e-muita-diversao-em-sua-12a-exposicao-agropecuaria","status":"publish","type":"post","link":"http:\/\/folhadosudeste.com\/site\/?p=42005","title":{"rendered":"MORADORES DE S\u00c3O FERNANDO GANHAM PONTE DE ACESSO AO DISTRITO E MUITA DIVERS\u00c3O EM SUA 12\u00aa EXPOSI\u00c7\u00c3O AGROPECU\u00c1RIA"},"content":{"rendered":"<p style=\"text-align: justify;\"><a href=\"http:\/\/folhadosudeste.com\/site\/wp-content\/uploads\/2017\/08\/S\u00c3O-FERNANDO.jpeg\"><img loading=\"lazy\" decoding=\"async\" class=\"aligncenter size-full wp-image-42006\" src=\"http:\/\/folhadosudeste.com\/site\/wp-content\/uploads\/2017\/08\/S\u00c3O-FERNANDO.jpeg\" alt=\"\" width=\"620\" height=\"361\" srcset=\"http:\/\/folhadosudeste.com\/site\/wp-content\/uploads\/2017\/08\/S\u00c3O-FERNANDO.jpeg 620w, http:\/\/folhadosudeste.com\/site\/wp-content\/uploads\/2017\/08\/S\u00c3O-FERNANDO-300x175.jpeg 300w\" sizes=\"auto, (max-width: 620px) 100vw, 620px\" \/><\/a><\/p>\n<p style=\"text-align: justify;\">Foi realizada, entre os dias 27 e 30 de julho, a 12\u00aa Exposi\u00e7\u00e3o Agropecu\u00e1ria do Distrito de S\u00e3o Fernando. A programa\u00e7\u00e3o come\u00e7ou na quinta-feira (27), com a entrada dos animais e dado in\u00edcio ao Concurso Leiteiro. Na sexta-feira (28), foi dada continuidade ao concurso com a primeira e segunda ordenha, al\u00e9m do show de Pedro Sabino. No s\u00e1bado (29), teve Arena Forrozeira e os shows de Marcos &amp; Jobsom, Wesley Rochi e Paulinho dos Teclados. E, para encerrar com chave de ouro, no domingo foi inaugurada a Ponte Jair Cardozo de Mello, que d\u00e1 acesso a Boa Fam\u00edlia. &nbsp;Aconteceu tamb\u00e9m a final do Concurso Leiteiro, Encontro dos Cavaleiros, show de Marcos &amp; Jobsom e churrasco liberado.<\/p>\n<p style=\"text-align: justify;\">Segundo Ver\u00edssimo Lopes de Paiva, h\u00e1 dois anos presidente do Conselho Comunit\u00e1rio de S\u00e3o Fernando, explica que \u00e9 uma grande honra ter seu pedido atendido, com rela\u00e7\u00e3o \u00e0 obten\u00e7\u00e3o da ponte para a comunidade, gra\u00e7as \u00e0 liberdade com o prefeito Grego e o vereador Carlos Delfim. <em>\u201cFico orgulhoso de ser atendido e vejo que tudo que foi prometido est\u00e1 sendo cumprido pela administra\u00e7\u00e3o: o parque de exposi\u00e7\u00f5es constru\u00eddo, a exposi\u00e7\u00e3o patrocinada&#8230; Temos aqui um povo carente, um local de longe acesso, com estradas ruins, ent\u00e3o isso \u00e9 tudo pra gente. Tivemos a entrega dos trof\u00e9us do Concurso do Gado Leiteiro e s\u00f3 temos que agradecer os produtores, que v\u00eam com carinho e considera\u00e7\u00e3o. Ficamos at\u00e9 emocionados e queremos fazer todo ano uma festa 100% como essa. Obrigado \u00e0 minha fam\u00edlia, meus amigos e todos que ap\u00f3iam sempre\u201d,<\/em> destaca.<\/p>\n<p style=\"text-align: justify;\">De acordo com Paulo S\u00e9rgio Costa de Oliveira (Paulinho Construtor), ele est\u00e1 h\u00e1 12 anos participando do evento, ajudando e apoiando os presidentes do Conselho para que a festa aconte\u00e7a. H\u00e1 7 anos consecutivos ele tem sido campe\u00e3o do Concurso Leiteiro. <em>\u201cVemos uma grande participa\u00e7\u00e3o dos produtores, com animais excelentes, gados e novilhas muito bons mesmo. Tudo isso permite melhorar o gado leiteiro da nossa regi\u00e3o, com esse grande incentivo, assim as pessoas buscam uma classifica\u00e7\u00e3o melhor a cada ano. As metas estabelecidas t\u00eam sido muito boas e estou feliz e satisfeito com minha participa\u00e7\u00e3o e premia\u00e7\u00e3o\u201d, <\/em>acrescenta.<\/p>\n<p style=\"text-align: justify;\">Para Manoel Torres Neves Neto, \u00e9 uma grande alegria participar e ver como a Comunidade de S\u00e3o Fernando vem crescendo e progredindo e como est\u00e3o conseguindo produzir leite mesmo nessa dificuldade em que o pa\u00eds se encontra. <em>\u201cPudemos ver animais de padr\u00f5es admir\u00e1veis e sabemos que poucas localidades t\u00eam esse padr\u00e3o de produ\u00e7\u00e3o que observamos aqui. Fico feliz de participar mais uma vez e esperamos que essa alta qualidade seja mantida. Obrigado a todos pela participa\u00e7\u00e3o\u201d,<\/em> finaliza.<\/p>\n<p>[ngg_images source=&#8221;galleries&#8221; container_ids=&#8221;1081&#8243; display_type=&#8221;photocrati-nextgen_basic_thumbnails&#8221; override_thumbnail_settings=&#8221;0&#8243; thumbnail_width=&#8221;100&#8243; thumbnail_height=&#8221;75&#8243; thumbnail_crop=&#8221;1&#8243; images_per_page=&#8221;0&#8243; number_of_columns=&#8221;0&#8243; ajax_pagination=&#8221;0&#8243; show_all_in_lightbox=&#8221;0&#8243; use_imagebrowser_effect=&#8221;0&#8243; show_slideshow_link=&#8221;1&#8243; slideshow_link_text=&#8221;[Show as slideshow]&#8221; order_by=&#8221;sortorder&#8221; order_direction=&#8221;ASC&#8221; returns=&#8221;included&#8221; maximum_entity_count=&#8221;500&#8243;]<\/p>\n","protected":false},"excerpt":{"rendered":"<p>Foi realizada, entre os dias 27 e 30 de julho, a 12\u00aa Exposi\u00e7\u00e3o Agropecu\u00e1ria do Distrito de S\u00e3o Fernando. A programa\u00e7\u00e3o come\u00e7ou na quinta-feira (27), com a entrada dos animais e dado in\u00edcio ao Concurso Leiteiro. Na sexta-feira (28), foi dada continuidade ao concurso com a primeira e segunda ordenha, al\u00e9m do show de Pedro [&hellip;]<\/p>\n","protected":false},"author":2,"featured_media":42006,"comment_status":"open","ping_status":"closed","sticky":false,"template":"","format":"standard","meta":{"_joinchat":[],"footnotes":""},"categories":[1],"tags":[],"class_list":["post-42005","post","type-post","status-publish","format-standard","has-post-thumbnail","hentry","category-sem-categoria"],"_links":{"self":[{"href":"http:\/\/folhadosudeste.com\/site\/index.php?rest_route=\/wp\/v2\/posts\/42005","targetHints":{"allow":["GET"]}}],"collection":[{"href":"http:\/\/folhadosudeste.com\/site\/index.php?rest_route=\/wp\/v2\/posts"}],"about":[{"href":"http:\/\/folhadosudeste.com\/site\/index.php?rest_route=\/wp\/v2\/types\/post"}],"author":[{"embeddable":true,"href":"http:\/\/folhadosudeste.com\/site\/index.php?rest_route=\/wp\/v2\/users\/2"}],"replies":[{"embeddable":true,"href":"http:\/\/folhadosudeste.com\/site\/index.php?rest_route=%2Fwp%2Fv2%2Fcomments&post=42005"}],"version-history":[{"count":2,"href":"http:\/\/folhadosudeste.com\/site\/index.php?rest_route=\/wp\/v2\/posts\/42005\/revisions"}],"predecessor-version":[{"id":42214,"href":"http:\/\/folhadosudeste.com\/site\/index.php?rest_route=\/wp\/v2\/posts\/42005\/revisions\/42214"}],"wp:featuredmedia":[{"embeddable":true,"href":"http:\/\/folhadosudeste.com\/site\/index.php?rest_route=\/wp\/v2\/media\/42006"}],"wp:attachment":[{"href":"http:\/\/folhadosudeste.com\/site\/index.php?rest_route=%2Fwp%2Fv2%2Fmedia&parent=42005"}],"wp:term":[{"taxonomy":"category","embeddable":true,"href":"http:\/\/folhadosudeste.com\/site\/index.php?rest_route=%2Fwp%2Fv2%2Fcategories&post=42005"},{"taxonomy":"post_tag","embeddable":true,"href":"http:\/\/folhadosudeste.com\/site\/index.php?rest_route=%2Fwp%2Fv2%2Ftags&post=42005"}],"curies":[{"name":"wp","href":"https:\/\/api.w.org\/{rel}","templated":true}]}}