{"id":42011,"date":"2017-08-04T14:15:06","date_gmt":"2017-08-04T14:15:06","guid":{"rendered":"http:\/\/folhadosudeste.com\/site\/?p=42011"},"modified":"2017-08-04T14:41:47","modified_gmt":"2017-08-04T14:41:47","slug":"grande-publico-da-regiao-prestigia-vii-semana-municipal-de-cultura-de-vieiras","status":"publish","type":"post","link":"http:\/\/folhadosudeste.com\/site\/?p=42011","title":{"rendered":"GRANDE P\u00daBLICO DA REGI\u00c3O PRESTIGIA VII SEMANA MUNICIPAL DE CULTURA DE VIEIRAS"},"content":{"rendered":"<p style=\"text-align: justify;\"><a href=\"http:\/\/folhadosudeste.com\/site\/wp-content\/uploads\/2017\/08\/VIEIRAS.jpg\"><img loading=\"lazy\" decoding=\"async\" class=\"aligncenter size-full wp-image-42012\" src=\"http:\/\/folhadosudeste.com\/site\/wp-content\/uploads\/2017\/08\/VIEIRAS.jpg\" alt=\"\" width=\"620\" height=\"305\" srcset=\"http:\/\/folhadosudeste.com\/site\/wp-content\/uploads\/2017\/08\/VIEIRAS.jpg 620w, http:\/\/folhadosudeste.com\/site\/wp-content\/uploads\/2017\/08\/VIEIRAS-300x148.jpg 300w\" sizes=\"auto, (max-width: 620px) 100vw, 620px\" \/><\/a><\/p>\n<p style=\"text-align: justify;\">Um grande p\u00fablico da regi\u00e3o prestigiou a VII Semana Municipal de Cultura de Vieiras, que aconteceu entre os dias 23 e 30 de julho, na Pra\u00e7a Dom Delfim do munic\u00edpio e com entrada franca todos os dias. Essa foi mais uma realiza\u00e7\u00e3o da Administra\u00e7\u00e3o 2017-2020, com uma programa\u00e7\u00e3o diversificada, preparada para agradar todos os tipos de p\u00fablico.<\/p>\n<p style=\"text-align: justify;\">No dia 23\/07 teve Desfile dos Carros de Boi pelas ruas, Abertura Oficial e os shows de Amigos da Viola e Robson Andrade. No dia 24\/07, aconteceu a apresenta\u00e7\u00e3o dos alunos das Oficinas de Viol\u00e3o do CRAS e as apresenta\u00e7\u00f5es de artistas locais (Rivaldo &amp; Mateus, Patr\u00edcia Rodrigues e Lorena &amp; Ariane). Dia 25\/07 foi a vez das apresenta\u00e7\u00f5es de dan\u00e7a, o Grupo de Folia de Vieiras e Regi\u00e3o e o show da banda Forr\u00f3 Mais. Dia 26\/07, aconteceu um Louvor Evang\u00e9lico (Igrejas locais e prega\u00e7\u00e3o do Rev. Wilson Reis), al\u00e9m do show evang\u00e9lico de Wellinson &amp; Iv\u00e2nia. Dia 27\/07, teve Encontro de Amigos Sanfoneiros e Violeiros (Adilson Martins, Vin\u00edcius e Z\u00e9 Assis), Encontr\u00e3o da Melhor Idade de Vieiras e Regi\u00e3o (8 cidades), apresenta\u00e7\u00e3o de artistas locais e Ramires Show. Dia 28\/07 foi a vez do Grupo Folcl\u00f3rico Santa Terezinha (de Muria\u00e9), apresenta\u00e7\u00f5es culturais e os shows de Althair &amp; Alexandre e Matheus Luccato. O dia mais aguardado foi o s\u00e1bado (29), cuja programa\u00e7\u00e3o inclu\u00eda Torneio Esportivo, Campeonato de Peteca, I Mostra de Parapente de Vieiras, Missa e Show com Pe. Ant\u00f4nio Maria, al\u00e9m do show da dupla Cristiano Banni &amp; Daniel. E, para encerrar com chave de ouro, no domingo (30), teve a continua\u00e7\u00e3o da Mostra de Parapente, o II Encontro Regional de Cosplay de Vieiras, show infantil com a Banda Ouro de Minas e show com Tonho Prado &amp; Banda.<\/p>\n<p style=\"text-align: justify;\">Para Adriano Santos, prefeito de Vieiras, foi uma grande satisfa\u00e7\u00e3o realizar a Semana de Cultura, com v\u00e1rios shows. <em>\u201c\u00c9 uma oportunidade de proporcionar divers\u00e3o e entretenimento ao p\u00fablico de Vieiras e regi\u00e3o. Ao mesmo tempo, gera economia para nosso munic\u00edpio, pois tem pessoas das cidades vizinhas e at\u00e9 mesmo outras mais distantes para prestigiar. Pretendo dar continuidade ao nosso calend\u00e1rio de eventos. J\u00e1 tinha 6 anos que o ex-prefeito Ney fazia essa festa e esse \u00e9 meu primeiro ano. Vou tentando melhorar. Faremos cavalgada e muitas outras festividades. Passaram por nossa cidade cerca de 15 mil pessoas. S\u00f3 no dia do show do Pe. Antonio Maria foram umas 7 mil pessoas, pois ele arrasta um grande p\u00fablico. Chama-se Semana de Cultura pela programa\u00e7\u00e3o diversificada e faz parte da nossa administra\u00e7\u00e3o. Agrade\u00e7o ao povo e todos que trabalharam muito, nosso ex-prefeito Nei que ajudou bastante, e tamb\u00e9m a Secretaria de Cultura,atrav\u00e9s da secret\u00e1ria Juliana e equipe\u201d, <\/em>destaca.<\/p>\n<p style=\"text-align: justify;\">Valdinei Chicarelli de Andrade (o ex-prefeito Ney) declarou estar muito feliz por ver a continuidade da festa. <em>\u201cEstamos a\u00ed apoiando o Adriano em tudo que ele precisar. O evento foi sucesso total e agrade\u00e7o toda equipe da Prefeitura, que est\u00e1 trabalhando junto com o Adriano, fazendo um grande mandato e melhorando cada vez mais. Que continue assim\u201d,<\/em> acrescenta.<\/p>\n<p style=\"text-align: justify;\">Os cantores Daniel &amp; Cristiano, de Miradouro, deixaram um grande abra\u00e7o a todos que lhes prestigiaram, agradecendo pelo carinho de sempre e pela for\u00e7a na divulga\u00e7\u00e3o de seu trabalho, agradeceu tamb\u00e9m o prefeito Adriano pela oportunidade.<\/p>\n<p style=\"text-align: justify;\">Pe. Antonio Maria, pela primeira vez em Vieiras, disse que \u00e9 uma alegria muito grande estar presente, conhecendo os irm\u00e3os da f\u00e9 e participando dessa semana. <em>\u201cMinha agenda \u00e9 um pouco complicada, mas a Miss\u00e3o Evangelizadora \u00e9 essa. Parab\u00e9ns ao prefeito e todos que organizaram esse show. A religi\u00e3o e a nossa f\u00e9 cat\u00f3lica t\u00eam uma responsabilidade muito grande na nossa cultura. A cultura religiosa come\u00e7ou desde o inicio da nossa p\u00e1tria e \u00e9 bonito isso. Gostaria de deixar uma mensagem a todos: que Jesus \u00e9 um bom Deus, que nos ama, e que devemos aproveitar essa bondade de miseric\u00f3rdia Dele e fazer tudo para merecer as Gra\u00e7as\u201d,<\/em> finaliza.<\/p>\n<p>[ngg_images source=&#8221;galleries&#8221; container_ids=&#8221;1083&#8243; display_type=&#8221;photocrati-nextgen_basic_thumbnails&#8221; override_thumbnail_settings=&#8221;0&#8243; thumbnail_width=&#8221;100&#8243; thumbnail_height=&#8221;75&#8243; thumbnail_crop=&#8221;1&#8243; images_per_page=&#8221;0&#8243; number_of_columns=&#8221;0&#8243; ajax_pagination=&#8221;0&#8243; show_all_in_lightbox=&#8221;0&#8243; use_imagebrowser_effect=&#8221;0&#8243; show_slideshow_link=&#8221;1&#8243; slideshow_link_text=&#8221;[Show as slideshow]&#8221; order_by=&#8221;sortorder&#8221; order_direction=&#8221;ASC&#8221; returns=&#8221;included&#8221; maximum_entity_count=&#8221;500&#8243;]<\/p>\n","protected":false},"excerpt":{"rendered":"<p>Um grande p\u00fablico da regi\u00e3o prestigiou a VII Semana Municipal de Cultura de Vieiras, que aconteceu entre os dias 23 e 30 de julho, na Pra\u00e7a Dom Delfim do munic\u00edpio e com entrada franca todos os dias. Essa foi mais uma realiza\u00e7\u00e3o da Administra\u00e7\u00e3o 2017-2020, com uma programa\u00e7\u00e3o diversificada, preparada para agradar todos os tipos [&hellip;]<\/p>\n","protected":false},"author":2,"featured_media":42012,"comment_status":"open","ping_status":"closed","sticky":false,"template":"","format":"standard","meta":{"_joinchat":[],"footnotes":""},"categories":[1],"tags":[],"class_list":["post-42011","post","type-post","status-publish","format-standard","has-post-thumbnail","hentry","category-sem-categoria"],"_links":{"self":[{"href":"http:\/\/folhadosudeste.com\/site\/index.php?rest_route=\/wp\/v2\/posts\/42011","targetHints":{"allow":["GET"]}}],"collection":[{"href":"http:\/\/folhadosudeste.com\/site\/index.php?rest_route=\/wp\/v2\/posts"}],"about":[{"href":"http:\/\/folhadosudeste.com\/site\/index.php?rest_route=\/wp\/v2\/types\/post"}],"author":[{"embeddable":true,"href":"http:\/\/folhadosudeste.com\/site\/index.php?rest_route=\/wp\/v2\/users\/2"}],"replies":[{"embeddable":true,"href":"http:\/\/folhadosudeste.com\/site\/index.php?rest_route=%2Fwp%2Fv2%2Fcomments&post=42011"}],"version-history":[{"count":2,"href":"http:\/\/folhadosudeste.com\/site\/index.php?rest_route=\/wp\/v2\/posts\/42011\/revisions"}],"predecessor-version":[{"id":42245,"href":"http:\/\/folhadosudeste.com\/site\/index.php?rest_route=\/wp\/v2\/posts\/42011\/revisions\/42245"}],"wp:featuredmedia":[{"embeddable":true,"href":"http:\/\/folhadosudeste.com\/site\/index.php?rest_route=\/wp\/v2\/media\/42012"}],"wp:attachment":[{"href":"http:\/\/folhadosudeste.com\/site\/index.php?rest_route=%2Fwp%2Fv2%2Fmedia&parent=42011"}],"wp:term":[{"taxonomy":"category","embeddable":true,"href":"http:\/\/folhadosudeste.com\/site\/index.php?rest_route=%2Fwp%2Fv2%2Fcategories&post=42011"},{"taxonomy":"post_tag","embeddable":true,"href":"http:\/\/folhadosudeste.com\/site\/index.php?rest_route=%2Fwp%2Fv2%2Ftags&post=42011"}],"curies":[{"name":"wp","href":"https:\/\/api.w.org\/{rel}","templated":true}]}}