{"id":42269,"date":"2017-08-08T19:48:46","date_gmt":"2017-08-08T19:48:46","guid":{"rendered":"http:\/\/folhadosudeste.com\/site\/?p=42269"},"modified":"2017-08-08T19:50:25","modified_gmt":"2017-08-08T19:50:25","slug":"rua-reestruturada-na-barra-oferecera-novo-acesso-a-cidade","status":"publish","type":"post","link":"http:\/\/folhadosudeste.com\/site\/?p=42269","title":{"rendered":"RUA REESTRUTURADA NA BARRA OFERECER\u00c1 NOVO ACESSO \u00c0 CIDADE"},"content":{"rendered":"<p><a href=\"http:\/\/folhadosudeste.com\/site\/wp-content\/uploads\/2017\/08\/IMG_4383.jpg\"><img loading=\"lazy\" decoding=\"async\" class=\"aligncenter wp-image-42270 size-large\" src=\"http:\/\/folhadosudeste.com\/site\/wp-content\/uploads\/2017\/08\/IMG_4383-1024x683.jpg\" alt=\"\" width=\"620\" height=\"414\" srcset=\"http:\/\/folhadosudeste.com\/site\/wp-content\/uploads\/2017\/08\/IMG_4383-1024x683.jpg 1024w, http:\/\/folhadosudeste.com\/site\/wp-content\/uploads\/2017\/08\/IMG_4383-300x200.jpg 300w, http:\/\/folhadosudeste.com\/site\/wp-content\/uploads\/2017\/08\/IMG_4383-768x512.jpg 768w, http:\/\/folhadosudeste.com\/site\/wp-content\/uploads\/2017\/08\/IMG_4383-290x195.jpg 290w, http:\/\/folhadosudeste.com\/site\/wp-content\/uploads\/2017\/08\/IMG_4383.jpg 2048w\" sizes=\"auto, (max-width: 620px) 100vw, 620px\" \/><\/a><\/p>\n<p style=\"text-align: justify;\"><em>Prefeitura reforma via para restabelecer tr\u00e2nsito de ve\u00edculos pesados e dar mais seguran\u00e7a a moradores<\/em><\/p>\n<p style=\"text-align: justify;\">A obra de reconstru\u00e7\u00e3o da Rua Antero Lopes de Carvalho, prolongamento da Marechal Floriano, na Barra (acima do T\u00fanel Dornelas), ir\u00e1 oferecer um novo acesso \u00e0 cidade. A Prefeitura de Muria\u00e9 est\u00e1 restabelecendo a via e o retorno do tr\u00e2nsito de ve\u00edculos pesados. O benef\u00edcio trar\u00e1 mais seguran\u00e7a para os moradores da regi\u00e3o devido \u00e0 eros\u00e3o que se agravava aceleradamente no local, e que foi interrompida com as reformas. A a\u00e7\u00e3o tamb\u00e9m facilitar\u00e1 a entrada e sa\u00edda para a BR-116, al\u00e9m de favorecer a instala\u00e7\u00e3o de novos empreendimentos na regi\u00e3o.<\/p>\n<p style=\"text-align: justify;\">A nova via est\u00e1 recebendo o asfalto e j\u00e1 est\u00e1 pronta para acolher o tr\u00e2nsito de ve\u00edculos entre a Barra e a regi\u00e3o do Posto Santa Helena. \u201cEstamos realizando o asfaltamento da via esta semana, assim como implantando o meio-fio para ent\u00e3o partir para a constru\u00e7\u00e3o das cal\u00e7adas. O pr\u00f3ximo passo ser\u00e1 a constru\u00e7\u00e3o da canaliza\u00e7\u00e3o das \u00e1guas das chuvas\u201d,&nbsp;explicou o secret\u00e1rio de Obras P\u00fablicas e Urbanismo, Aderbal Fernandes.<\/p>\n<p style=\"text-align: justify;\">Margarida Ferreira, uma das primeiras moradoras da Rua Antero Lopes, mora com filhos e netos, e explica a satisfa\u00e7\u00e3o ao ter de volta a seguran\u00e7a no local. \u201cPoderemos dormir em paz de novo. Corr\u00edamos o risco de perdermos nossas casas. O prolongamento da rua estava desabitado e sem condi\u00e7\u00f5es de receber novas constru\u00e7\u00f5es. Ganhamos um presente sem dimens\u00f5es\u201d, disse.<\/p>\n<p style=\"text-align: justify;\"><strong>Obra trar\u00e1 oportunidades de com\u00e9rcio e desenvolvimento para regi\u00e3o<\/strong><\/p>\n<p style=\"text-align: justify;\">Os pr\u00f3ximos passos da obra ser\u00e3o a cria\u00e7\u00e3o das galerias de recolhimento das \u00e1guas das chuvas (drenagem) e a cria\u00e7\u00e3o das cal\u00e7adas. \u201cTriplicamos a largura da rua e organizamos o acesso \u00e0 cidade pelo bairro Santa Helena. Uma nova maneira para escoar o tr\u00e2nsito at\u00e9 a rodovia. O restabelecimento desta regi\u00e3o tamb\u00e9m abrir\u00e1 oportunidades para novos loteamentos e com\u00e9rcios. Assim vamos construindo um novo caminho para Muria\u00e9, tornando nossa cidade mais acolhedora e atraindo mais investimentos\u201d, afirmou o prefeito Grego.<\/p>\n","protected":false},"excerpt":{"rendered":"<p>Prefeitura reforma via para restabelecer tr\u00e2nsito de ve\u00edculos pesados e dar mais seguran\u00e7a a moradores A obra de reconstru\u00e7\u00e3o da Rua Antero Lopes de Carvalho, prolongamento da Marechal Floriano, na Barra (acima do T\u00fanel Dornelas), ir\u00e1 oferecer um novo acesso \u00e0 cidade. A Prefeitura de Muria\u00e9 est\u00e1 restabelecendo a via e o retorno do tr\u00e2nsito [&hellip;]<\/p>\n","protected":false},"author":6,"featured_media":42270,"comment_status":"open","ping_status":"closed","sticky":false,"template":"","format":"standard","meta":{"_joinchat":[],"footnotes":""},"categories":[1],"tags":[],"class_list":["post-42269","post","type-post","status-publish","format-standard","has-post-thumbnail","hentry","category-sem-categoria"],"_links":{"self":[{"href":"http:\/\/folhadosudeste.com\/site\/index.php?rest_route=\/wp\/v2\/posts\/42269","targetHints":{"allow":["GET"]}}],"collection":[{"href":"http:\/\/folhadosudeste.com\/site\/index.php?rest_route=\/wp\/v2\/posts"}],"about":[{"href":"http:\/\/folhadosudeste.com\/site\/index.php?rest_route=\/wp\/v2\/types\/post"}],"author":[{"embeddable":true,"href":"http:\/\/folhadosudeste.com\/site\/index.php?rest_route=\/wp\/v2\/users\/6"}],"replies":[{"embeddable":true,"href":"http:\/\/folhadosudeste.com\/site\/index.php?rest_route=%2Fwp%2Fv2%2Fcomments&post=42269"}],"version-history":[{"count":1,"href":"http:\/\/folhadosudeste.com\/site\/index.php?rest_route=\/wp\/v2\/posts\/42269\/revisions"}],"predecessor-version":[{"id":42271,"href":"http:\/\/folhadosudeste.com\/site\/index.php?rest_route=\/wp\/v2\/posts\/42269\/revisions\/42271"}],"wp:featuredmedia":[{"embeddable":true,"href":"http:\/\/folhadosudeste.com\/site\/index.php?rest_route=\/wp\/v2\/media\/42270"}],"wp:attachment":[{"href":"http:\/\/folhadosudeste.com\/site\/index.php?rest_route=%2Fwp%2Fv2%2Fmedia&parent=42269"}],"wp:term":[{"taxonomy":"category","embeddable":true,"href":"http:\/\/folhadosudeste.com\/site\/index.php?rest_route=%2Fwp%2Fv2%2Fcategories&post=42269"},{"taxonomy":"post_tag","embeddable":true,"href":"http:\/\/folhadosudeste.com\/site\/index.php?rest_route=%2Fwp%2Fv2%2Ftags&post=42269"}],"curies":[{"name":"wp","href":"https:\/\/api.w.org\/{rel}","templated":true}]}}