{"id":42273,"date":"2017-08-10T12:40:35","date_gmt":"2017-08-10T12:40:35","guid":{"rendered":"http:\/\/folhadosudeste.com\/site\/?p=42273"},"modified":"2017-08-10T12:56:18","modified_gmt":"2017-08-10T12:56:18","slug":"acidente-na-br-116-proximo-a-miradouro-deixa-duas-pessoas-feriadas","status":"publish","type":"post","link":"http:\/\/folhadosudeste.com\/site\/?p=42273","title":{"rendered":"ACIDENTE NA BR 116, PR\u00d3XIMO A MIRADOURO DEIXA DUAS PESSOAS FERIADAS."},"content":{"rendered":"<p><a href=\"http:\/\/folhadosudeste.com\/site\/?attachment_id=42274\" rel=\"attachment wp-att-42274\"><img loading=\"lazy\" decoding=\"async\" class=\"aligncenter size-full wp-image-42274\" src=\"http:\/\/folhadosudeste.com\/site\/wp-content\/uploads\/2017\/08\/acidente.png\" alt=\"\" width=\"602\" height=\"344\" srcset=\"http:\/\/folhadosudeste.com\/site\/wp-content\/uploads\/2017\/08\/acidente.png 602w, http:\/\/folhadosudeste.com\/site\/wp-content\/uploads\/2017\/08\/acidente-300x171.png 300w\" sizes=\"auto, (max-width: 602px) 100vw, 602px\" \/><\/a><\/p>\n<p style=\"text-align: justify;\">A Pol\u00edcia Rodovi\u00e1ria Federal registrou o acidente na tarde de quarta-feira envolvendo um autom\u00f3vel Parati, e um caminh\u00e3o Mercedes-Benz BR-116, pr\u00f3ximo o viaduto entre as cidades de Miradouro e Fervedouro. Com o choque, o caminh\u00e3o perdeu o controle e parou com a frente fora da rodovia, ocupando o acostamento e parte da via. O autom\u00f3vel ficou com a dianteira totalmente destru\u00edda. &nbsp;As v\u00edtimas foram socorridas pelo SAMU e trazidas para o hospital em Muria\u00e9. At\u00e9 o momento n\u00e3o h\u00e1 informa\u00e7\u00f5es oficiais sobre o estado de sa\u00fade de ambos. A Pol\u00edcia Rodovi\u00e1ria Federal compareceu ao &nbsp;local e ficou respons\u00e1vel pelo registro da ocorr\u00eancia. As causas do acidente ainda ser\u00e3o apuradas. (Fotos: http:\/\/www.portalmiradouro.com.br)<\/p>\n<p>&nbsp;<\/p>\n<p>[ngg_images source=&#8221;galleries&#8221; container_ids=&#8221;1084&#8243; display_type=&#8221;photocrati-nextgen_basic_thumbnails&#8221; override_thumbnail_settings=&#8221;0&#8243; thumbnail_width=&#8221;100&#8243; thumbnail_height=&#8221;75&#8243; thumbnail_crop=&#8221;1&#8243; images_per_page=&#8221;0&#8243; number_of_columns=&#8221;0&#8243; ajax_pagination=&#8221;0&#8243; show_all_in_lightbox=&#8221;0&#8243; use_imagebrowser_effect=&#8221;0&#8243; show_slideshow_link=&#8221;1&#8243; slideshow_link_text=&#8221;[Show as slideshow]&#8221; order_by=&#8221;sortorder&#8221; order_direction=&#8221;ASC&#8221; returns=&#8221;included&#8221; maximum_entity_count=&#8221;500&#8243;]&nbsp;<\/p>\n<p>&nbsp;<\/p>\n","protected":false},"excerpt":{"rendered":"<p>A Pol\u00edcia Rodovi\u00e1ria Federal registrou o acidente na tarde de quarta-feira envolvendo um autom\u00f3vel Parati, e um caminh\u00e3o Mercedes-Benz BR-116, pr\u00f3ximo o viaduto entre as cidades de Miradouro e Fervedouro. Com o choque, o caminh\u00e3o perdeu o controle e parou com a frente fora da rodovia, ocupando o acostamento e parte da via. O autom\u00f3vel [&hellip;]<\/p>\n","protected":false},"author":3,"featured_media":42274,"comment_status":"open","ping_status":"closed","sticky":false,"template":"","format":"standard","meta":{"_joinchat":[],"footnotes":""},"categories":[1],"tags":[],"class_list":["post-42273","post","type-post","status-publish","format-standard","has-post-thumbnail","hentry","category-sem-categoria"],"_links":{"self":[{"href":"http:\/\/folhadosudeste.com\/site\/index.php?rest_route=\/wp\/v2\/posts\/42273","targetHints":{"allow":["GET"]}}],"collection":[{"href":"http:\/\/folhadosudeste.com\/site\/index.php?rest_route=\/wp\/v2\/posts"}],"about":[{"href":"http:\/\/folhadosudeste.com\/site\/index.php?rest_route=\/wp\/v2\/types\/post"}],"author":[{"embeddable":true,"href":"http:\/\/folhadosudeste.com\/site\/index.php?rest_route=\/wp\/v2\/users\/3"}],"replies":[{"embeddable":true,"href":"http:\/\/folhadosudeste.com\/site\/index.php?rest_route=%2Fwp%2Fv2%2Fcomments&post=42273"}],"version-history":[{"count":4,"href":"http:\/\/folhadosudeste.com\/site\/index.php?rest_route=\/wp\/v2\/posts\/42273\/revisions"}],"predecessor-version":[{"id":42298,"href":"http:\/\/folhadosudeste.com\/site\/index.php?rest_route=\/wp\/v2\/posts\/42273\/revisions\/42298"}],"wp:featuredmedia":[{"embeddable":true,"href":"http:\/\/folhadosudeste.com\/site\/index.php?rest_route=\/wp\/v2\/media\/42274"}],"wp:attachment":[{"href":"http:\/\/folhadosudeste.com\/site\/index.php?rest_route=%2Fwp%2Fv2%2Fmedia&parent=42273"}],"wp:term":[{"taxonomy":"category","embeddable":true,"href":"http:\/\/folhadosudeste.com\/site\/index.php?rest_route=%2Fwp%2Fv2%2Fcategories&post=42273"},{"taxonomy":"post_tag","embeddable":true,"href":"http:\/\/folhadosudeste.com\/site\/index.php?rest_route=%2Fwp%2Fv2%2Ftags&post=42273"}],"curies":[{"name":"wp","href":"https:\/\/api.w.org\/{rel}","templated":true}]}}