{"id":42363,"date":"2017-08-11T13:47:10","date_gmt":"2017-08-11T13:47:10","guid":{"rendered":"http:\/\/folhadosudeste.com\/site\/?p=42363"},"modified":"2017-08-11T13:47:10","modified_gmt":"2017-08-11T13:47:10","slug":"dia-dos-pais-a-historia-da-data-comemorativa","status":"publish","type":"post","link":"http:\/\/folhadosudeste.com\/site\/?p=42363","title":{"rendered":"DIA DOS PAIS: A HIST\u00d3RIA DA DATA COMEMORATIVA"},"content":{"rendered":"<p style=\"text-align: justify;\"><a href=\"http:\/\/folhadosudeste.com\/site\/wp-content\/uploads\/2017\/08\/DIA-DOS-PAIS.jpg\"><img loading=\"lazy\" decoding=\"async\" class=\"aligncenter size-full wp-image-42364\" src=\"http:\/\/folhadosudeste.com\/site\/wp-content\/uploads\/2017\/08\/DIA-DOS-PAIS.jpg\" alt=\"\" width=\"620\" height=\"236\" srcset=\"http:\/\/folhadosudeste.com\/site\/wp-content\/uploads\/2017\/08\/DIA-DOS-PAIS.jpg 620w, http:\/\/folhadosudeste.com\/site\/wp-content\/uploads\/2017\/08\/DIA-DOS-PAIS-300x114.jpg 300w\" sizes=\"auto, (max-width: 620px) 100vw, 620px\" \/><\/a><\/p>\n<p style=\"text-align: justify;\">Atualmente, tal como o&nbsp;dia das m\u00e3es, o&nbsp;dia dos pais&nbsp;\u00e9 uma das datas mais prestigiadas no mundo como um todo e no Brasil, em especial. Entretanto, pouco se sabe sobre a origem dessa data.<\/p>\n<p style=\"text-align: justify;\">No Brasil, ela \u00e9 comemorada no segundo domingo de agosto, mas j\u00e1 foi comemorada fixamente no dia 16 desse mesmo m\u00eas.<\/p>\n<p style=\"text-align: justify;\"><strong>Origem da comemora\u00e7\u00e3o no Brasil<\/strong><\/p>\n<p style=\"text-align: justify;\">No Brasil, o dia dos pais s\u00f3 foi comemorado pela primeira vez em&nbsp;1953, no dia&nbsp;16 de agosto. Ao contr\u00e1rio do que ocorreu nos EUA, essa data n\u00e3o foi pensada como forma de homenagem local e simples, que se alastrou depois, sem planejamento. Na verdade, ela foi pensada por um publicit\u00e1rio chamado&nbsp;Sylvio Bhering, na \u00e9poca diretor do jornal&nbsp;O Globo&nbsp;e da r\u00e1dio Hom\u00f4nima.<\/p>\n<p style=\"text-align: justify;\">O objetivo de Bhering era tanto social quanto comercial. A tentativa inicial foi associar a data ao dia de&nbsp;S\u00e3o Joaquim, pai de&nbsp;Maria,&nbsp;m\u00e3e de&nbsp;Jesus Cristo, que \u00e9 comemorado em 16 de agosto, no calend\u00e1rio lit\u00fargico da Igreja Cat\u00f3lica, j\u00e1 que a popula\u00e7\u00e3o brasileira era predominantemente constitu\u00edda de cat\u00f3licos. No entanto, nos anos seguintes, a data tamb\u00e9m foi deslocada para um domingo, o&nbsp;segundo domingo do m\u00eas de agosto&nbsp;\u2013&nbsp;e assim permanece at\u00e9 hoje. Este ano de 2017, ser\u00e1 comemorado em 13 de agosto.<\/p>\n<p style=\"text-align: justify;\">Fonte: Me. Cl\u00e1udio Fernandes (Brasil Escola).<\/p>\n","protected":false},"excerpt":{"rendered":"<p>Atualmente, tal como o&nbsp;dia das m\u00e3es, o&nbsp;dia dos pais&nbsp;\u00e9 uma das datas mais prestigiadas no mundo como um todo e no Brasil, em especial. Entretanto, pouco se sabe sobre a origem dessa data. No Brasil, ela \u00e9 comemorada no segundo domingo de agosto, mas j\u00e1 foi comemorada fixamente no dia 16 desse mesmo m\u00eas. Origem [&hellip;]<\/p>\n","protected":false},"author":2,"featured_media":42364,"comment_status":"open","ping_status":"closed","sticky":false,"template":"","format":"standard","meta":{"_joinchat":[],"footnotes":""},"categories":[1],"tags":[],"class_list":["post-42363","post","type-post","status-publish","format-standard","has-post-thumbnail","hentry","category-sem-categoria"],"_links":{"self":[{"href":"http:\/\/folhadosudeste.com\/site\/index.php?rest_route=\/wp\/v2\/posts\/42363","targetHints":{"allow":["GET"]}}],"collection":[{"href":"http:\/\/folhadosudeste.com\/site\/index.php?rest_route=\/wp\/v2\/posts"}],"about":[{"href":"http:\/\/folhadosudeste.com\/site\/index.php?rest_route=\/wp\/v2\/types\/post"}],"author":[{"embeddable":true,"href":"http:\/\/folhadosudeste.com\/site\/index.php?rest_route=\/wp\/v2\/users\/2"}],"replies":[{"embeddable":true,"href":"http:\/\/folhadosudeste.com\/site\/index.php?rest_route=%2Fwp%2Fv2%2Fcomments&post=42363"}],"version-history":[{"count":1,"href":"http:\/\/folhadosudeste.com\/site\/index.php?rest_route=\/wp\/v2\/posts\/42363\/revisions"}],"predecessor-version":[{"id":42365,"href":"http:\/\/folhadosudeste.com\/site\/index.php?rest_route=\/wp\/v2\/posts\/42363\/revisions\/42365"}],"wp:featuredmedia":[{"embeddable":true,"href":"http:\/\/folhadosudeste.com\/site\/index.php?rest_route=\/wp\/v2\/media\/42364"}],"wp:attachment":[{"href":"http:\/\/folhadosudeste.com\/site\/index.php?rest_route=%2Fwp%2Fv2%2Fmedia&parent=42363"}],"wp:term":[{"taxonomy":"category","embeddable":true,"href":"http:\/\/folhadosudeste.com\/site\/index.php?rest_route=%2Fwp%2Fv2%2Fcategories&post=42363"},{"taxonomy":"post_tag","embeddable":true,"href":"http:\/\/folhadosudeste.com\/site\/index.php?rest_route=%2Fwp%2Fv2%2Ftags&post=42363"}],"curies":[{"name":"wp","href":"https:\/\/api.w.org\/{rel}","templated":true}]}}