{"id":42366,"date":"2017-08-11T13:48:07","date_gmt":"2017-08-11T13:48:07","guid":{"rendered":"http:\/\/folhadosudeste.com\/site\/?p=42366"},"modified":"2017-08-11T14:01:41","modified_gmt":"2017-08-11T14:01:41","slug":"cerca-de-sete-toneladas-de-alimentos-sao-arrecadadas-na-15a-gincana-cultural-da-esp-e-distribuidas-para-onze-instituicoes-sociais","status":"publish","type":"post","link":"http:\/\/folhadosudeste.com\/site\/?p=42366","title":{"rendered":"CERCA DE SETE TONELADAS DE ALIMENTOS S\u00c3O ARRECADADAS NA 15\u00aa GINCANA CULTURAL DA ESP E DISTRIBU\u00cdDAS PARA ONZE INSTITUI\u00c7\u00d5ES SOCIAIS"},"content":{"rendered":"<p style=\"text-align: justify;\"><a href=\"http:\/\/folhadosudeste.com\/site\/wp-content\/uploads\/2017\/08\/ESP.jpg\"><img loading=\"lazy\" decoding=\"async\" class=\"aligncenter size-full wp-image-42367\" src=\"http:\/\/folhadosudeste.com\/site\/wp-content\/uploads\/2017\/08\/ESP.jpg\" alt=\"\" width=\"620\" height=\"258\" srcset=\"http:\/\/folhadosudeste.com\/site\/wp-content\/uploads\/2017\/08\/ESP.jpg 620w, http:\/\/folhadosudeste.com\/site\/wp-content\/uploads\/2017\/08\/ESP-300x125.jpg 300w\" sizes=\"auto, (max-width: 620px) 100vw, 620px\" \/><\/a><\/p>\n<p style=\"text-align: justify;\">A 15\u00aa edi\u00e7\u00e3o da Gincana Sociocultural da Escola S\u00e3o Paulo (ESP) foi um verdadeiro sucesso, conforme tradi\u00e7\u00e3o. Mesmo com a crise econ\u00f4mica do pa\u00eds, foram arrecadadas, este ano, cerca de sete toneladas de alimentos, os quais foram distribu\u00eddos para onze institui\u00e7\u00f5es sociais de Muria\u00e9 e regi\u00e3o. A entrega aconteceu na sexta feira 4 de agosto, em frente a Institui\u00e7\u00e3o de Ensino. As arrecada\u00e7\u00f5es mais uma vez comprovaram a preocupa\u00e7\u00e3o da Escola, por meio de sua dire\u00e7\u00e3o, professores e demais colaboradores, em ensinar os valores humanos e transformar seus alunos em cidad\u00e3os solid\u00e1rios; o empenho dos estudantes em desenvolver o trabalho e fazer o seu melhor; e a solidariedade dos muriaeenses, especialmente os pais e demais parceiros da ESP, buscando sempre ajudar o pr\u00f3ximo. Foi tamb\u00e9m mais uma oportunidade de fortalecer a parceria Fam\u00edlia \/ Escola e refor\u00e7ar a confian\u00e7a que eles depositam no trabalho desempenhado com seus filhos.<\/p>\n<p style=\"text-align: justify;\">Jos\u00e9 Nicodemos Couto, Diretor da Escola S\u00e3o Paulo, encarou com muita satisfa\u00e7\u00e3o os resultados de mais uma edi\u00e7\u00e3o de sucesso da Gincana. Na oportunidade, ele agradeceu a todos que ajudaram direta ou indiretamente para que a tradi\u00e7\u00e3o educacional, cultural e social do evento continuasse. <em>\u201cFicamos muito felizes de mais uma vez desempenhar um trabalho que contribui para atender, atrav\u00e9s das institui\u00e7\u00f5es parceiras, as pessoas que necessitam deste apoio. Parab\u00e9ns a todas as turmas, que n\u00e3o mediram esfor\u00e7os, aos pais que sempre compreendem nosso prop\u00f3sito, os professores e colaboradores da Escola, que se esfor\u00e7am cada ano mais. E a todos que ajudaram direta ou indiretamente para que consegu\u00edssemos chegar a este montante. O trof\u00e9u do nosso patrono, Raphael Barreto, passa desde 2002, ano do nosso centen\u00e1rio, para as turmas vencedoras. Portanto, este \u00e9 um evento que vamos manter sempre\u201d,<\/em> analisa.<\/p>\n<p style=\"text-align: justify;\">A Gincana contou este ano com a 23\u00aa edi\u00e7\u00e3o do Show de Calouros, revelando grandes talentos musicais entre os estudantes da ESP e seus familiares, com a participa\u00e7\u00e3o de v\u00e1rios jurados que atuam no meio musical e foi um verdadeiro sucesso! Participaram os 7\u00ba at\u00e9 9\u00ba anos do Ensino Fundamental e as turmas do Ensino M\u00e9dio. Os professores amigos foram: Camila (8\u00ba B) e Rafael (2\u00ba). As turmas vencedoras deste ano foram o 8\u00ba B (no Ensino Fundamental) e 2\u00ba U (Ensino M\u00e9dio). Os casais fitness foram: Ana Beatriz (8\u00ba B) e Jo\u00e3o Gabriel (9\u00ba B) no Ensino Fundamental, e L\u00edvia Fernandes (2\u00ba) no Ensino M\u00e9dio e Matheus Paiva (2\u00ba U) no Ensino M\u00e9dio. As Entidades beneficiadas Neste ano foram: APAE, El Shaday, Lar Ozanam, Pastoral Social, COMVIDA, Creche Alfredo Couto, Grupo Esp\u00edrita Maria de Nazar\u00e9, Confer\u00eancia S\u00e3o Francisco de Assis, Projeto Reviver, AAHT e UPAV.<\/p>\n<p style=\"text-align: justify;\">O professor de Educa\u00e7\u00e3o F\u00edsica, Carlos Ant\u00f4nio Baldanza, \u00c9 um dos precursores da hist\u00f3ria filantr\u00f3pica da Gincana, recebendo COMO SEMPRE uma grande colabora\u00e7\u00e3o da orientadora S\u00f4nia Assis. Segundo ele, o objetivo sempre foi acrescentar um momento maior de estreitar a rela\u00e7\u00e3o fam\u00edlia \/ escola e sociedade. <em>\u201cTodo ano ao realizarmos esse evento, recordamos a presen\u00e7a e a participa\u00e7\u00e3o da nossa matriarca, a saudosa Dona Maria do Carmo Barreto Couto, uma pessoa solid\u00e1ria, que adorava fazer campanhas para ajudar os outros. \u00c9 importante para a forma\u00e7\u00e3o dos nossos alunos aliarmos as vertentes educacional, cultural e social. Assim, refor\u00e7amos os valores que a sociedade precisa. \u00c9 essa a juventude que queremos. Agrade\u00e7o a todos que participaram, entenderam o prop\u00f3sito, ajudaram de cora\u00e7\u00e3o e abra\u00e7aram essa causa\u201d, <\/em>completa.<\/p>\n<p style=\"text-align: justify;\">Rom\u00e1rio da Silva Sales esteve presente representando a UPAV (Uni\u00e3o Planet\u00e1ria Amor e Vida), institui\u00e7\u00e3o social localizada no bairro Santa Terezinha, que tem como presidente Ant\u00f4nio Carlos (Carlinhos Scarlat) e como vice Evaldo Miranda. Essa \u00e9 a primeira vez que eles recebem doa\u00e7\u00f5es oriundas da Gincana da ESP. <em>\u201cArrecadamos alimentos para distribuir para a comunidade, ou seja, o povo carente. H\u00e1 mais de cinco anos, ajudamos com a interna\u00e7\u00e3o de dependentes qu\u00edmicos, fisioterapia, advogados e aposentadorias. Ficamos muito felizes pela doa\u00e7\u00e3o oferecida. Esses alimentos j\u00e1 t\u00eam destino, que s\u00e3o as pessoas carentes do bairro, cadastradas na ONG. Agradecemos a Escola S\u00e3o Paulo, aos alunos, aos pais e a todos por essa ajuda\u201d,<\/em> destaca.<\/p>\n<p style=\"text-align: justify;\">Felix Ant\u00f4nio da Cunha esteve representando a Pastoral Social da Matriz S\u00e3o Paulo, que recebe as doa\u00e7\u00f5es h\u00e1 v\u00e1rios anos. <em>\u201cToda ajuda \u00e9 bem vinda e vem na hora certa. Nossa distribui\u00e7\u00e3o \u00e9 feita atrav\u00e9s de um cadastro das pessoas que s\u00e3o visitadas, as quais realmente necessitam de cestas b\u00e1sicas. S\u00f3 temos que agradecer a todos que participaram e colaboraram nesta bela campanha, a dire\u00e7\u00e3o da Escola S\u00e3o Paulo pela organiza\u00e7\u00e3o e&nbsp; nos proporcionar esse momento de alegria\u201d,<\/em> completa.<\/p>\n<p style=\"text-align: justify;\">Pe. C\u00edcero, p\u00e1roco da Matriz S\u00e3o Paulo, elogiou o empenho da Escola S\u00e3o Paulo em promover a cidadania e despertar a solidariedade, um valor muito importante e que muitas das vezes est\u00e1 em falta nos dias atuais. \u201cParab\u00e9ns a todos os membros da ESP, seus alunos e os pais. Que essa bela a\u00e7\u00e3o possa servir de modelo para outras institui\u00e7\u00f5es, espalhando a bondade conforme ensinado por Cristo\u201d, finaliza.<\/p>\n<p>[ngg_images source=&#8221;galleries&#8221; container_ids=&#8221;1087&#8243; display_type=&#8221;photocrati-nextgen_basic_thumbnails&#8221; override_thumbnail_settings=&#8221;0&#8243; thumbnail_width=&#8221;100&#8243; thumbnail_height=&#8221;75&#8243; thumbnail_crop=&#8221;1&#8243; images_per_page=&#8221;0&#8243; number_of_columns=&#8221;0&#8243; ajax_pagination=&#8221;0&#8243; show_all_in_lightbox=&#8221;0&#8243; use_imagebrowser_effect=&#8221;0&#8243; show_slideshow_link=&#8221;1&#8243; slideshow_link_text=&#8221;[Show as slideshow]&#8221; order_by=&#8221;sortorder&#8221; order_direction=&#8221;ASC&#8221; returns=&#8221;included&#8221; maximum_entity_count=&#8221;500&#8243;]<\/p>\n","protected":false},"excerpt":{"rendered":"<p>A 15\u00aa edi\u00e7\u00e3o da Gincana Sociocultural da Escola S\u00e3o Paulo (ESP) foi um verdadeiro sucesso, conforme tradi\u00e7\u00e3o. Mesmo com a crise econ\u00f4mica do pa\u00eds, foram arrecadadas, este ano, cerca de sete toneladas de alimentos, os quais foram distribu\u00eddos para onze institui\u00e7\u00f5es sociais de Muria\u00e9 e regi\u00e3o. A entrega aconteceu na sexta feira 4 de agosto, [&hellip;]<\/p>\n","protected":false},"author":2,"featured_media":42367,"comment_status":"open","ping_status":"closed","sticky":false,"template":"","format":"standard","meta":{"_joinchat":[],"footnotes":""},"categories":[1],"tags":[],"class_list":["post-42366","post","type-post","status-publish","format-standard","has-post-thumbnail","hentry","category-sem-categoria"],"_links":{"self":[{"href":"http:\/\/folhadosudeste.com\/site\/index.php?rest_route=\/wp\/v2\/posts\/42366","targetHints":{"allow":["GET"]}}],"collection":[{"href":"http:\/\/folhadosudeste.com\/site\/index.php?rest_route=\/wp\/v2\/posts"}],"about":[{"href":"http:\/\/folhadosudeste.com\/site\/index.php?rest_route=\/wp\/v2\/types\/post"}],"author":[{"embeddable":true,"href":"http:\/\/folhadosudeste.com\/site\/index.php?rest_route=\/wp\/v2\/users\/2"}],"replies":[{"embeddable":true,"href":"http:\/\/folhadosudeste.com\/site\/index.php?rest_route=%2Fwp%2Fv2%2Fcomments&post=42366"}],"version-history":[{"count":3,"href":"http:\/\/folhadosudeste.com\/site\/index.php?rest_route=\/wp\/v2\/posts\/42366\/revisions"}],"predecessor-version":[{"id":42421,"href":"http:\/\/folhadosudeste.com\/site\/index.php?rest_route=\/wp\/v2\/posts\/42366\/revisions\/42421"}],"wp:featuredmedia":[{"embeddable":true,"href":"http:\/\/folhadosudeste.com\/site\/index.php?rest_route=\/wp\/v2\/media\/42367"}],"wp:attachment":[{"href":"http:\/\/folhadosudeste.com\/site\/index.php?rest_route=%2Fwp%2Fv2%2Fmedia&parent=42366"}],"wp:term":[{"taxonomy":"category","embeddable":true,"href":"http:\/\/folhadosudeste.com\/site\/index.php?rest_route=%2Fwp%2Fv2%2Fcategories&post=42366"},{"taxonomy":"post_tag","embeddable":true,"href":"http:\/\/folhadosudeste.com\/site\/index.php?rest_route=%2Fwp%2Fv2%2Ftags&post=42366"}],"curies":[{"name":"wp","href":"https:\/\/api.w.org\/{rel}","templated":true}]}}