{"id":42372,"date":"2017-08-11T13:50:59","date_gmt":"2017-08-11T13:50:59","guid":{"rendered":"http:\/\/folhadosudeste.com\/site\/?p=42372"},"modified":"2017-08-11T14:06:38","modified_gmt":"2017-08-11T14:06:38","slug":"grande-publico-da-regiao-prestigia-expo-limeira-2017","status":"publish","type":"post","link":"http:\/\/folhadosudeste.com\/site\/?p=42372","title":{"rendered":"GRANDE P\u00daBLICO DA REGI\u00c3O PRESTIGIA EXP\u00d4 LIMEIRA 2017"},"content":{"rendered":"<p style=\"text-align: justify;\"><a href=\"http:\/\/folhadosudeste.com\/site\/wp-content\/uploads\/2017\/08\/LIMEIRA.jpg\"><img loading=\"lazy\" decoding=\"async\" class=\"aligncenter size-full wp-image-42373\" src=\"http:\/\/folhadosudeste.com\/site\/wp-content\/uploads\/2017\/08\/LIMEIRA.jpg\" alt=\"\" width=\"620\" height=\"255\" srcset=\"http:\/\/folhadosudeste.com\/site\/wp-content\/uploads\/2017\/08\/LIMEIRA.jpg 620w, http:\/\/folhadosudeste.com\/site\/wp-content\/uploads\/2017\/08\/LIMEIRA-300x123.jpg 300w\" sizes=\"auto, (max-width: 620px) 100vw, 620px\" \/><\/a><\/p>\n<p style=\"text-align: justify;\">A Exp\u00f4 Limeira 2017 \u2013 XVI Exposi\u00e7\u00e3o Agropecu\u00e1ria e Artesanal de Ros\u00e1rio da Limeira agitou o povo da regi\u00e3o, atraindo um grande p\u00fablico do munic\u00edpio, cidades vizinhas e at\u00e9 mesmo outras mais distantes, entre os dias 4 e 6 de agosto. O evento teve pavilh\u00e3o agr\u00edcola, artesanato e concurso leiteiro. Os shows foram de DJ Oreia e Banda Salamandra (sexta, 04\/08), DJ L\u00e9o Aleixo, Fred &amp; Gustavo e Max Rodrigues (s\u00e1bado, 05\/08) e DJ San, Alan &amp; Alisson e Hianka (domingo, 06\/08).<\/p>\n<p style=\"text-align: justify;\">O ex-deputado, atual prefeito de Barbacena MG e presidente da AMM, Antonio Carlos de Andrada (Toninho Andrada), destacou que o evento mostra a for\u00e7a do produtor rural, um setor que tem segurado a economia do Brasil neste momento de crise. <em>\u201cA agropecu\u00e1ria tem sido o grande motor de desenvolvimento do pa\u00eds. Ros\u00e1rio da Limeira demonstra isso com essa festa e a capacidade da atual administra\u00e7\u00e3o. Em um momento de extrema dificuldade, os produtores conseguem se reunir e o Poder P\u00fablico consegue ofertar essa bela festa. O homem na cidade n\u00e3o consegue viver sem o campo, mas o campo vive sem a cidade. Tem que valorizar. Esse evento \u00e9 justamente um reconhecimento do homem do campo, que fica debaixo do sol e da chuva, para produzir e crescer, pessoas trabalhadoras, firmes nos seus ideais. Parab\u00e9ns por essa grandiosa exposi\u00e7\u00e3o\u201d,<\/em> destaca.<\/p>\n<p style=\"text-align: justify;\">O prefeito de Ros\u00e1rio da Limeira, Jos\u00e9 Maria, est\u00e1 \u00e0 frente de sua primeira grande festa e refor\u00e7a que \u00e9 motivo de muita felicidade contar com bastante apoio interno, a motiva\u00e7\u00e3o da popula\u00e7\u00e3o, dos funcion\u00e1rios e de toda a equipe do Governo. <em>\u201cTivemos muitos amigos presentes na abertura oficial, como o deputado estadual Dr. Wilson Baptista; o presidente da AMM, Toninho Andrada; o prefeito de Fervedouro, Bilinho; o prefeito de Muria\u00e9, Grego; v\u00e1rios vereadores, entre os da nossa C\u00e2mara e de outras cidades da regi\u00e3o; secret\u00e1rios municipais vizinhos, etc. Nosso objetivo \u00e9 sempre melhorar a cidade com um trabalho de unifica\u00e7\u00e3o das a\u00e7\u00f5es, com responsabilidade e tudo aquilo que as pessoas esperam dos pol\u00edticos: trabalho, coer\u00eancia, responsabilidade e criatividade para resgatar o pa\u00eds que merecemos. Nossa economia \u00e9 prioritariamente agropecu\u00e1ria, um segmento que precisa de uma aten\u00e7\u00e3o \u00e0 altura, dedica\u00e7\u00e3o e muita organiza\u00e7\u00e3o. \u00c9 isso que estamos tentando fazer. A Exp\u00f4 Limeira foi aberta a todos, tivemos um gado leiteiro de 1\u00aa linha, que pode ser apresentado nas exposi\u00e7\u00f5es de qualquer cidade, um artesanato local muito criativo, o caf\u00e9 sendo avaliado e gratificado pela 1\u00aa vez, a n\u00edvel de qualidade. E com certeza participaremos do Concurso Regional e, \u00e0s vezes, at\u00e9 Estadual. Precisamos do trabalho de nossa equipe e de envolvermos o povo, porque ningu\u00e9m faz nada sozinho. Temos que motivar\u201d,<\/em> acrescenta.<\/p>\n<p style=\"text-align: justify;\">O vice-prefeito Davi Dias Maciel tamb\u00e9m enfatizou a import\u00e2ncia de resgatar o parque de exposi\u00e7\u00f5es antigo, recuperando-o e trazendo a festa para dentro da cidade. <em>\u201cPara os limeirenses e comerciantes \u00e9 muito importante, j\u00e1 que todos podem tirar proveito. Nos \u00faltimos 4 anos, a exposi\u00e7\u00e3o foi feita fora da cidade e muitas pessoas chegavam l\u00e1 e depois iam embora, n\u00e3o tendo est\u00edmulo para conhecer o munic\u00edpio. Agora tivemos os bares vendendo, arrecadando mais, tudo muito positivo. Estamos tamb\u00e9m recuperando um im\u00f3vel do munic\u00edpio: a Secretaria de Obras, que \u00e9 o Parque de Exposi\u00e7\u00f5es, com os pr\u00f3prios funcion\u00e1rios e um custo muito baixo, ent\u00e3o \u00e9 uma economia que o munic\u00edpio consegue fazer. Al\u00e9m disso, com a festa, tem o incentivo da agricultura e da pecu\u00e1ria, e as premia\u00e7\u00f5es dos concursos. Deixamos de fazer o MotoCross, promovendo algo mais ligado a nossa economia e valorizando o produtor rural. O importante \u00e9 que a popula\u00e7\u00e3o gostou e pudemos receber os visitantes da melhor maneira poss\u00edvel. N\u00e3o estava programado desde o come\u00e7o, mas conseguimos fazer um belo evento, atraindo grande p\u00fablico, agradando a todos, proporcionando um clima festivo e familiar, com muita seguran\u00e7a\u201d,<\/em> completa.<\/p>\n<p>[ngg_images source=&#8221;galleries&#8221; container_ids=&#8221;1089&#8243; display_type=&#8221;photocrati-nextgen_basic_thumbnails&#8221; override_thumbnail_settings=&#8221;0&#8243; thumbnail_width=&#8221;100&#8243; thumbnail_height=&#8221;75&#8243; thumbnail_crop=&#8221;1&#8243; images_per_page=&#8221;0&#8243; number_of_columns=&#8221;0&#8243; ajax_pagination=&#8221;0&#8243; show_all_in_lightbox=&#8221;0&#8243; use_imagebrowser_effect=&#8221;0&#8243; show_slideshow_link=&#8221;1&#8243; slideshow_link_text=&#8221;[Show as slideshow]&#8221; order_by=&#8221;sortorder&#8221; order_direction=&#8221;ASC&#8221; returns=&#8221;included&#8221; maximum_entity_count=&#8221;500&#8243;]<\/p>\n","protected":false},"excerpt":{"rendered":"<p>A Exp\u00f4 Limeira 2017 \u2013 XVI Exposi\u00e7\u00e3o Agropecu\u00e1ria e Artesanal de Ros\u00e1rio da Limeira agitou o povo da regi\u00e3o, atraindo um grande p\u00fablico do munic\u00edpio, cidades vizinhas e at\u00e9 mesmo outras mais distantes, entre os dias 4 e 6 de agosto. O evento teve pavilh\u00e3o agr\u00edcola, artesanato e concurso leiteiro. Os shows foram de DJ [&hellip;]<\/p>\n","protected":false},"author":2,"featured_media":42373,"comment_status":"open","ping_status":"closed","sticky":false,"template":"","format":"standard","meta":{"_joinchat":[],"footnotes":""},"categories":[1],"tags":[],"class_list":["post-42372","post","type-post","status-publish","format-standard","has-post-thumbnail","hentry","category-sem-categoria"],"_links":{"self":[{"href":"http:\/\/folhadosudeste.com\/site\/index.php?rest_route=\/wp\/v2\/posts\/42372","targetHints":{"allow":["GET"]}}],"collection":[{"href":"http:\/\/folhadosudeste.com\/site\/index.php?rest_route=\/wp\/v2\/posts"}],"about":[{"href":"http:\/\/folhadosudeste.com\/site\/index.php?rest_route=\/wp\/v2\/types\/post"}],"author":[{"embeddable":true,"href":"http:\/\/folhadosudeste.com\/site\/index.php?rest_route=\/wp\/v2\/users\/2"}],"replies":[{"embeddable":true,"href":"http:\/\/folhadosudeste.com\/site\/index.php?rest_route=%2Fwp%2Fv2%2Fcomments&post=42372"}],"version-history":[{"count":3,"href":"http:\/\/folhadosudeste.com\/site\/index.php?rest_route=\/wp\/v2\/posts\/42372\/revisions"}],"predecessor-version":[{"id":42495,"href":"http:\/\/folhadosudeste.com\/site\/index.php?rest_route=\/wp\/v2\/posts\/42372\/revisions\/42495"}],"wp:featuredmedia":[{"embeddable":true,"href":"http:\/\/folhadosudeste.com\/site\/index.php?rest_route=\/wp\/v2\/media\/42373"}],"wp:attachment":[{"href":"http:\/\/folhadosudeste.com\/site\/index.php?rest_route=%2Fwp%2Fv2%2Fmedia&parent=42372"}],"wp:term":[{"taxonomy":"category","embeddable":true,"href":"http:\/\/folhadosudeste.com\/site\/index.php?rest_route=%2Fwp%2Fv2%2Fcategories&post=42372"},{"taxonomy":"post_tag","embeddable":true,"href":"http:\/\/folhadosudeste.com\/site\/index.php?rest_route=%2Fwp%2Fv2%2Ftags&post=42372"}],"curies":[{"name":"wp","href":"https:\/\/api.w.org\/{rel}","templated":true}]}}