{"id":42378,"date":"2017-08-11T13:52:53","date_gmt":"2017-08-11T13:52:53","guid":{"rendered":"http:\/\/folhadosudeste.com\/site\/?p=42378"},"modified":"2017-08-11T14:10:54","modified_gmt":"2017-08-11T14:10:54","slug":"sucesso-na-xxv-festa-do-arroz-da-vila-vardiero","status":"publish","type":"post","link":"http:\/\/folhadosudeste.com\/site\/?p=42378","title":{"rendered":"SUCESSO NA XXV FESTA DO ARROZ DA VILA VARDIERO"},"content":{"rendered":"<p style=\"text-align: justify;\"><a href=\"http:\/\/folhadosudeste.com\/site\/wp-content\/uploads\/2017\/08\/VILA-VARDIERO.jpg\"><img loading=\"lazy\" decoding=\"async\" class=\"aligncenter size-full wp-image-42379\" src=\"http:\/\/folhadosudeste.com\/site\/wp-content\/uploads\/2017\/08\/VILA-VARDIERO.jpg\" alt=\"\" width=\"620\" height=\"327\" srcset=\"http:\/\/folhadosudeste.com\/site\/wp-content\/uploads\/2017\/08\/VILA-VARDIERO.jpg 620w, http:\/\/folhadosudeste.com\/site\/wp-content\/uploads\/2017\/08\/VILA-VARDIERO-300x158.jpg 300w\" sizes=\"auto, (max-width: 620px) 100vw, 620px\" \/><\/a><\/p>\n<p style=\"text-align: justify;\">A XXV Festa do Arroz da Vila Vardiero, realizada no \u00faltimo final de semana, com o apoio da prefeitura de Bar\u00e3o do Monte Alto, foi um verdadeiro sucesso, atraindo um grande p\u00fablico da comunidade e de toda regi\u00e3o. Eles prestigiaram a programa\u00e7\u00e3o cuidadosamente elaborada pelos organizadores, para agradar todos os p\u00fablicos.<\/p>\n<p style=\"text-align: justify;\">Na sexta-feira (4), foi realizada a 1\u00aa e 2\u00aa Ordenha de Vacas, a Missa Festiva, Abertura Oficial e show da Banda Sintaliga. No s\u00e1bado (5), aconteceu a 3\u00aa e 4\u00aa Ordenha de Vacas, movimento de barracas, artesanatos, entrega de trof\u00e9us e show de Rick &amp; Ricardo. E, para encerrar com chave de ouro, no domingo (6), foi realizada a tradicional cavalgada, desfile de charretes com as padroeiras das congrega\u00e7\u00f5es vizinhas, almo\u00e7o beneficente, leil\u00e3o de bezerros e show de Chapahalls do Brasil. A entrada foi franca e teve DJs todos os dias para animar o p\u00fablico.<\/p>\n<p style=\"text-align: justify;\">O prefeito de Bar\u00e3o do Monte Alto, Alexandre Pereira Moreira Neres (Biju), mostrou sua satisfa\u00e7\u00e3o com mais uma festa de sucesso, mantendo a tradi\u00e7\u00e3o de tr\u00eas dias de grandes atra\u00e7\u00f5es e com excelentes shows. <em>\u201cFelizmente cumprimos todas as expectativas. A festa ficou bem animada. Todos que vieram gostaram. Agradecemos o Sr. Feliciano e toda equipe da comunidade, pela a organiza\u00e7\u00e3o dessa tradicional Festa do Arroz aqui na Vila Vardiero, a todos que participaram e curtiram o evento\u201d,<\/em> analisa.<\/p>\n<p>[ngg_images source=&#8221;galleries&#8221; container_ids=&#8221;1091&#8243; display_type=&#8221;photocrati-nextgen_basic_thumbnails&#8221; override_thumbnail_settings=&#8221;0&#8243; thumbnail_width=&#8221;100&#8243; thumbnail_height=&#8221;75&#8243; thumbnail_crop=&#8221;1&#8243; images_per_page=&#8221;0&#8243; number_of_columns=&#8221;0&#8243; ajax_pagination=&#8221;0&#8243; show_all_in_lightbox=&#8221;0&#8243; use_imagebrowser_effect=&#8221;0&#8243; show_slideshow_link=&#8221;1&#8243; slideshow_link_text=&#8221;[Show as slideshow]&#8221; order_by=&#8221;sortorder&#8221; order_direction=&#8221;ASC&#8221; returns=&#8221;included&#8221; maximum_entity_count=&#8221;500&#8243;]<\/p>\n","protected":false},"excerpt":{"rendered":"<p>A XXV Festa do Arroz da Vila Vardiero, realizada no \u00faltimo final de semana, com o apoio da prefeitura de Bar\u00e3o do Monte Alto, foi um verdadeiro sucesso, atraindo um grande p\u00fablico da comunidade e de toda regi\u00e3o. Eles prestigiaram a programa\u00e7\u00e3o cuidadosamente elaborada pelos organizadores, para agradar todos os p\u00fablicos. Na sexta-feira (4), foi [&hellip;]<\/p>\n","protected":false},"author":2,"featured_media":42379,"comment_status":"open","ping_status":"closed","sticky":false,"template":"","format":"standard","meta":{"_joinchat":[],"footnotes":""},"categories":[1],"tags":[],"class_list":["post-42378","post","type-post","status-publish","format-standard","has-post-thumbnail","hentry","category-sem-categoria"],"_links":{"self":[{"href":"http:\/\/folhadosudeste.com\/site\/index.php?rest_route=\/wp\/v2\/posts\/42378","targetHints":{"allow":["GET"]}}],"collection":[{"href":"http:\/\/folhadosudeste.com\/site\/index.php?rest_route=\/wp\/v2\/posts"}],"about":[{"href":"http:\/\/folhadosudeste.com\/site\/index.php?rest_route=\/wp\/v2\/types\/post"}],"author":[{"embeddable":true,"href":"http:\/\/folhadosudeste.com\/site\/index.php?rest_route=\/wp\/v2\/users\/2"}],"replies":[{"embeddable":true,"href":"http:\/\/folhadosudeste.com\/site\/index.php?rest_route=%2Fwp%2Fv2%2Fcomments&post=42378"}],"version-history":[{"count":3,"href":"http:\/\/folhadosudeste.com\/site\/index.php?rest_route=\/wp\/v2\/posts\/42378\/revisions"}],"predecessor-version":[{"id":42547,"href":"http:\/\/folhadosudeste.com\/site\/index.php?rest_route=\/wp\/v2\/posts\/42378\/revisions\/42547"}],"wp:featuredmedia":[{"embeddable":true,"href":"http:\/\/folhadosudeste.com\/site\/index.php?rest_route=\/wp\/v2\/media\/42379"}],"wp:attachment":[{"href":"http:\/\/folhadosudeste.com\/site\/index.php?rest_route=%2Fwp%2Fv2%2Fmedia&parent=42378"}],"wp:term":[{"taxonomy":"category","embeddable":true,"href":"http:\/\/folhadosudeste.com\/site\/index.php?rest_route=%2Fwp%2Fv2%2Fcategories&post=42378"},{"taxonomy":"post_tag","embeddable":true,"href":"http:\/\/folhadosudeste.com\/site\/index.php?rest_route=%2Fwp%2Fv2%2Ftags&post=42378"}],"curies":[{"name":"wp","href":"https:\/\/api.w.org\/{rel}","templated":true}]}}