{"id":42381,"date":"2017-08-11T13:53:49","date_gmt":"2017-08-11T13:53:49","guid":{"rendered":"http:\/\/folhadosudeste.com\/site\/?p=42381"},"modified":"2017-08-11T14:13:09","modified_gmt":"2017-08-11T14:13:09","slug":"villa-textil-e-reinaugurada-para-melhor-atender-os-clientes","status":"publish","type":"post","link":"http:\/\/folhadosudeste.com\/site\/?p=42381","title":{"rendered":"VILLA T\u00caXTIL \u00c9 REINAUGURADA PARA MELHOR ATENDER OS CLIENTES"},"content":{"rendered":"<p style=\"text-align: justify;\"><a href=\"http:\/\/folhadosudeste.com\/site\/wp-content\/uploads\/2017\/08\/VILLA-TEXTIL.jpg\"><img loading=\"lazy\" decoding=\"async\" class=\"aligncenter size-full wp-image-42382\" src=\"http:\/\/folhadosudeste.com\/site\/wp-content\/uploads\/2017\/08\/VILLA-TEXTIL.jpg\" alt=\"\" width=\"620\" height=\"360\" srcset=\"http:\/\/folhadosudeste.com\/site\/wp-content\/uploads\/2017\/08\/VILLA-TEXTIL.jpg 620w, http:\/\/folhadosudeste.com\/site\/wp-content\/uploads\/2017\/08\/VILLA-TEXTIL-300x174.jpg 300w\" sizes=\"auto, (max-width: 620px) 100vw, 620px\" \/><\/a><\/p>\n<p style=\"text-align: justify;\">Na manh\u00e3 de quarta-feira 9 de agosto, a Villa T\u00eaxtil foi reinaugurada no Centro de Muria\u00e9,&nbsp; oferecendo mais conforto e um atendimento ainda melhor para os seus clientes. Segundo o propriet\u00e1rio, Br\u00e1ulio de Castro Bastos, a empresa est\u00e1 entrando em uma nova era, atingindo um p\u00fablico maior, trabalhando tanto com produtos simples e promo\u00e7\u00f5es como outros mais sofisticados. <em>\u201cNosso objetivo \u00e9 atender o cliente com conforto, qualidade e pre\u00e7o baixo. Fizemos uma reforma geral, com nova din\u00e2mica. H\u00e1 10 anos em Muria\u00e9, a expectativa \u00e9 continuar o bom trabalho que tem feito. Trabalhamos com v\u00e1rias marcas, em destaque a Sawary Jeans, M Zero e a Fatal Jeans. Vestimos a partir de 3 anos de idade. Agrade\u00e7o a todos pelo nosso sucesso e por estarem sempre nos dando prefer\u00eancia. Temos muitas novidades com pre\u00e7o arrasador\u201d,<\/em> avalia Br\u00e1ulio.&nbsp; O hor\u00e1rio de funcionamento \u00e9, de segunda a sexta, das 8h30 \u00e0s 19h, e s\u00e1bado at\u00e9 as 13h, atendendo com prazer e qualidade.<\/p>\n<p>[ngg_images source=&#8221;galleries&#8221; container_ids=&#8221;1092&#8243; display_type=&#8221;photocrati-nextgen_basic_thumbnails&#8221; override_thumbnail_settings=&#8221;0&#8243; thumbnail_width=&#8221;100&#8243; thumbnail_height=&#8221;75&#8243; thumbnail_crop=&#8221;1&#8243; images_per_page=&#8221;0&#8243; number_of_columns=&#8221;0&#8243; ajax_pagination=&#8221;0&#8243; show_all_in_lightbox=&#8221;0&#8243; use_imagebrowser_effect=&#8221;0&#8243; show_slideshow_link=&#8221;1&#8243; slideshow_link_text=&#8221;[Show as slideshow]&#8221; order_by=&#8221;sortorder&#8221; order_direction=&#8221;ASC&#8221; returns=&#8221;included&#8221; maximum_entity_count=&#8221;500&#8243;]<\/p>\n","protected":false},"excerpt":{"rendered":"<p>Na manh\u00e3 de quarta-feira 9 de agosto, a Villa T\u00eaxtil foi reinaugurada no Centro de Muria\u00e9,&nbsp; oferecendo mais conforto e um atendimento ainda melhor para os seus clientes. Segundo o propriet\u00e1rio, Br\u00e1ulio de Castro Bastos, a empresa est\u00e1 entrando em uma nova era, atingindo um p\u00fablico maior, trabalhando tanto com produtos simples e promo\u00e7\u00f5es como [&hellip;]<\/p>\n","protected":false},"author":2,"featured_media":42382,"comment_status":"open","ping_status":"closed","sticky":false,"template":"","format":"standard","meta":{"_joinchat":[],"footnotes":""},"categories":[1],"tags":[],"class_list":["post-42381","post","type-post","status-publish","format-standard","has-post-thumbnail","hentry","category-sem-categoria"],"_links":{"self":[{"href":"http:\/\/folhadosudeste.com\/site\/index.php?rest_route=\/wp\/v2\/posts\/42381","targetHints":{"allow":["GET"]}}],"collection":[{"href":"http:\/\/folhadosudeste.com\/site\/index.php?rest_route=\/wp\/v2\/posts"}],"about":[{"href":"http:\/\/folhadosudeste.com\/site\/index.php?rest_route=\/wp\/v2\/types\/post"}],"author":[{"embeddable":true,"href":"http:\/\/folhadosudeste.com\/site\/index.php?rest_route=\/wp\/v2\/users\/2"}],"replies":[{"embeddable":true,"href":"http:\/\/folhadosudeste.com\/site\/index.php?rest_route=%2Fwp%2Fv2%2Fcomments&post=42381"}],"version-history":[{"count":3,"href":"http:\/\/folhadosudeste.com\/site\/index.php?rest_route=\/wp\/v2\/posts\/42381\/revisions"}],"predecessor-version":[{"id":42577,"href":"http:\/\/folhadosudeste.com\/site\/index.php?rest_route=\/wp\/v2\/posts\/42381\/revisions\/42577"}],"wp:featuredmedia":[{"embeddable":true,"href":"http:\/\/folhadosudeste.com\/site\/index.php?rest_route=\/wp\/v2\/media\/42382"}],"wp:attachment":[{"href":"http:\/\/folhadosudeste.com\/site\/index.php?rest_route=%2Fwp%2Fv2%2Fmedia&parent=42381"}],"wp:term":[{"taxonomy":"category","embeddable":true,"href":"http:\/\/folhadosudeste.com\/site\/index.php?rest_route=%2Fwp%2Fv2%2Fcategories&post=42381"},{"taxonomy":"post_tag","embeddable":true,"href":"http:\/\/folhadosudeste.com\/site\/index.php?rest_route=%2Fwp%2Fv2%2Ftags&post=42381"}],"curies":[{"name":"wp","href":"https:\/\/api.w.org\/{rel}","templated":true}]}}