{"id":42590,"date":"2017-08-14T20:56:29","date_gmt":"2017-08-14T20:56:29","guid":{"rendered":"http:\/\/folhadosudeste.com\/site\/?p=42590"},"modified":"2017-08-18T20:06:51","modified_gmt":"2017-08-18T20:06:51","slug":"ministerio-quadrangular-realiza-cardoso-em-chamas","status":"publish","type":"post","link":"http:\/\/folhadosudeste.com\/site\/?p=42590","title":{"rendered":"IEQ CARDOSO DE MELO REALIZA CARDOSO EM CHAMAS"},"content":{"rendered":"<p><a href=\"http:\/\/folhadosudeste.com\/site\/wp-content\/uploads\/2017\/08\/DSC_0570.jpg\"><img loading=\"lazy\" decoding=\"async\" class=\"aligncenter wp-image-42591 size-full\" src=\"http:\/\/folhadosudeste.com\/site\/wp-content\/uploads\/2017\/08\/DSC_0570.jpg\" alt=\"\" width=\"800\" height=\"530\" srcset=\"http:\/\/folhadosudeste.com\/site\/wp-content\/uploads\/2017\/08\/DSC_0570.jpg 800w, http:\/\/folhadosudeste.com\/site\/wp-content\/uploads\/2017\/08\/DSC_0570-300x199.jpg 300w, http:\/\/folhadosudeste.com\/site\/wp-content\/uploads\/2017\/08\/DSC_0570-768x509.jpg 768w\" sizes=\"auto, (max-width: 800px) 100vw, 800px\" \/><\/a><\/p>\n<p style=\"text-align: justify;\">A Igreja do Evangelho Quadrangular, liderada pelo Pr. Everaldo e equipe, realizou, na \u00faltima sexta, s\u00e1bado e domingo (11, 12 e 13\/08), o evento Cardoso em Chamas, em que a IEQ situada no bairro recebe chamas de b\u00ean\u00e7\u00e3os de Deus, com muitas ora\u00e7\u00f5es, curas e liberta\u00e7\u00f5es, para Honra e Gl\u00f3ria do Senhor. O evento contou com a prega\u00e7\u00e3o do Pr. Dody Fernandes, a cantora Cassy Oliveira, Mission\u00e1ria Andreia Oliveira e Banda Edsken. Tamb\u00e9m teve a colabora\u00e7\u00e3o do vice-presidente da IEQ Cardoso de Melo, Erivaldo Queiroz.<\/p>\n<p style=\"text-align: justify;\">Para o Pr. Dody Fernandes, que est\u00e1 coordenando a IEQ Dornelas II, analisa positivamente os tr\u00eas dias de festa do \u2018Cardoso em Chamas\u2019, que chega a mais uma edi\u00e7\u00e3o. Segundo ele, Deus colocou nos cora\u00e7\u00f5es Sua Palavra para ser falado que n\u00f3s somos alian\u00e7a na Terra do Senhor. <em>\u201cQuando a mulher olha para sua alian\u00e7a, lembra-se do esposo, assim, quando as pessoas olharem para n\u00f3s, se lembrar\u00e3o de Deus. \u00c9 um prazer participar do evento. Rev. Wilson Reis \u00e9 uma b\u00ean\u00e7\u00e3o, um grande amigo nosso e estamos alian\u00e7ados para o crescimento do Reino de Deus. Tenho certeza que esse evento \u00e9 um divisor de \u00e1guas na sa\u00fade espiritual desse bairro, um momento de ora\u00e7\u00e3o, mas tamb\u00e9m de lazer e entretenimento. \u00c9 essa proposta que fazemos para o mundo, pois tem como nos divertirmos, ter bom humor e sermos crentes, o que \u00e9 diferente de estarmos numa pris\u00e3o em que n\u00e3o se pode nem olhar para os lados. \u00c9 muito bom e tamb\u00e9m divertido\u201d,<\/em> explica.<\/p>\n<p style=\"text-align: justify;\">A cantora Cassy Oliveira, da Assembl\u00e9ia de Deus \u2013 Minist\u00e9rio Madureira. Sob lideran\u00e7a de Pr. Meuki Ares, de Cataguases MG, que cantou e pregou no domingo, afirmou que essa \u00e9 a terceira vez que \u00e9 convidada pela IEQ do bairro Cardoso de Melo, em Muria\u00e9. Segundo ela, foi um momento lindo, um encontro de louvor e adora\u00e7\u00e3o. <em>\u201cDeus tem a cada ano surpreendido seu povo. Com base na Palavra do Senhor, Ele diz que a partir do momento que o buscamos, obtemos resposta. Minha entrega come\u00e7a no meu lar. No dia-a-dia, e em especial antes de cada Ministra\u00e7\u00e3o, pe\u00e7o ao Senhor a dire\u00e7\u00e3o para que ele conduza tudo: no falar, no sorrir e no olhar. As coisas Dele s\u00e3o muito s\u00e9rias e tudo fazemos para honra e gl\u00f3ria do Seu nome. Deus tem me usado de maneira surpreendente, na depend\u00eancia Dele, e Seu nome tem sido explanado atrav\u00e9s do louvor. Falei sobre o Filho Pr\u00f3digo, pois procurei uma mensagem que se enquadrasse nos dias de hoje. Muitas passagens falam sobre os pais, mas em ora\u00e7\u00e3o o Senhor me mostrou Lucas 15:22. Sabemos que para Deus nada \u00e9 imposs\u00edvel e independente da hist\u00f3ria vivida, Ele sempre tem um novo momento para cada um. Esse \u00e9 um bom exemplo: um filho que encontra no pai seu abrigo, ref\u00fagio e fortaleza, mesmo com todos os erros e tudo que passou, pois ele reconheceu que estava errado. O segredo da vit\u00f3ria est\u00e1 em quem se humilha e busca a presen\u00e7a do Senhor, encontrando bondade e miseric\u00f3rdia. \u00c9 um privil\u00e9gio ter participado do Cardoso em Chamas. Reafirmamos nosso compromisso com Deus, que tem nos honrado e sido fiel. Glorifico pela vida de cada um que esteve presente conosco\u201d,<\/em> completa.<\/p>\n<p style=\"text-align: justify;\">Segundo Pr. Everaldo, que fez o fechamento do \u2018Cardoso em Chamas\u2019, Deus aprovou o evento e foi tudo muito aben\u00e7oado. Almas foram salvas e houve um apoio muito grande dos irm\u00e3os, que se envolvem e permitem o crescimento da igreja. <em>\u201cTodos t\u00eam seus talentos e creio que superou nossas expectativas. Teremos outros eventos, mas esse vai ficar na mem\u00f3ria. O pr\u00f3ximo com outras pessoas conhecidas, ser\u00e1 tudo muito lindo, com certeza, e conto com a ajuda dos irm\u00e3os. Deus nos deu a vis\u00e3o de ampliar a igreja e aumentar 150 lugares. Isso \u00e9 a m\u00e3o do Senhor agindo. O terreno em frente \u00e0 igreja tem estacionamento, que brevemente ser\u00e1 desmembrado, para documentar. Para fecharmos com chave-de-ouro, tivemos comemora\u00e7\u00e3o do Dia dos Pais e cada um recebeu a b\u00ean\u00e7\u00e3o de Deus. Teve tamb\u00e9m a ben\u00e7\u00e3o material, sorteio de brindes, enfim, uma data muito importante\u201d,<\/em> finaliza.<\/p>\n<p>&nbsp;<\/p>\n<p>[ngg_images source=&#8221;galleries&#8221; container_ids=&#8221;1093&#8243; display_type=&#8221;photocrati-nextgen_basic_thumbnails&#8221; override_thumbnail_settings=&#8221;0&#8243; thumbnail_width=&#8221;100&#8243; thumbnail_height=&#8221;75&#8243; thumbnail_crop=&#8221;1&#8243; images_per_page=&#8221;0&#8243; number_of_columns=&#8221;0&#8243; ajax_pagination=&#8221;0&#8243; show_all_in_lightbox=&#8221;0&#8243; use_imagebrowser_effect=&#8221;0&#8243; show_slideshow_link=&#8221;1&#8243; slideshow_link_text=&#8221;[Show as slideshow]&#8221; order_by=&#8221;sortorder&#8221; order_direction=&#8221;ASC&#8221; returns=&#8221;included&#8221; maximum_entity_count=&#8221;500&#8243;]<\/p>\n","protected":false},"excerpt":{"rendered":"<p>A Igreja do Evangelho Quadrangular, liderada pelo Pr. Everaldo e equipe, realizou, na \u00faltima sexta, s\u00e1bado e domingo (11, 12 e 13\/08), o evento Cardoso em Chamas, em que a IEQ situada no bairro recebe chamas de b\u00ean\u00e7\u00e3os de Deus, com muitas ora\u00e7\u00f5es, curas e liberta\u00e7\u00f5es, para Honra e Gl\u00f3ria do Senhor. O evento contou [&hellip;]<\/p>\n","protected":false},"author":6,"featured_media":42591,"comment_status":"open","ping_status":"closed","sticky":false,"template":"","format":"standard","meta":{"_joinchat":[],"footnotes":""},"categories":[1],"tags":[],"class_list":["post-42590","post","type-post","status-publish","format-standard","has-post-thumbnail","hentry","category-sem-categoria"],"_links":{"self":[{"href":"http:\/\/folhadosudeste.com\/site\/index.php?rest_route=\/wp\/v2\/posts\/42590","targetHints":{"allow":["GET"]}}],"collection":[{"href":"http:\/\/folhadosudeste.com\/site\/index.php?rest_route=\/wp\/v2\/posts"}],"about":[{"href":"http:\/\/folhadosudeste.com\/site\/index.php?rest_route=\/wp\/v2\/types\/post"}],"author":[{"embeddable":true,"href":"http:\/\/folhadosudeste.com\/site\/index.php?rest_route=\/wp\/v2\/users\/6"}],"replies":[{"embeddable":true,"href":"http:\/\/folhadosudeste.com\/site\/index.php?rest_route=%2Fwp%2Fv2%2Fcomments&post=42590"}],"version-history":[{"count":3,"href":"http:\/\/folhadosudeste.com\/site\/index.php?rest_route=\/wp\/v2\/posts\/42590\/revisions"}],"predecessor-version":[{"id":42750,"href":"http:\/\/folhadosudeste.com\/site\/index.php?rest_route=\/wp\/v2\/posts\/42590\/revisions\/42750"}],"wp:featuredmedia":[{"embeddable":true,"href":"http:\/\/folhadosudeste.com\/site\/index.php?rest_route=\/wp\/v2\/media\/42591"}],"wp:attachment":[{"href":"http:\/\/folhadosudeste.com\/site\/index.php?rest_route=%2Fwp%2Fv2%2Fmedia&parent=42590"}],"wp:term":[{"taxonomy":"category","embeddable":true,"href":"http:\/\/folhadosudeste.com\/site\/index.php?rest_route=%2Fwp%2Fv2%2Fcategories&post=42590"},{"taxonomy":"post_tag","embeddable":true,"href":"http:\/\/folhadosudeste.com\/site\/index.php?rest_route=%2Fwp%2Fv2%2Ftags&post=42590"}],"curies":[{"name":"wp","href":"https:\/\/api.w.org\/{rel}","templated":true}]}}