{"id":42740,"date":"2017-08-15T18:31:24","date_gmt":"2017-08-15T18:31:24","guid":{"rendered":"http:\/\/folhadosudeste.com\/site\/?p=42740"},"modified":"2017-08-15T18:31:24","modified_gmt":"2017-08-15T18:31:24","slug":"campanha-de-vacinacao-contra-raiva-comeca-no-dia-26","status":"publish","type":"post","link":"http:\/\/folhadosudeste.com\/site\/?p=42740","title":{"rendered":"CAMPANHA DE VACINA\u00c7\u00c3O CONTRA RAIVA COME\u00c7A NO DIA 26"},"content":{"rendered":"<p align=\"center\"><a href=\"http:\/\/folhadosudeste.com\/site\/wp-content\/uploads\/2017\/08\/DSC03259.jpg\"><img loading=\"lazy\" decoding=\"async\" class=\"aligncenter wp-image-42741 size-large\" src=\"http:\/\/folhadosudeste.com\/site\/wp-content\/uploads\/2017\/08\/DSC03259-1024x768.jpg\" alt=\"\" width=\"620\" height=\"465\" srcset=\"http:\/\/folhadosudeste.com\/site\/wp-content\/uploads\/2017\/08\/DSC03259-1024x768.jpg 1024w, http:\/\/folhadosudeste.com\/site\/wp-content\/uploads\/2017\/08\/DSC03259-300x225.jpg 300w, http:\/\/folhadosudeste.com\/site\/wp-content\/uploads\/2017\/08\/DSC03259-768x576.jpg 768w, http:\/\/folhadosudeste.com\/site\/wp-content\/uploads\/2017\/08\/DSC03259.jpg 2048w\" sizes=\"auto, (max-width: 620px) 100vw, 620px\" \/><\/a><\/p>\n<p class=\"m_4584448797604424882gmail-MsoNoSpacing\" style=\"text-align: justify;\" align=\"center\"><i>Prefeitura planeja vacinar 18 mil c\u00e3es e gatos para garantir sa\u00fade dos animais e donos<\/i><\/p>\n<p class=\"m_4584448797604424882gmail-MsoNoSpacing\" style=\"text-align: justify;\">A Campanha de Vacina\u00e7\u00e3o Antirr\u00e1bica de Muria\u00e9 acontecer\u00e1 no final deste m\u00eas, no dia 26. A meta da Prefeitura \u00e9 vacinar aproximadamente 18 mil c\u00e3es e gatos contra a raiva, para garantir a sa\u00fade dos animais e de seus donos.<\/p>\n<p class=\"m_4584448797604424882gmail-MsoNoSpacing\" style=\"text-align: justify;\">A raiva \u00e9 uma zoonose que pode matar se n\u00e3o for prevenida e cuidada, e a \u00fanica forma de evit\u00e1-la \u00e9 atrav\u00e9s da vacina\u00e7\u00e3o. A campanha ter\u00e1 in\u00edcio no dia 26, pela \u00e1rea urbana da cidade. J\u00e1 na \u00e1rea rural, a imuniza\u00e7\u00e3o acontece entre os dias 28 de agosto e 1\u00ba de setembro.&nbsp;<a name=\"m_4584448797604424882__GoBack\"><\/a>A orienta\u00e7\u00e3o aos tutores de animais \u00e9 para que os c\u00e3es sejam levados presos em guias e os gatos sejam transportados em gaiolas ou caixas especiais para evitar acidentes. Caso os caninos ou felinos estejam doentes ou em tratamento de sa\u00fade, deve-se esperar a recupera\u00e7\u00e3o para receber a vacina &#8211; isso vale tamb\u00e9m para as f\u00eameas que estejam prenhas.&nbsp;<\/p>\n<p class=\"m_4584448797604424882gmail-MsoNoSpacing\" style=\"text-align: justify;\">Ap\u00f3s o t\u00e9rmino da campanha, aqueles que n\u00e3o conseguiram levar os animais para receber a dose, podem procurar a Secretaria Municipal de Sa\u00fade, no setor da Vigil\u00e2ncia Ambiental, que est\u00e1 localizado na Rua Vereador Jos\u00e9 Messias, 65, 2\u00ba andar (sala 19), bairro Santo Ant\u00f4nio. O telefone para contato \u00e9 o 3729-1301.<\/p>\n","protected":false},"excerpt":{"rendered":"<p>Prefeitura planeja vacinar 18 mil c\u00e3es e gatos para garantir sa\u00fade dos animais e donos A Campanha de Vacina\u00e7\u00e3o Antirr\u00e1bica de Muria\u00e9 acontecer\u00e1 no final deste m\u00eas, no dia 26. A meta da Prefeitura \u00e9 vacinar aproximadamente 18 mil c\u00e3es e gatos contra a raiva, para garantir a sa\u00fade dos animais e de seus donos. [&hellip;]<\/p>\n","protected":false},"author":6,"featured_media":42741,"comment_status":"open","ping_status":"closed","sticky":false,"template":"","format":"standard","meta":{"_joinchat":[],"footnotes":""},"categories":[1],"tags":[],"class_list":["post-42740","post","type-post","status-publish","format-standard","has-post-thumbnail","hentry","category-sem-categoria"],"_links":{"self":[{"href":"http:\/\/folhadosudeste.com\/site\/index.php?rest_route=\/wp\/v2\/posts\/42740","targetHints":{"allow":["GET"]}}],"collection":[{"href":"http:\/\/folhadosudeste.com\/site\/index.php?rest_route=\/wp\/v2\/posts"}],"about":[{"href":"http:\/\/folhadosudeste.com\/site\/index.php?rest_route=\/wp\/v2\/types\/post"}],"author":[{"embeddable":true,"href":"http:\/\/folhadosudeste.com\/site\/index.php?rest_route=\/wp\/v2\/users\/6"}],"replies":[{"embeddable":true,"href":"http:\/\/folhadosudeste.com\/site\/index.php?rest_route=%2Fwp%2Fv2%2Fcomments&post=42740"}],"version-history":[{"count":1,"href":"http:\/\/folhadosudeste.com\/site\/index.php?rest_route=\/wp\/v2\/posts\/42740\/revisions"}],"predecessor-version":[{"id":42742,"href":"http:\/\/folhadosudeste.com\/site\/index.php?rest_route=\/wp\/v2\/posts\/42740\/revisions\/42742"}],"wp:featuredmedia":[{"embeddable":true,"href":"http:\/\/folhadosudeste.com\/site\/index.php?rest_route=\/wp\/v2\/media\/42741"}],"wp:attachment":[{"href":"http:\/\/folhadosudeste.com\/site\/index.php?rest_route=%2Fwp%2Fv2%2Fmedia&parent=42740"}],"wp:term":[{"taxonomy":"category","embeddable":true,"href":"http:\/\/folhadosudeste.com\/site\/index.php?rest_route=%2Fwp%2Fv2%2Fcategories&post=42740"},{"taxonomy":"post_tag","embeddable":true,"href":"http:\/\/folhadosudeste.com\/site\/index.php?rest_route=%2Fwp%2Fv2%2Ftags&post=42740"}],"curies":[{"name":"wp","href":"https:\/\/api.w.org\/{rel}","templated":true}]}}