{"id":42754,"date":"2017-08-18T20:10:36","date_gmt":"2017-08-18T20:10:36","guid":{"rendered":"http:\/\/folhadosudeste.com\/site\/?p=42754"},"modified":"2017-08-18T20:22:38","modified_gmt":"2017-08-18T20:22:38","slug":"henrique-galvao-e-reeleito-e-toma-posse-da-presidencia-do-lar-ozanam","status":"publish","type":"post","link":"http:\/\/folhadosudeste.com\/site\/?p=42754","title":{"rendered":"HENRIQUE GALV\u00c3O \u00c9 REELEITO E TOMA POSSE DA PRESID\u00caNCIA DO LAR OZANAM"},"content":{"rendered":"<p style=\"text-align: justify;\"><a href=\"http:\/\/folhadosudeste.com\/site\/wp-content\/uploads\/2017\/08\/LAR-OZANAM.jpg\"><img loading=\"lazy\" decoding=\"async\" class=\"aligncenter size-full wp-image-42755\" src=\"http:\/\/folhadosudeste.com\/site\/wp-content\/uploads\/2017\/08\/LAR-OZANAM.jpg\" alt=\"\" width=\"620\" height=\"278\" srcset=\"http:\/\/folhadosudeste.com\/site\/wp-content\/uploads\/2017\/08\/LAR-OZANAM.jpg 620w, http:\/\/folhadosudeste.com\/site\/wp-content\/uploads\/2017\/08\/LAR-OZANAM-300x135.jpg 300w\" sizes=\"auto, (max-width: 620px) 100vw, 620px\" \/><\/a><\/p>\n<p style=\"text-align: justify;\">Henrique Albino Dias Galv\u00e3o, reeleito presidente da Obra Unida Lar Ozanam para o mandato de mais 2 anos, referente ao bi\u00eanio 2017-2019, e dando sequ\u00eancia \u00e0 sua anterior gest\u00e3o, 2015-2017, tomou posse do cargo na noite de quinta-feira 10 de agosto. Ele mostrou satisfa\u00e7\u00e3o com os resultados obtidos nos anos anteriores, explicando que foi uma gest\u00e3o de transpar\u00eancia que a casa estava precisando, para requerer novamente a confian\u00e7a da sociedade, conseguindo cumprir essa meta. O pr\u00f3ximo objetivo ser\u00e1 focar na compet\u00eancia, procurando fazer mais e proporcionando para os internos uma vida mais saud\u00e1vel do que eles j\u00e1 t\u00eam.<\/p>\n<p style=\"text-align: justify;\"><em>\u201cFuturamente podemos at\u00e9 aumentar nosso espa\u00e7o e reajustar as coisas que n\u00e3o conseguimos na gest\u00e3o anterior. Continuamos com a mesma diretoria, com mudan\u00e7a apenas de alguns membros, sendo alguns inclusos, entre eles muitos ex-presidentes e ex-vice-presidentes, trazendo uma for\u00e7a maior para seguirmos. As demais conquistas foram no nosso campo de Enfermagem, aumentamos tamb\u00e9m nosso n\u00famero de profissionais, muitos que n\u00e3o t\u00ednhamos. Temos agora farmac\u00eautico, nutricionista, psic\u00f3logo e m\u00e9dico volunt\u00e1rios, atuando junto aos demais colaboradores e ajudantes. T\u00ednhamos tamb\u00e9m um d\u00e9ficit muito grande com o munic\u00edpio, mas conseguimos acabar com ele, entre acordos, e estamos finalmente caminhando com super\u00e1vit. E a casa j\u00e1 tem muito o que fazer. Destacamos tamb\u00e9m a rigidez dos internos, no controle das alimenta\u00e7\u00f5es, visitas, cuidados e higieniza\u00e7\u00e3o, que \u00e9 prioridade. Al\u00e9m disso, tivemos a estrutura reformada, oferecendo mais conforto para melhorar a qualidade de vida dos nossos internos\u201d,<\/em> avalia Henrique.<\/p>\n<p style=\"text-align: justify;\">Paulo Jos\u00e9 Braga \u00e9 presidente, em Muria\u00e9, do Conselho Central da Sociedade S\u00e3o Vicente de Paulo (SSVP), a qual \u00e9 composta por 7 conselhos particulares e 3 obras unidas: Lar Ozanam, a de Miradouro e a de Palma. <em>\u201cO Henrique \u00e9 um jovem que j\u00e1 vai para seu segundo mandato, tem uma grande lideran\u00e7a na administra\u00e7\u00e3o da casa e n\u00f3s, do Conselho Central, estamos \u00e0 disposi\u00e7\u00e3o, para ajudar no que for necess\u00e1rio. Temos a certeza que, junto \u00e0 diretoria, com o apoio dos vicentinos e da sociedade, conseguir\u00e1 oferecer o melhor para os 48 idosos internos, sendo 24 homens e 24 mulheres sob sua responsabilidade\u201d,<\/em> completa.<\/p>\n<p style=\"text-align: justify;\">O Lar Ozanam vive de doa\u00e7\u00f5es e as maiores demandas e necessidades no momento s\u00e3o: leite de caixinha, que tem o consumo muito grande, e fraudas geri\u00e1tricas, priorizando a higieniza\u00e7\u00e3o. Al\u00e9m disso, s\u00e3o aceitos outros materiais de limpeza, dinheiro em esp\u00e9cie, mas tamb\u00e9m existe a necessidade muito grande de visitas das pessoas, a parte do amor da sociedade, pois os idosos ficam muito felizes e precisam continuar com uma vida plena da melhor maneira poss\u00edvel. As pessoas podem visit\u00e1-los qualquer dia da semana, das 14h \u00e0s 16h. E quem quiser fazer uma festividade, deve entrar em contato com a assistente social Ana Paula, para marcar. Apesar da agenda ser grande, sempre h\u00e1 meios de encaixar.<\/p>\n<p>[ngg_images source=&#8221;galleries&#8221; container_ids=&#8221;1096&#8243; display_type=&#8221;photocrati-nextgen_basic_thumbnails&#8221; override_thumbnail_settings=&#8221;0&#8243; thumbnail_width=&#8221;100&#8243; thumbnail_height=&#8221;75&#8243; thumbnail_crop=&#8221;1&#8243; images_per_page=&#8221;0&#8243; number_of_columns=&#8221;0&#8243; ajax_pagination=&#8221;0&#8243; show_all_in_lightbox=&#8221;0&#8243; use_imagebrowser_effect=&#8221;0&#8243; show_slideshow_link=&#8221;1&#8243; slideshow_link_text=&#8221;[Show as slideshow]&#8221; order_by=&#8221;sortorder&#8221; order_direction=&#8221;ASC&#8221; returns=&#8221;included&#8221; maximum_entity_count=&#8221;500&#8243;]&nbsp;<\/p>\n<p>&nbsp;<\/p>\n","protected":false},"excerpt":{"rendered":"<p>Henrique Albino Dias Galv\u00e3o, reeleito presidente da Obra Unida Lar Ozanam para o mandato de mais 2 anos, referente ao bi\u00eanio 2017-2019, e dando sequ\u00eancia \u00e0 sua anterior gest\u00e3o, 2015-2017, tomou posse do cargo na noite de quinta-feira 10 de agosto. Ele mostrou satisfa\u00e7\u00e3o com os resultados obtidos nos anos anteriores, explicando que foi uma [&hellip;]<\/p>\n","protected":false},"author":2,"featured_media":42755,"comment_status":"open","ping_status":"closed","sticky":false,"template":"","format":"standard","meta":{"_joinchat":[],"footnotes":""},"categories":[1],"tags":[],"class_list":["post-42754","post","type-post","status-publish","format-standard","has-post-thumbnail","hentry","category-sem-categoria"],"_links":{"self":[{"href":"http:\/\/folhadosudeste.com\/site\/index.php?rest_route=\/wp\/v2\/posts\/42754","targetHints":{"allow":["GET"]}}],"collection":[{"href":"http:\/\/folhadosudeste.com\/site\/index.php?rest_route=\/wp\/v2\/posts"}],"about":[{"href":"http:\/\/folhadosudeste.com\/site\/index.php?rest_route=\/wp\/v2\/types\/post"}],"author":[{"embeddable":true,"href":"http:\/\/folhadosudeste.com\/site\/index.php?rest_route=\/wp\/v2\/users\/2"}],"replies":[{"embeddable":true,"href":"http:\/\/folhadosudeste.com\/site\/index.php?rest_route=%2Fwp%2Fv2%2Fcomments&post=42754"}],"version-history":[{"count":3,"href":"http:\/\/folhadosudeste.com\/site\/index.php?rest_route=\/wp\/v2\/posts\/42754\/revisions"}],"predecessor-version":[{"id":42804,"href":"http:\/\/folhadosudeste.com\/site\/index.php?rest_route=\/wp\/v2\/posts\/42754\/revisions\/42804"}],"wp:featuredmedia":[{"embeddable":true,"href":"http:\/\/folhadosudeste.com\/site\/index.php?rest_route=\/wp\/v2\/media\/42755"}],"wp:attachment":[{"href":"http:\/\/folhadosudeste.com\/site\/index.php?rest_route=%2Fwp%2Fv2%2Fmedia&parent=42754"}],"wp:term":[{"taxonomy":"category","embeddable":true,"href":"http:\/\/folhadosudeste.com\/site\/index.php?rest_route=%2Fwp%2Fv2%2Fcategories&post=42754"},{"taxonomy":"post_tag","embeddable":true,"href":"http:\/\/folhadosudeste.com\/site\/index.php?rest_route=%2Fwp%2Fv2%2Ftags&post=42754"}],"curies":[{"name":"wp","href":"https:\/\/api.w.org\/{rel}","templated":true}]}}