{"id":42757,"date":"2017-08-18T20:11:55","date_gmt":"2017-08-18T20:11:55","guid":{"rendered":"http:\/\/folhadosudeste.com\/site\/?p=42757"},"modified":"2017-08-18T20:28:51","modified_gmt":"2017-08-18T20:28:51","slug":"prefeitura-municipal-de-laranjal-realiza-a-29a-exposicao-agropecuaria-com-muito-sucesso-grandes-shows-e-recebe-publico-de-toda-regiao","status":"publish","type":"post","link":"http:\/\/folhadosudeste.com\/site\/?p=42757","title":{"rendered":"PREFEITURA MUNICIPAL DE LARANJAL REALIZA A 29\u00aa EXPOSI\u00c7\u00c3O AGROPECU\u00c1RIA COM MUITO SUCESSO, GRANDES SHOWS E RECEBE P\u00daBLICO DE TODA REGI\u00c3O"},"content":{"rendered":"<p style=\"text-align: justify;\"><a href=\"http:\/\/folhadosudeste.com\/site\/wp-content\/uploads\/2017\/08\/LARANJAL.jpg\"><img loading=\"lazy\" decoding=\"async\" class=\"aligncenter size-full wp-image-42758\" src=\"http:\/\/folhadosudeste.com\/site\/wp-content\/uploads\/2017\/08\/LARANJAL.jpg\" alt=\"\" width=\"620\" height=\"304\" srcset=\"http:\/\/folhadosudeste.com\/site\/wp-content\/uploads\/2017\/08\/LARANJAL.jpg 620w, http:\/\/folhadosudeste.com\/site\/wp-content\/uploads\/2017\/08\/LARANJAL-300x147.jpg 300w\" sizes=\"auto, (max-width: 620px) 100vw, 620px\" \/><\/a><\/p>\n<p style=\"text-align: justify;\">Um grande p\u00fablico de toda regi\u00e3o prestigiou a 29\u00aa Exposi\u00e7\u00e3o Agropecu\u00e1ria, Concurso Leiteiro e 1\u00ba Desfile de Carros de Boi de Laranjal. A festa come\u00e7ou na quinta (10\/08), com os shows de Forroz\u00e3o Os Brasas e Michele Freire. Na sexta (11\/08), foi feita a Abertura Oficial e teve os shows de Rayla Ara\u00fajo e Israel Novaes. No s\u00e1bado (12\/08) Desfile de Moda, show de Sinta Liga e Donato &amp; Eduardo. Para encerrar com chave de ouro, no domingo (13\/08), aconteceu o Desfile dos Carros de Boi, entrega da premia\u00e7\u00e3o do Concurso Leiteiro, shows de Vinicinho e Gang Lex.<\/p>\n<p style=\"text-align: justify;\">Antes do in\u00edcio da festa, o prefeito Sud\u00e1rio Amorim Carneiro, o vice-prefeito Luiz Henrique Ribeiro, os secret\u00e1rios municipais Marcelo de Souza Carvalho (Sa\u00fade), e Jos\u00e9 Jesus de Freitas Montes (Obras), junto \u00e0 equipe da Administra\u00e7\u00e3o, inauguraram a reforma do pr\u00e9dio da Secretaria de Sa\u00fade, a Policl\u00ednica Emirene de Freitas Montes, o Centro de Fisioterapia e Reabilita\u00e7\u00e3o Antonio Montes Moraes (nome que homenageia um ex servidor p\u00fablico municipal que lutou para melhorar o atendimento \u00e0 popula\u00e7\u00e3o), a Academia de Sa\u00fade (na Pra\u00e7a de Laranjal) e o secret\u00e1rio Ademir Luis da Silva (Esporte), juntamente com as demais autoridades, inaugurou a reforma e amplia\u00e7\u00e3o da quadra, depend\u00eancias e acessos (rampas e banheiros especiais para os portadores de necessidades) do Gin\u00e1sio Poliesportivo Lu\u00eds de Mello. Antes da Abertura Oficial, a Administra\u00e7\u00e3o recebeu pol\u00edticos da regi\u00e3o, amigos e convidados em um stand da Secretaria de Sa\u00fade, com uma estrutura de m\u00e9dico e enfermeiros.<\/p>\n<p style=\"text-align: justify;\">Segundo Sud\u00e1rio Amorim Carneiro, Prefeito de Laranjal, essa \u00e9 uma grande festa que ele realiza \u00e0 frente da Administra\u00e7\u00e3o. <em>\u201cEspero que a popula\u00e7\u00e3o que nos prestigia, aproveitem. Fizemos uma reuni\u00e3o com o secret\u00e1rio de Agricultura, conseguimos 43 vacas e ainda faltou vaca por falta de espa\u00e7o. Agrade\u00e7o \u00e0 popula\u00e7\u00e3o e as pessoas das cidades vizinhas por nos prestigiarem em um evento t\u00e3o magn\u00edfico. Inauguramos o Gin\u00e1sio Poliesportivo, a academia e a sala de Fisioterapia, uma obra que se iniciou no mandato anterior\u201d,<\/em> explica.<\/p>\n<p style=\"text-align: justify;\">Luiz Henrique, Vice-prefeito de Laranjal, destaca que a Exposi\u00e7\u00e3o Agropecu\u00e1ria foi uma promessa de campanha e j\u00e1 tinha alguns anos que a festa n\u00e3o era realizada na cidade. <em>\u201cOs produtores rurais ficaram cobrando para expor suas vacas e sempre pensamos que a festa tinha que acontecer. Nesse per\u00edodo do Dia dos Pais, proporcionamos esse momento para que as pessoas tenham uma raz\u00e3o a mais para virem na cidade. Temos a Secretaria de Sa\u00fade, na frente o Secret\u00e1rio Marcelo, realizando um bom trabalho, atuante, com recursos pr\u00f3prios, melhoramos as acomoda\u00e7\u00f5es e adquirimos 2 ve\u00edculos novos e fizemos reparo em todos os que j\u00e1 estavam em uso. Estamos trabalhando pensando sempre no p\u00fablico, por isso conseguimos fazer uma grande Exposi\u00e7\u00e3o. Agrade\u00e7o o povo de Laranjal e com o esfor\u00e7o que estamos tendo, conseguimos melhorar a cada ano\u201d,<\/em> explica.<\/p>\n<p style=\"text-align: justify;\">Para Caio \u00c1ureo de Castro Silva, Secret\u00e1rio Municipal de Administra\u00e7\u00e3o, a exposi\u00e7\u00e3o foi um sucesso. <em>\u201cTodos os funcion\u00e1rios se empenharam para que a festa ocorresse da melhor forma poss\u00edvel. Resgatamos a exposi\u00e7\u00e3o e o concurso leiteiro e fizemos pela primeira vez o desfile de carros de boi. Foi uma grande festa que movimentou toda a cidade, \u00e9 mais um compromisso nosso que est\u00e1 sendo cumprido\u201d,<\/em> analisa.<\/p>\n<p style=\"text-align: justify;\">Presente no evento, Deputado Tito Torres, de Jo\u00e3o Monlevade, afirmou que Laranjal est\u00e1 de parab\u00e9ns por ter escolhido o Prefeito Sud\u00e1rio. <em>\u201cEle vem trabalhando bastante, efetivando grandes realiza\u00e7\u00f5es e a popula\u00e7\u00e3o est\u00e1 satisfeita. Tenho certeza que proporcionar\u00e1 mais qualidade de vida para seu povo. Vemos que, mesmo na crise que o Brasil vive o dinheiro aqui \u00e9 bem aplicado e sobra. Vamos tamb\u00e9m trabalhar bastante e trazer grandes recursos\u201d<\/em>.<\/p>\n<p style=\"text-align: justify;\">Miguel \u00c2ngelo Morais Silva, Secret\u00e1rio Municipal de Agricultura e Pecu\u00e1ria, refor\u00e7a que \u00e9 uma grande alegria fazer essa festa. <em>\u201cMesmo com essa dificuldade que o Brasil est\u00e1 passando, Laranjal n\u00e3o perdeu no gado leiteiro\u201d,<\/em> refor\u00e7a.<\/p>\n<p style=\"text-align: justify;\">De acordo com Fred Costa, deputado Estadual, a festa reflete a pessoa que o Prefeito Sud\u00e1rio \u00e9: algu\u00e9m radioso, com vontade de servir e que, mesmo com todas as dificuldades financeiras pela qual os munic\u00edpios passam, consegue n\u00e3o s\u00f3 promover um grande evento, mas amenizar recursos. <em>\u201cS\u00e3o R$ 400 mil para a sa\u00fade, um autom\u00f3vel para a assist\u00eancia social e esperamos fazer muito mais. Deixo meu abra\u00e7o fraterno, desejando um futuro pr\u00f3spero e que a cidade continue no caminho do desenvolvimento. N\u00e3o existe mais oposi\u00e7\u00e3o, somos todos unidos pela cidade de Laranjal, para servir melhor a popula\u00e7\u00e3o\u201d,<\/em> completa.<\/p>\n<p style=\"text-align: justify;\">Jos\u00e9 Jesus de Freitas Montes (Jos\u00e9 do Enoque), Secret\u00e1rio de Obras, agradeceu o prefeito Sud\u00e1rio e o vice-prefeito Luiz Henrique por dar condi\u00e7\u00f5es de trabalho \u00e0 sua equipe. <em>\u201cAgrade\u00e7o a todos que colaboraram para realiza\u00e7\u00e3o desse evento, aos que nos ajudaram e confiaram em n\u00f3s\u201d,<\/em> finaliza.<\/p>\n<p>[ngg_images source=&#8221;galleries&#8221; container_ids=&#8221;1097&#8243; display_type=&#8221;photocrati-nextgen_basic_thumbnails&#8221; override_thumbnail_settings=&#8221;0&#8243; thumbnail_width=&#8221;100&#8243; thumbnail_height=&#8221;75&#8243; thumbnail_crop=&#8221;1&#8243; images_per_page=&#8221;0&#8243; number_of_columns=&#8221;0&#8243; ajax_pagination=&#8221;0&#8243; show_all_in_lightbox=&#8221;0&#8243; use_imagebrowser_effect=&#8221;0&#8243; show_slideshow_link=&#8221;1&#8243; slideshow_link_text=&#8221;[Show as slideshow]&#8221; order_by=&#8221;sortorder&#8221; order_direction=&#8221;ASC&#8221; returns=&#8221;included&#8221; maximum_entity_count=&#8221;500&#8243;]<\/p>\n","protected":false},"excerpt":{"rendered":"<p>Um grande p\u00fablico de toda regi\u00e3o prestigiou a 29\u00aa Exposi\u00e7\u00e3o Agropecu\u00e1ria, Concurso Leiteiro e 1\u00ba Desfile de Carros de Boi de Laranjal. A festa come\u00e7ou na quinta (10\/08), com os shows de Forroz\u00e3o Os Brasas e Michele Freire. Na sexta (11\/08), foi feita a Abertura Oficial e teve os shows de Rayla Ara\u00fajo e Israel [&hellip;]<\/p>\n","protected":false},"author":2,"featured_media":42758,"comment_status":"open","ping_status":"closed","sticky":false,"template":"","format":"standard","meta":{"_joinchat":[],"footnotes":""},"categories":[1],"tags":[],"class_list":["post-42757","post","type-post","status-publish","format-standard","has-post-thumbnail","hentry","category-sem-categoria"],"_links":{"self":[{"href":"http:\/\/folhadosudeste.com\/site\/index.php?rest_route=\/wp\/v2\/posts\/42757","targetHints":{"allow":["GET"]}}],"collection":[{"href":"http:\/\/folhadosudeste.com\/site\/index.php?rest_route=\/wp\/v2\/posts"}],"about":[{"href":"http:\/\/folhadosudeste.com\/site\/index.php?rest_route=\/wp\/v2\/types\/post"}],"author":[{"embeddable":true,"href":"http:\/\/folhadosudeste.com\/site\/index.php?rest_route=\/wp\/v2\/users\/2"}],"replies":[{"embeddable":true,"href":"http:\/\/folhadosudeste.com\/site\/index.php?rest_route=%2Fwp%2Fv2%2Fcomments&post=42757"}],"version-history":[{"count":3,"href":"http:\/\/folhadosudeste.com\/site\/index.php?rest_route=\/wp\/v2\/posts\/42757\/revisions"}],"predecessor-version":[{"id":42851,"href":"http:\/\/folhadosudeste.com\/site\/index.php?rest_route=\/wp\/v2\/posts\/42757\/revisions\/42851"}],"wp:featuredmedia":[{"embeddable":true,"href":"http:\/\/folhadosudeste.com\/site\/index.php?rest_route=\/wp\/v2\/media\/42758"}],"wp:attachment":[{"href":"http:\/\/folhadosudeste.com\/site\/index.php?rest_route=%2Fwp%2Fv2%2Fmedia&parent=42757"}],"wp:term":[{"taxonomy":"category","embeddable":true,"href":"http:\/\/folhadosudeste.com\/site\/index.php?rest_route=%2Fwp%2Fv2%2Fcategories&post=42757"},{"taxonomy":"post_tag","embeddable":true,"href":"http:\/\/folhadosudeste.com\/site\/index.php?rest_route=%2Fwp%2Fv2%2Ftags&post=42757"}],"curies":[{"name":"wp","href":"https:\/\/api.w.org\/{rel}","templated":true}]}}