{"id":42763,"date":"2017-08-18T20:14:17","date_gmt":"2017-08-18T20:14:17","guid":{"rendered":"http:\/\/folhadosudeste.com\/site\/?p=42763"},"modified":"2017-08-18T20:33:03","modified_gmt":"2017-08-18T20:33:03","slug":"27a-exposicao-agropecuaria-e-industrial-de-patrocinio-do-muriae-e-realizada-com-muito-sucesso","status":"publish","type":"post","link":"http:\/\/folhadosudeste.com\/site\/?p=42763","title":{"rendered":"27\u00aa EXPOSI\u00c7\u00c3O AGROPECU\u00c1RIA E INDUSTRIAL DE PATROC\u00cdNIO DO MURIA\u00c9 \u00c9 REALIZADA COM MUITO SUCESSO"},"content":{"rendered":"<p style=\"text-align: justify;\"><a href=\"http:\/\/folhadosudeste.com\/site\/wp-content\/uploads\/2017\/08\/PATROC\u00cdNIO.jpg\"><img loading=\"lazy\" decoding=\"async\" class=\"aligncenter size-full wp-image-42764\" src=\"http:\/\/folhadosudeste.com\/site\/wp-content\/uploads\/2017\/08\/PATROC\u00cdNIO.jpg\" alt=\"\" width=\"620\" height=\"326\" srcset=\"http:\/\/folhadosudeste.com\/site\/wp-content\/uploads\/2017\/08\/PATROC\u00cdNIO.jpg 620w, http:\/\/folhadosudeste.com\/site\/wp-content\/uploads\/2017\/08\/PATROC\u00cdNIO-300x158.jpg 300w\" sizes=\"auto, (max-width: 620px) 100vw, 620px\" \/><\/a><\/p>\n<p style=\"text-align: justify;\">Entre os dias 10 e 13 de agosto, foi realizada, no Campo dos Unidos, a 27\u00aa Exposi\u00e7\u00e3o Agropecu\u00e1ria e Industrial de Patroc\u00ednio do Muria\u00e9. A t\u00e3o esperada festa atraiu milhares de pessoas, tanto do munic\u00edpio quanto das cidades vizinhas e de toda &nbsp;regi\u00e3o, que prestigiaram os quatro dias de festa com grandes atra\u00e7\u00f5es e com entrada franca. Al\u00e9m do Espa\u00e7o Artesanato, Parque de Divers\u00f5es e Exposi\u00e7\u00e3o de Peixes Ornamentais, teve o 27\u00ba Concurso Leiteiro, com a Esgota e 7 Ordenhas, o p\u00fablico curtiu grandes shows e se divertiu muito em mais uma edi\u00e7\u00e3o de sucesso da exposi\u00e7\u00e3o.<\/p>\n<p style=\"text-align: justify;\">Na quinta (10\/08), foi dado in\u00edcio com o Momento Gospel, shows de L\u00e9o &amp; Rodolfo, Junior &amp; Gustavo e DJ Carlos Alexandre. Na sexta (11\/08), teve apresenta\u00e7\u00e3o de Jazz, Banda Militar, a Abertura Oficial e os shows de Donato &amp; Eduardo e Banda Beijo Apimentado. No s\u00e1bado (12), a divers\u00e3o ficou por conta de Paulinho Franklin &amp; Lauro Afr\u00e2nio, Lady Lux, Laura Limma e DJ Danilo Foga\u00e7a. E, para encerrar com chave de ouro, no domingo (13\/08), teve a Cavalgada, Kinzinho Show (Campo Os\u00f3rio Cardilo), Banda Zem, Carlos Magalh\u00e3es e DJ Rodrigo Bastos.<\/p>\n<p style=\"text-align: justify;\">Durante a Abertura Oficial, o prefeito Paulo Azis e o vice-prefeito Get\u00falio, acompanhados de seus familiares, receberam a presen\u00e7a ilustre de prefeitos, vereadores, secret\u00e1rios municipais de diversas cidades vizinhas e o deputado estadual Br\u00e1ulio Braz. Tamb\u00e9m esteve presente o ex-prefeito de Fervedouro Carlos Corindon, representando o deputado federal Paulo Abi-Ackel, que tem feito um bom trabalho na aquisi\u00e7\u00e3o de recursos para a regi\u00e3o. A Administra\u00e7\u00e3o homenageou v\u00e1rios cidad\u00e3os pelos relevantes servi\u00e7os prestados ao munic\u00edpio de Patroc\u00ednio do Muria\u00e9, colaborando para seu desenvolvimento.<\/p>\n<p style=\"text-align: justify;\">Segundo o prefeito Paulo Aziz Daher, essa foi a segunda grande festa realizada em seu atual mandato administrativo, depois do Carnaval. Al\u00e9m disso, trata-se do maior e mais esperado evento, criado pelo seu saudoso pai, em 1983. Ele comemora os grandes resultados obtidos nestes primeiros sete meses do ano. <em>\u201cDesde o primeiro momento da nossa administra\u00e7\u00e3o, implantamos M\u00e9dicos 24h, abrimos o Pronto Socorro, criamos o Centro de Especialidades com mais de sete especialistas no atendimento, cuidamos de todas as estradas da Zona Rural, realizamos a limpeza urbana que \u00e9 fundamental e estamos com duas obras para serem inauguradas: o Centro de Reabilita\u00e7\u00e3o e o Posto de Sa\u00fade do bairro Santo Ant\u00f4nio. Gostaria de agradecer a confian\u00e7a da popula\u00e7\u00e3o em meu trabalho e a todos que compareceram e prestigiaram nossa festa. T\u00ednhamos no munic\u00edpio um Parque de Exposi\u00e7\u00f5es que foi destru\u00eddo pela outra administra\u00e7\u00e3o, ent\u00e3o, para montarmos essa estrutura foi muito dif\u00edcil, principalmente na situa\u00e7\u00e3o em que estamos vivendo. Mas, com minha equipe competente, e n\u00e3o medindo esfor\u00e7os, conseguimos montar algo que jamais foi visto em nossa cidade\u201d, <\/em>avalia.<\/p>\n<p>[ngg_images source=&#8221;galleries&#8221; container_ids=&#8221;1099&#8243; display_type=&#8221;photocrati-nextgen_basic_thumbnails&#8221; override_thumbnail_settings=&#8221;0&#8243; thumbnail_width=&#8221;100&#8243; thumbnail_height=&#8221;75&#8243; thumbnail_crop=&#8221;1&#8243; images_per_page=&#8221;0&#8243; number_of_columns=&#8221;0&#8243; ajax_pagination=&#8221;0&#8243; show_all_in_lightbox=&#8221;0&#8243; use_imagebrowser_effect=&#8221;0&#8243; show_slideshow_link=&#8221;1&#8243; slideshow_link_text=&#8221;[Show as slideshow]&#8221; order_by=&#8221;sortorder&#8221; order_direction=&#8221;ASC&#8221; returns=&#8221;included&#8221; maximum_entity_count=&#8221;500&#8243;]<\/p>\n","protected":false},"excerpt":{"rendered":"<p>Entre os dias 10 e 13 de agosto, foi realizada, no Campo dos Unidos, a 27\u00aa Exposi\u00e7\u00e3o Agropecu\u00e1ria e Industrial de Patroc\u00ednio do Muria\u00e9. A t\u00e3o esperada festa atraiu milhares de pessoas, tanto do munic\u00edpio quanto das cidades vizinhas e de toda &nbsp;regi\u00e3o, que prestigiaram os quatro dias de festa com grandes atra\u00e7\u00f5es e com [&hellip;]<\/p>\n","protected":false},"author":2,"featured_media":42764,"comment_status":"open","ping_status":"closed","sticky":false,"template":"","format":"standard","meta":{"_joinchat":[],"footnotes":""},"categories":[1],"tags":[],"class_list":["post-42763","post","type-post","status-publish","format-standard","has-post-thumbnail","hentry","category-sem-categoria"],"_links":{"self":[{"href":"http:\/\/folhadosudeste.com\/site\/index.php?rest_route=\/wp\/v2\/posts\/42763","targetHints":{"allow":["GET"]}}],"collection":[{"href":"http:\/\/folhadosudeste.com\/site\/index.php?rest_route=\/wp\/v2\/posts"}],"about":[{"href":"http:\/\/folhadosudeste.com\/site\/index.php?rest_route=\/wp\/v2\/types\/post"}],"author":[{"embeddable":true,"href":"http:\/\/folhadosudeste.com\/site\/index.php?rest_route=\/wp\/v2\/users\/2"}],"replies":[{"embeddable":true,"href":"http:\/\/folhadosudeste.com\/site\/index.php?rest_route=%2Fwp%2Fv2%2Fcomments&post=42763"}],"version-history":[{"count":3,"href":"http:\/\/folhadosudeste.com\/site\/index.php?rest_route=\/wp\/v2\/posts\/42763\/revisions"}],"predecessor-version":[{"id":42913,"href":"http:\/\/folhadosudeste.com\/site\/index.php?rest_route=\/wp\/v2\/posts\/42763\/revisions\/42913"}],"wp:featuredmedia":[{"embeddable":true,"href":"http:\/\/folhadosudeste.com\/site\/index.php?rest_route=\/wp\/v2\/media\/42764"}],"wp:attachment":[{"href":"http:\/\/folhadosudeste.com\/site\/index.php?rest_route=%2Fwp%2Fv2%2Fmedia&parent=42763"}],"wp:term":[{"taxonomy":"category","embeddable":true,"href":"http:\/\/folhadosudeste.com\/site\/index.php?rest_route=%2Fwp%2Fv2%2Fcategories&post=42763"},{"taxonomy":"post_tag","embeddable":true,"href":"http:\/\/folhadosudeste.com\/site\/index.php?rest_route=%2Fwp%2Fv2%2Ftags&post=42763"}],"curies":[{"name":"wp","href":"https:\/\/api.w.org\/{rel}","templated":true}]}}