{"id":42766,"date":"2017-08-18T20:15:21","date_gmt":"2017-08-18T20:15:21","guid":{"rendered":"http:\/\/folhadosudeste.com\/site\/?p=42766"},"modified":"2017-08-18T20:34:53","modified_gmt":"2017-08-18T20:34:53","slug":"muriae-prev-inaugura-seu-novo-portal-da-transparencia","status":"publish","type":"post","link":"http:\/\/folhadosudeste.com\/site\/?p=42766","title":{"rendered":"MURIA\u00c9-PREV INAUGURA SEU NOVO PORTAL DA TRANSPAR\u00caNCIA"},"content":{"rendered":"<p style=\"text-align: justify;\"><a href=\"http:\/\/folhadosudeste.com\/site\/wp-content\/uploads\/2017\/08\/MURIAEPREV.jpg\"><img loading=\"lazy\" decoding=\"async\" class=\"aligncenter size-full wp-image-42767\" src=\"http:\/\/folhadosudeste.com\/site\/wp-content\/uploads\/2017\/08\/MURIAEPREV.jpg\" alt=\"\" width=\"620\" height=\"282\" srcset=\"http:\/\/folhadosudeste.com\/site\/wp-content\/uploads\/2017\/08\/MURIAEPREV.jpg 620w, http:\/\/folhadosudeste.com\/site\/wp-content\/uploads\/2017\/08\/MURIAEPREV-300x136.jpg 300w, http:\/\/folhadosudeste.com\/site\/wp-content\/uploads\/2017\/08\/MURIAEPREV-272x125.jpg 272w\" sizes=\"auto, (max-width: 620px) 100vw, 620px\" \/><\/a><\/p>\n<p style=\"text-align: justify;\">Na noite de ter\u00e7a-feira 15 de agosto, na C\u00e2mara Municipal, O Fundo Previdenci\u00e1rio de Muria\u00e9 \u2013 MURIA\u00c9-PREV, realizou a solenidade de apresenta\u00e7\u00e3o e inaugura\u00e7\u00e3o de seu novo Portal de Transpar\u00eancia, o qual pode ser acessado atrav\u00e9s do link http:\/\/www.muriaeprev.com.br\/portal<\/p>\n<p style=\"text-align: justify;\">O presidente do MURIA\u00c9-PREV, Ant\u00f4nio Jos\u00e9 Pereira de Oliveira, explicou que o Portal \u00e9 uma necessidade, porque hoje em dia diversos \u00f3rg\u00e3os p\u00fablicos est\u00e3o sendo muito criticados oferecer transpar\u00eancia aos seus atos. Segundo ele, por ser um \u00f3rg\u00e3o p\u00fablico da administra\u00e7\u00e3o direta, \u00e9 indispens\u00e1vel a presta\u00e7\u00e3o de contas aos servidores e \u00e0 sociedade sobre o que est\u00e1 acontecendo com o patrim\u00f4nio do servidor p\u00fablico municipal. \u201cO MURIA\u00c9-PREV \u00e9 um dos maiores patrim\u00f4nios dos nossos 2,5 mil Servidores P\u00fablicos Municipais, ent\u00e3o temos que tomar conta do dinheiro de cada um com respeito e compromisso, pois sabemos que os servidores trabalham a vida toda e merecem no final, ter uma aposentadoria digna e garantida. O Portal \u00e9 um passo muito importante, porque nele est\u00e3o descritas todas as nossas atividades em tempo real, em uma linguagem de f\u00e1cil acesso, podendo a qualquer hora, fazer emiss\u00e3o de extratos previdenci\u00e1rios, contra-cheques, reconhecer suas contribui\u00e7\u00f5es, benef\u00edcios previdenci\u00e1rios, ter acesso \u00e0 orienta\u00e7\u00f5es e \u00e1 cartilha previdenci\u00e1ria, etc. Entendemos que n\u00e3o estamos fazendo mais do que nossa fun\u00e7\u00e3o e obriga\u00e7\u00e3o institucional: administrar com \u00e9tica e transpar\u00eancia. Os vereadores elogiaram nossa atitude. Temos que agradecer a parceria com os servidores, vereadores, C\u00e2mara, Prefeitura, Fundarte e DEMSUR, al\u00e9m de todos que sempre nos apoiaram em nossas empreitadas\u201d, destacou.<\/p>\n<p style=\"text-align: justify;\">J\u00e1 Alessandro Rodrigues Campos, que \u00e9 presidente do Comit\u00ea de Investimentos do MURIA\u00c9-PREV disse que o Portal foi um compromisso assumido ainda no momento da campanha por Ant\u00f4nio Jos\u00e9 e toda equipe da qual faz parte desde o in\u00edcio. <em>\u201c\u00c9 um momento de muita alegria para o servidor receber o Portal da Transpar\u00eancia, cujo objetivo, como o pr\u00f3prio nome diz, \u00e9 oferecer transpar\u00eancia em rela\u00e7\u00e3o \u00e0s despesas, receitas, investimentos e gastos do Muria\u00e9 Prev. Al\u00e9m disso, traz orienta\u00e7\u00f5es informa\u00e7\u00f5es do passo a passo no processo de aposentadoria e demais benef\u00edcios, da parte cont\u00e1bil, de gest\u00e3o de contratos e licita\u00e7\u00f5es, etc. \u00c9 um Portal completo com todas as informa\u00e7\u00f5es que o servidor precisa para efeito de orienta\u00e7\u00e3o e entendimento da realidade do Fundo Previdenci\u00e1rio de Muria\u00e9. \u00c9 uma grande conquista, uma realiza\u00e7\u00e3o, um avan\u00e7o naquilo que se espera de uma gest\u00e3o s\u00e9ria. Pretendemos, com isso, oferecer uma ferramenta ao servidor para que ele possa avaliar a lisura e a transpar\u00eancia n\u00e3o apenas das contas, mas de todos os atos desta e de outras gest\u00f5es de forma permanente. Posso falar com propriedade, porque tenho a honra de participar e contribuir com esta gest\u00e3o desde o in\u00edcio e que hoje apresenta ao servidor uma evolu\u00e7\u00e3o patrimonial de mais de 128% em apenas 05 anos, superando todas as metas e \u00edndices nacionais estabelecidos e alcan\u00e7ando hoje o patamar de mais de 180 milh\u00f5es, se consolidando como um dos maiores Fundos Previdenci\u00e1rios do Estado de Minas\u201d,<\/em> finaliza.<\/p>\n<p style=\"text-align: justify;\">S\u00edlvio Marcio Bousada Salvato, Secret\u00e1rio Municipal de Planejamento e Controle, mostrou-se muito feliz com a apresenta\u00e7\u00e3o do novo site \u201cPortal da Transpar\u00eancia\u201d, pois, segundo ele, mostra que a gest\u00e3o do presidente Antonio Jos\u00e9 tem trabalhado com compet\u00eancia e no cumprimento da lei, motivo de muita honra para a equipe. <em>\u201cEstivemos presentes para conhecer, porque n\u00f3s, da Prefeitura, tamb\u00e9m estamos providenciando um novo Portal da Transpar\u00eancia, ent\u00e3o viemos aprender. Conhe\u00e7o o Ant\u00f4nio Jos\u00e9 h\u00e1 muito tempo e tinha certeza do seu comprometimento, ciente de que o MURIA\u00c9-PREVgrande teria sucesso em sua gest\u00e3o\u201d, <\/em>elogia.<\/p>\n<p style=\"text-align: justify;\">Mauro Costa de Oliveira, natural de Divino MG e residente em Juiz de Fora, assumiu recentemente a ger\u00eancia geral da Caixa Econ\u00f4mica Federal de Muria\u00e9 tamb\u00e9m prestigiou o que considera <em>\u201cUma vit\u00f3ria do MURIA\u00c9-PREV, estou aqui para colaborar para um munic\u00edpio ainda melhor. Na sexta passada estive na cidade fazendo uma visita, conhecendo a ag\u00eancia, os colegas e visitei o MURIA\u00c9-PREV. O Alessandro me apresentou a institui\u00e7\u00e3o, os n\u00fameros, a parceria com a Caixa e achei tudo muito organizado e funcional. Fico lisonjeado com o convite para prestigiar esse evento, que \u00e9 muito importante para o funcionalismo municipal e para a cidade, mostrando seriedade, transpar\u00eancia, \u00e9tica e responsabilidade com o dinheiro p\u00fablico. Estamos aqui para mostrar para o novo Brasil que a Caixa est\u00e1 nessa parceria, fazendo o melhor para crescermos juntos. Fico muito feliz por assumir a ag\u00eancia e participar de eventos como esse. Em JF o MURIA\u00c9-PREV possui bastante fama devido \u00e0 atual gest\u00e3o, um exemplo para o estado de Minas Gerais e todo o Brasil. Vemos a aplica\u00e7\u00e3o do dinheiro com seriedade e rentabilidade, o que todo mun\u00edcipio e cidad\u00e3o que participa de fundo de pens\u00e3o quer. Todas as pessoas sabem e t\u00eam acesso. \u00c9 uma liberdade imprescind\u00edvel para verificar onde est\u00e3o sendo feitas as aplica\u00e7\u00f5es\u201d,<\/em> explica.<\/p>\n<p style=\"text-align: justify;\">C\u00e9lio Carlos Rosa de Paula, Secret\u00e1rio Municipal de Fazenda e servidor h\u00e1 23 anos, faz parte do Conselho Administrativo do MURIA\u00c9-PREV como membro nato e segundo ele, o MURIA\u00c9-PREV nada mais \u00e9 do que um patrim\u00f4nio do servidor p\u00fablico municipal. <em>\u201cEles fizeram na gest\u00e3o do Fundo de Previd\u00eancia, o que todo Executivo e Legislativo, seja municipal, estadual ou federal, deve fazer. Quando se fala em \u00f3rg\u00e3o p\u00fablico, a popula\u00e7\u00e3o tem que saber os n\u00fameros, a arrecada\u00e7\u00e3o, as despesas, em que est\u00e1 sendo investindo, onde est\u00e1 se aplicando, enfim, detalhes sobre o Fundo e o futuro dele daqui a 10, 20 ou 30 anos. Tem que ter pessoas s\u00e9rias e com compromisso como as que a\u00ed est\u00e3o, n\u00e3o s\u00f3 na presid\u00eancia, mas nos Conselhos Administrativo e Fiscal, para gerir esses recursos com responsabilidade. O servidor que aposenta pelo MURIA\u00c9-PREV est\u00e1 com seus benef\u00edcios garantidos, pois \u00e9 um \u00f3rg\u00e3o que n\u00e3o tem nenhuma inadimpl\u00eancia ou desvio. Estou nessa administra\u00e7\u00e3o 2012-2018 e acompanho todas as presta\u00e7\u00f5es de contas\u201d,<\/em> completa.<\/p>\n<p>[ngg_images source=&#8221;galleries&#8221; container_ids=&#8221;1100&#8243; display_type=&#8221;photocrati-nextgen_basic_thumbnails&#8221; override_thumbnail_settings=&#8221;0&#8243; thumbnail_width=&#8221;100&#8243; thumbnail_height=&#8221;75&#8243; thumbnail_crop=&#8221;1&#8243; images_per_page=&#8221;0&#8243; number_of_columns=&#8221;0&#8243; ajax_pagination=&#8221;0&#8243; show_all_in_lightbox=&#8221;0&#8243; use_imagebrowser_effect=&#8221;0&#8243; show_slideshow_link=&#8221;1&#8243; slideshow_link_text=&#8221;[Show as slideshow]&#8221; order_by=&#8221;sortorder&#8221; order_direction=&#8221;ASC&#8221; returns=&#8221;included&#8221; maximum_entity_count=&#8221;500&#8243;]<\/p>\n","protected":false},"excerpt":{"rendered":"<p>Na noite de ter\u00e7a-feira 15 de agosto, na C\u00e2mara Municipal, O Fundo Previdenci\u00e1rio de Muria\u00e9 \u2013 MURIA\u00c9-PREV, realizou a solenidade de apresenta\u00e7\u00e3o e inaugura\u00e7\u00e3o de seu novo Portal de Transpar\u00eancia, o qual pode ser acessado atrav\u00e9s do link http:\/\/www.muriaeprev.com.br\/portal O presidente do MURIA\u00c9-PREV, Ant\u00f4nio Jos\u00e9 Pereira de Oliveira, explicou que o Portal \u00e9 uma necessidade, [&hellip;]<\/p>\n","protected":false},"author":2,"featured_media":42767,"comment_status":"open","ping_status":"closed","sticky":false,"template":"","format":"standard","meta":{"_joinchat":[],"footnotes":""},"categories":[1],"tags":[],"class_list":["post-42766","post","type-post","status-publish","format-standard","has-post-thumbnail","hentry","category-sem-categoria"],"_links":{"self":[{"href":"http:\/\/folhadosudeste.com\/site\/index.php?rest_route=\/wp\/v2\/posts\/42766","targetHints":{"allow":["GET"]}}],"collection":[{"href":"http:\/\/folhadosudeste.com\/site\/index.php?rest_route=\/wp\/v2\/posts"}],"about":[{"href":"http:\/\/folhadosudeste.com\/site\/index.php?rest_route=\/wp\/v2\/types\/post"}],"author":[{"embeddable":true,"href":"http:\/\/folhadosudeste.com\/site\/index.php?rest_route=\/wp\/v2\/users\/2"}],"replies":[{"embeddable":true,"href":"http:\/\/folhadosudeste.com\/site\/index.php?rest_route=%2Fwp%2Fv2%2Fcomments&post=42766"}],"version-history":[{"count":3,"href":"http:\/\/folhadosudeste.com\/site\/index.php?rest_route=\/wp\/v2\/posts\/42766\/revisions"}],"predecessor-version":[{"id":42939,"href":"http:\/\/folhadosudeste.com\/site\/index.php?rest_route=\/wp\/v2\/posts\/42766\/revisions\/42939"}],"wp:featuredmedia":[{"embeddable":true,"href":"http:\/\/folhadosudeste.com\/site\/index.php?rest_route=\/wp\/v2\/media\/42767"}],"wp:attachment":[{"href":"http:\/\/folhadosudeste.com\/site\/index.php?rest_route=%2Fwp%2Fv2%2Fmedia&parent=42766"}],"wp:term":[{"taxonomy":"category","embeddable":true,"href":"http:\/\/folhadosudeste.com\/site\/index.php?rest_route=%2Fwp%2Fv2%2Fcategories&post=42766"},{"taxonomy":"post_tag","embeddable":true,"href":"http:\/\/folhadosudeste.com\/site\/index.php?rest_route=%2Fwp%2Fv2%2Ftags&post=42766"}],"curies":[{"name":"wp","href":"https:\/\/api.w.org\/{rel}","templated":true}]}}