{"id":42956,"date":"2017-08-22T19:02:18","date_gmt":"2017-08-22T19:02:18","guid":{"rendered":"http:\/\/folhadosudeste.com\/site\/?p=42956"},"modified":"2017-08-22T19:02:18","modified_gmt":"2017-08-22T19:02:18","slug":"casas-lar-funcionarao-na-antiga-casa-da-menina","status":"publish","type":"post","link":"http:\/\/folhadosudeste.com\/site\/?p=42956","title":{"rendered":"CASAS LAR FUNCIONAR\u00c3O NA ANTIGA CASA DA MENINA"},"content":{"rendered":"<p align=\"center\"><a href=\"http:\/\/folhadosudeste.com\/site\/wp-content\/uploads\/2017\/08\/IMG_3474.jpg\"><img loading=\"lazy\" decoding=\"async\" class=\"aligncenter wp-image-42957 size-large\" src=\"http:\/\/folhadosudeste.com\/site\/wp-content\/uploads\/2017\/08\/IMG_3474-1024x773.jpg\" alt=\"\" width=\"620\" height=\"468\" srcset=\"http:\/\/folhadosudeste.com\/site\/wp-content\/uploads\/2017\/08\/IMG_3474-1024x773.jpg 1024w, http:\/\/folhadosudeste.com\/site\/wp-content\/uploads\/2017\/08\/IMG_3474-300x226.jpg 300w, http:\/\/folhadosudeste.com\/site\/wp-content\/uploads\/2017\/08\/IMG_3474-768x580.jpg 768w, http:\/\/folhadosudeste.com\/site\/wp-content\/uploads\/2017\/08\/IMG_3474.jpg 1500w\" sizes=\"auto, (max-width: 620px) 100vw, 620px\" \/><\/a><\/p>\n<p class=\"m_1203662466954334646gmail-MsoNoSpacing\" style=\"text-align: justify;\" align=\"center\"><i>Sede provis\u00f3ria oferecer\u00e1 mais conforto para crian\u00e7as e adolescentes acolhidos<\/i><\/p>\n<p class=\"m_1203662466954334646gmail-MsoNoSpacing\" style=\"text-align: justify;\">As duas Casas Lar, institui\u00e7\u00f5es mantidas pela Prefeitura de Muria\u00e9, ser\u00e3o instaladas na antiga Casa da Menina, na Barra. O objetivo da mudan\u00e7a de local \u00e9 oferecer melhor atendimento a cerca de 50 crian\u00e7as e adolescentes acolhidos, em um espa\u00e7o mais amplo e confort\u00e1vel. O local est\u00e1 passando por reformas e adapta\u00e7\u00f5es, e a inaugura\u00e7\u00e3o da sede provis\u00f3ria acontecer\u00e1 em setembro.&nbsp;<\/p>\n<p class=\"m_1203662466954334646gmail-MsoNoSpacing\" style=\"text-align: justify;\">A secret\u00e1ria Municipal de Desenvolvimento Social, Giselle Braga, conta que o atual espa\u00e7o f\u00edsico das Casas Lar (localizadas na Avenida Vicente Alves, bairro Prefeito H\u00e9lio Ara\u00fajo, conhecido como \u201cBico Doce\u201d) n\u00e3o comporta mais o tipo de atendimento a ser realizado com os acolhidos. \u201cDesde o per\u00edodo de transi\u00e7\u00e3o, quando fomos conhecer as duas Casas, nos assustamos com a estrutura e o espa\u00e7o f\u00edsico. S\u00e3o locais muito pequenos e que n\u00e3o possuem a estrutura adequada para acomodar a quantidade de crian\u00e7as e adolescentes, e nem de trabalho para os t\u00e9cnicos que atuam nas institui\u00e7\u00f5es\u201d, diz.<\/p>\n<p class=\"m_1203662466954334646gmail-MsoNoSpacing\" style=\"text-align: justify;\">Ainda segundo Giselle, a Prefeitura possui um projeto de constru\u00e7\u00e3o de uma sede definitiva para a Casa Lar. \u201cMesmo com esse projeto, n\u00e3o quisemos aguardar, pois as Casas Lar est\u00e3o funcionando em local que n\u00e3o \u00e9 mais adequado para a quantidade de pessoas que atende atualmente\u201d, completa.<\/p>\n<p class=\"m_1203662466954334646gmail-MsoNoSpacing\" style=\"text-align: justify;\"><b>CASAS LAR OFERECEM CUIDADO PARA CRIAN\u00c7AS E ADOLESCENTES<\/b><\/p>\n<p class=\"m_1203662466954334646gmail-MsoNoSpacing\" style=\"text-align: justify;\">As Casas Lar garantem a prote\u00e7\u00e3o e moradia provis\u00f3ria para crian\u00e7as e adolescentes afastados do conv\u00edvio familiar por meio de medida protetiva de abrigo, em fun\u00e7\u00e3o de abandono, ou cujas fam\u00edlias ou respons\u00e1veis encontram-se temporariamente impossibilitados de cumprir esta fun\u00e7\u00e3o. Nas institui\u00e7\u00f5es, uma equipe multidisciplinar realiza diversas a\u00e7\u00f5es com os acolhidos, como: apoio sociofamiliar, assessoria t\u00e9cnica e defesa de direitos, apoio \u00e0 conviv\u00eancia social e comunit\u00e1ria, oficinas l\u00fadicas, entre outras.<\/p>\n<p class=\"m_1203662466954334646gmail-MsoNoSpacing\" style=\"text-align: justify;\">O prefeito Grego afirma que o objetivo da Administra\u00e7\u00e3o \u00e9 oferecer um atendimento cada vez melhor aos acolhidos nas Casas Lar. \u201cQueremos dar a essas crian\u00e7as e adolescentes um espa\u00e7o mais amplo e confort\u00e1vel, para que possam se sentir, realmente, em casa e desenvolver suas atividades di\u00e1rias da melhor forma poss\u00edvel. Assim, com investimento e a\u00e7\u00f5es, vamos construir um novo caminho na \u00e1rea social de Muria\u00e9\u201d, diz.<\/p>\n","protected":false},"excerpt":{"rendered":"<p>Sede provis\u00f3ria oferecer\u00e1 mais conforto para crian\u00e7as e adolescentes acolhidos As duas Casas Lar, institui\u00e7\u00f5es mantidas pela Prefeitura de Muria\u00e9, ser\u00e3o instaladas na antiga Casa da Menina, na Barra. O objetivo da mudan\u00e7a de local \u00e9 oferecer melhor atendimento a cerca de 50 crian\u00e7as e adolescentes acolhidos, em um espa\u00e7o mais amplo e confort\u00e1vel. O [&hellip;]<\/p>\n","protected":false},"author":6,"featured_media":42957,"comment_status":"open","ping_status":"closed","sticky":false,"template":"","format":"standard","meta":{"_joinchat":[],"footnotes":""},"categories":[1],"tags":[],"class_list":["post-42956","post","type-post","status-publish","format-standard","has-post-thumbnail","hentry","category-sem-categoria"],"_links":{"self":[{"href":"http:\/\/folhadosudeste.com\/site\/index.php?rest_route=\/wp\/v2\/posts\/42956","targetHints":{"allow":["GET"]}}],"collection":[{"href":"http:\/\/folhadosudeste.com\/site\/index.php?rest_route=\/wp\/v2\/posts"}],"about":[{"href":"http:\/\/folhadosudeste.com\/site\/index.php?rest_route=\/wp\/v2\/types\/post"}],"author":[{"embeddable":true,"href":"http:\/\/folhadosudeste.com\/site\/index.php?rest_route=\/wp\/v2\/users\/6"}],"replies":[{"embeddable":true,"href":"http:\/\/folhadosudeste.com\/site\/index.php?rest_route=%2Fwp%2Fv2%2Fcomments&post=42956"}],"version-history":[{"count":1,"href":"http:\/\/folhadosudeste.com\/site\/index.php?rest_route=\/wp\/v2\/posts\/42956\/revisions"}],"predecessor-version":[{"id":42958,"href":"http:\/\/folhadosudeste.com\/site\/index.php?rest_route=\/wp\/v2\/posts\/42956\/revisions\/42958"}],"wp:featuredmedia":[{"embeddable":true,"href":"http:\/\/folhadosudeste.com\/site\/index.php?rest_route=\/wp\/v2\/media\/42957"}],"wp:attachment":[{"href":"http:\/\/folhadosudeste.com\/site\/index.php?rest_route=%2Fwp%2Fv2%2Fmedia&parent=42956"}],"wp:term":[{"taxonomy":"category","embeddable":true,"href":"http:\/\/folhadosudeste.com\/site\/index.php?rest_route=%2Fwp%2Fv2%2Fcategories&post=42956"},{"taxonomy":"post_tag","embeddable":true,"href":"http:\/\/folhadosudeste.com\/site\/index.php?rest_route=%2Fwp%2Fv2%2Ftags&post=42956"}],"curies":[{"name":"wp","href":"https:\/\/api.w.org\/{rel}","templated":true}]}}