{"id":42970,"date":"2017-08-23T13:07:47","date_gmt":"2017-08-23T13:07:47","guid":{"rendered":"http:\/\/folhadosudeste.com\/site\/?p=42970"},"modified":"2017-08-23T13:11:04","modified_gmt":"2017-08-23T13:11:04","slug":"escola-municipal-gilberto-tanus-braz-do-joao-xxiii-nao-desfilara-com-sua-banda-marcial-este-ano","status":"publish","type":"post","link":"http:\/\/folhadosudeste.com\/site\/?p=42970","title":{"rendered":"ESCOLA MUNICIPAL GILBERTO TANUS BRAZ DO JO\u00c3O XXIII N\u00c3O DESFILAR\u00c1 COM SUA BANDA MARCIAL  ESTE ANO."},"content":{"rendered":"<p><a href=\"http:\/\/folhadosudeste.com\/site\/?attachment_id=42972\" rel=\"attachment wp-att-42972\"><img loading=\"lazy\" decoding=\"async\" class=\"aligncenter size-full wp-image-42972\" src=\"http:\/\/folhadosudeste.com\/site\/wp-content\/uploads\/2017\/08\/20170814162853_600.jpg\" alt=\"\" width=\"620\" height=\"986\" srcset=\"http:\/\/folhadosudeste.com\/site\/wp-content\/uploads\/2017\/08\/20170814162853_600.jpg 620w, http:\/\/folhadosudeste.com\/site\/wp-content\/uploads\/2017\/08\/20170814162853_600-189x300.jpg 189w\" sizes=\"auto, (max-width: 620px) 100vw, 620px\" \/><\/a><\/p>\n<p style=\"text-align: justify;\">An\u00edsio Goulart, uma das lideran\u00e7as da Banda Marcial Muria\u00e9 disse em redes sociais:&nbsp;<br \/>\n&#8220;Estamos de luto.&nbsp;Infelizmente venho informar que a banda marcial Muria\u00e9 n\u00e3o se apresentar\u00e1 este ano por causa de tr\u00eas vizinhos da escola, que s\u00e3o intolerantes ao volume do som do ensaio da banda que sempre ocorreram apenas 2 dias da semana de 19 \u00e0s 21 horas.<br \/>\nPedimos desculpas \u00e0 popula\u00e7\u00e3o muriaeense e aos amantes das bandas mas sem lugar pra ensaiar ficou invi\u00e1vel.<br \/>\nPedimos pra quem se importar com esta situa\u00e7\u00e3o que divulgue, que comente e que compartilhe pois \u00e9 uma vergonha o que est\u00e1 acontecendo&#8221;.<\/p>\n","protected":false},"excerpt":{"rendered":"<p>An\u00edsio Goulart, uma das lideran\u00e7as da Banda Marcial Muria\u00e9 disse em redes sociais:&nbsp; &#8220;Estamos de luto.&nbsp;Infelizmente venho informar que a banda marcial Muria\u00e9 n\u00e3o se apresentar\u00e1 este ano por causa de tr\u00eas vizinhos da escola, que s\u00e3o intolerantes ao volume do som do ensaio da banda que sempre ocorreram apenas 2 dias da semana de [&hellip;]<\/p>\n","protected":false},"author":3,"featured_media":42972,"comment_status":"open","ping_status":"closed","sticky":false,"template":"","format":"standard","meta":{"_joinchat":[],"footnotes":""},"categories":[1],"tags":[],"class_list":["post-42970","post","type-post","status-publish","format-standard","has-post-thumbnail","hentry","category-sem-categoria"],"_links":{"self":[{"href":"http:\/\/folhadosudeste.com\/site\/index.php?rest_route=\/wp\/v2\/posts\/42970","targetHints":{"allow":["GET"]}}],"collection":[{"href":"http:\/\/folhadosudeste.com\/site\/index.php?rest_route=\/wp\/v2\/posts"}],"about":[{"href":"http:\/\/folhadosudeste.com\/site\/index.php?rest_route=\/wp\/v2\/types\/post"}],"author":[{"embeddable":true,"href":"http:\/\/folhadosudeste.com\/site\/index.php?rest_route=\/wp\/v2\/users\/3"}],"replies":[{"embeddable":true,"href":"http:\/\/folhadosudeste.com\/site\/index.php?rest_route=%2Fwp%2Fv2%2Fcomments&post=42970"}],"version-history":[{"count":3,"href":"http:\/\/folhadosudeste.com\/site\/index.php?rest_route=\/wp\/v2\/posts\/42970\/revisions"}],"predecessor-version":[{"id":42974,"href":"http:\/\/folhadosudeste.com\/site\/index.php?rest_route=\/wp\/v2\/posts\/42970\/revisions\/42974"}],"wp:featuredmedia":[{"embeddable":true,"href":"http:\/\/folhadosudeste.com\/site\/index.php?rest_route=\/wp\/v2\/media\/42972"}],"wp:attachment":[{"href":"http:\/\/folhadosudeste.com\/site\/index.php?rest_route=%2Fwp%2Fv2%2Fmedia&parent=42970"}],"wp:term":[{"taxonomy":"category","embeddable":true,"href":"http:\/\/folhadosudeste.com\/site\/index.php?rest_route=%2Fwp%2Fv2%2Fcategories&post=42970"},{"taxonomy":"post_tag","embeddable":true,"href":"http:\/\/folhadosudeste.com\/site\/index.php?rest_route=%2Fwp%2Fv2%2Ftags&post=42970"}],"curies":[{"name":"wp","href":"https:\/\/api.w.org\/{rel}","templated":true}]}}