{"id":42977,"date":"2017-08-23T20:34:35","date_gmt":"2017-08-23T20:34:35","guid":{"rendered":"http:\/\/folhadosudeste.com\/site\/?p=42977"},"modified":"2017-08-23T20:34:35","modified_gmt":"2017-08-23T20:34:35","slug":"exposicao-de-arte-sacra-abre-oficialmente-mes-do-patrimonio-em-muriae","status":"publish","type":"post","link":"http:\/\/folhadosudeste.com\/site\/?p=42977","title":{"rendered":"EXPOSI\u00c7\u00c3O DE ARTE SACRA ABRE OFICIALMENTE M\u00caS DO PATRIM\u00d4NIO EM MURIA\u00c9"},"content":{"rendered":"<p align=\"center\"><a href=\"http:\/\/folhadosudeste.com\/site\/wp-content\/uploads\/2017\/08\/IMG_3646.jpg\"><img loading=\"lazy\" decoding=\"async\" class=\"aligncenter wp-image-42978 size-large\" src=\"http:\/\/folhadosudeste.com\/site\/wp-content\/uploads\/2017\/08\/IMG_3646-1024x788.jpg\" alt=\"\" width=\"620\" height=\"477\" srcset=\"http:\/\/folhadosudeste.com\/site\/wp-content\/uploads\/2017\/08\/IMG_3646-1024x788.jpg 1024w, http:\/\/folhadosudeste.com\/site\/wp-content\/uploads\/2017\/08\/IMG_3646-300x231.jpg 300w, http:\/\/folhadosudeste.com\/site\/wp-content\/uploads\/2017\/08\/IMG_3646-768x591.jpg 768w, http:\/\/folhadosudeste.com\/site\/wp-content\/uploads\/2017\/08\/IMG_3646.jpg 1500w\" sizes=\"auto, (max-width: 620px) 100vw, 620px\" \/><\/a><\/p>\n<p class=\"m_3596662165462340978gmail-MsoNoSpacing\" style=\"text-align: justify;\" align=\"center\"><i>Prefeitura organiza programa\u00e7\u00e3o com diversas atra\u00e7\u00f5es at\u00e9 setembro em comemora\u00e7\u00e3o \u00e0 data<\/i><\/p>\n<p class=\"m_3596662165462340978gmail-MsoNoSpacing\" style=\"text-align: justify;\">O M\u00eas do Patrim\u00f4nio foi aberto oficialmente em Muria\u00e9 na noite da \u00faltima ter\u00e7a-feira (22), com o lan\u00e7amento da exposi\u00e7\u00e3o \u201c300 Anos de Nossa Senhora Aparecida\u201d. Assinada pelo artista pl\u00e1stico autodidata Yure Mendes, a mostra est\u00e1 em cartaz, gratuitamente, no Grande Hotel Muriahe. Em comemora\u00e7\u00e3o \u00e0 data, e para oferecer atra\u00e7\u00f5es culturais aos muriaeenses, a Prefeitura organizou uma programa\u00e7\u00e3o diversificada, que prossegue at\u00e9 o m\u00eas de setembro.<\/p>\n<p class=\"m_3596662165462340978gmail-MsoNoSpacing\" style=\"text-align: justify;\">Mineiro de Juiz de Fora, Yure iniciou-se nessa carreira ainda jovem. \u00c9 conhecido por utilizar o ferro como mat\u00e9ria-prima em suas obras de arte. Entre as de maior destaque est\u00e3o as pe\u00e7as da exposi\u00e7\u00e3o \u201cTarsilar\u201d (2010), que trouxe releituras da produ\u00e7\u00e3o da pintora Tarsila do Amaral; o pres\u00e9pio \u201cOuro de Minas\u201d, exposto na decora\u00e7\u00e3o de Natal de 2011, em Juiz de Fora; os monumentos da via-sacra do Morro do Cristo e da exposi\u00e7\u00e3o &#8220;Casa de V\u00f3&#8221; (2013), com pe\u00e7as que remetem \u00e0s mem\u00f3rias de inf\u00e2ncia do artista na casa de sua av\u00f3. Est\u00e1 \u00e9 a terceira vez que Yure exp\u00f5e em Muria\u00e9. Ele j\u00e1 esteve na cidade com as mostras \u201cTarsilar\u201d (2010) e \u201cMaria Antonieta\u201d (2016).<\/p>\n<p class=\"m_3596662165462340978gmail-MsoNoSpacing\" style=\"text-align: justify;\">Al\u00e9m desta exposi\u00e7\u00e3o, as comemora\u00e7\u00f5es ao M\u00eas do Patrim\u00f4nio incluem, ainda, a mostra \u201cA propaganda em Muria\u00e9 de 1915 a 1923\u201d, em cartaz desde o dia 17 no Memorial Municipal, a qual apresenta parte da cole\u00e7\u00e3o de panfletos do museu da cidade, proporcionando que o p\u00fablico conhe\u00e7a mais sobre a hist\u00f3ria de Muria\u00e9 atrav\u00e9s da publicidade; e a entrega, no dia 13 de setembro, no Pa\u00e7o Municipal (antiga sede da Prefeitura), do Pr\u00eamio de Incentivo ao Patrim\u00f4nio Cultural. A Conex\u00e3o Capoeira, no dia 16 do pr\u00f3ximo m\u00eas, finaliza a programa\u00e7\u00e3o alusiva \u00e0 data.<\/p>\n<p class=\"m_3596662165462340978gmail-MsoNoSpacing\" style=\"text-align: justify;\"><b>EXPOSI\u00c7\u00c3O INCENTIVA ACESSO \u00c0 CULTURA<\/b><\/p>\n<p class=\"m_3596662165462340978gmail-MsoNoSpacing\" style=\"text-align: justify;\">O prefeito Grego afirma que a mostra fomenta a cultura em Muria\u00e9. \u201cA Administra\u00e7\u00e3o est\u00e1 promovendo diversas a\u00e7\u00f5es para que os muriaeenses tenham mais acesso \u00e0 cultura e possam conhecer belas obras de arte. Desta forma, estamos construindo um futuro melhor para todos\u201d, diz.<\/p>\n<p class=\"m_3596662165462340978gmail-MsoNoSpacing\" style=\"text-align: justify;\">&nbsp;<\/p>\n<p class=\"m_3596662165462340978gmail-MsoNoSpacing\" style=\"text-align: justify;\"><b>SERVI\u00c7O:<\/b><b>&nbsp;<\/b><\/p>\n<p class=\"m_3596662165462340978gmail-MsoNoSpacing\" style=\"text-align: justify;\"><b>PR\u00d3XIMAS ATRA\u00c7\u00d5ES COMEMORATIVAS AO M\u00caS DO PATRIM\u00d4NIO<\/b><\/p>\n<p class=\"m_3596662165462340978gmail-MsoNoSpacing\" style=\"text-align: justify;\"><b>Entrega do Pr\u00eamio de Incentivo ao Patrim\u00f4nio Cultural<\/b><\/p>\n<p class=\"m_3596662165462340978gmail-MsoNoSpacing\" style=\"text-align: justify;\">Data: 13 de setembro<\/p>\n<p class=\"m_3596662165462340978gmail-MsoNoSpacing\" style=\"text-align: justify;\">Hor\u00e1rio: 19h<\/p>\n<p class=\"m_3596662165462340978gmail-MsoNoSpacing\" style=\"text-align: justify;\">Local: Pa\u00e7o Municipal (antiga sede da Prefeitura)<\/p>\n<p class=\"m_3596662165462340978gmail-MsoNoSpacing\" style=\"text-align: justify;\">Evento aberto \u00e0 popula\u00e7\u00e3o<\/p>\n<p class=\"m_3596662165462340978gmail-MsoNoSpacing\" style=\"text-align: justify;\">&nbsp;<\/p>\n<p class=\"m_3596662165462340978gmail-MsoNoSpacing\" style=\"text-align: justify;\"><b>Conex\u00e3o Capoeira<\/b><\/p>\n<p class=\"m_3596662165462340978gmail-MsoNoSpacing\" style=\"text-align: justify;\">Data: 16 de setembro<\/p>\n<p class=\"m_3596662165462340978gmail-MsoNoSpacing\" style=\"text-align: justify;\">10h30min: Roda na Pra\u00e7a \u2013 Pra\u00e7a Jo\u00e3o Pinheiro<\/p>\n<p class=\"m_3596662165462340978gmail-MsoNoSpacing\" style=\"text-align: justify;\">14h: Mestre Pernalonga \u2013 Academia Gracie Barra<\/p>\n<p class=\"m_3596662165462340978gmail-MsoNoSpacing\" style=\"text-align: justify;\">17h: Batizado e troca de cordas \u2013 Teatro Belmira Villas Boas<\/p>\n<p class=\"m_3596662165462340978gmail-MsoNoSpacing\" style=\"text-align: justify;\">20h: Noite dos Cantadores \u2013 Vila Eud\u00f3xia Can\u00eado<\/p>\n<p class=\"m_3596662165462340978gmail-MsoNoSpacing\" style=\"text-align: justify;\">Evento aberto \u00e0 popula\u00e7\u00e3o<\/p>\n<p class=\"m_3596662165462340978gmail-MsoNoSpacing\" style=\"text-align: justify;\"><b>&nbsp;<\/b><\/p>\n<p class=\"m_3596662165462340978gmail-MsoNoSpacing\" style=\"text-align: justify;\"><b>EXPOSI\u00c7\u00d5ES EM CARTAZ<\/b><\/p>\n<p class=\"m_3596662165462340978gmail-MsoNoSpacing\" style=\"text-align: justify;\"><b>\u201cA propaganda em Muria\u00e9 de 1915 a 1923\u201d<\/b><\/p>\n<p class=\"m_3596662165462340978gmail-MsoNoSpacing\" style=\"text-align: justify;\">Local: Memorial Municipal, localizado na Pra\u00e7a Coronel Pacheco de Medeiros (sede da antiga Prefeitura), Centro<\/p>\n<p class=\"m_3596662165462340978gmail-MsoNoSpacing\" style=\"text-align: justify;\">Dias e hor\u00e1rios de visita\u00e7\u00e3o: segunda a sexta-feira, de 8h \u00e0s 11h30min e de 13h \u00e0s 17h<\/p>\n<p class=\"m_3596662165462340978gmail-MsoNoSpacing\" style=\"text-align: justify;\">De 17 de agosto a 30 de novembro<\/p>\n<p class=\"m_3596662165462340978gmail-MsoNoSpacing\" style=\"text-align: justify;\">Telefone para agendamento de visitas guiadas: 3729-1255<\/p>\n<p class=\"m_3596662165462340978gmail-MsoNoSpacing\" style=\"text-align: justify;\">Entrada gratuita<\/p>\n<p class=\"m_3596662165462340978gmail-MsoNoSpacing\" style=\"text-align: justify;\"><b>\u201c300 Anos de Nossa Senhora Aparecida\u201d<\/b><\/p>\n<p class=\"m_3596662165462340978gmail-MsoNoSpacing\" style=\"text-align: justify;\">Local: Galeria M\u00f4nica Botelho &#8211; Grande Hotel Muriahe (Pra\u00e7a Jo\u00e3o Pinheiro, 164, Centro)<\/p>\n<p class=\"m_3596662165462340978gmail-MsoNoSpacing\" style=\"text-align: justify;\">Dias e hor\u00e1rios de visita\u00e7\u00e3o: segunda a sexta-feira, de 8h \u00e0s 11h30min e de 13h \u00e0s 17h<\/p>\n<p class=\"m_3596662165462340978gmail-MsoNoSpacing\" style=\"text-align: justify;\">De 22 de agosto a 22 de setembro<\/p>\n<p class=\"m_3596662165462340978gmail-MsoNoSpacing\" style=\"text-align: justify;\">Telefone para agendamento de visitas guiadas: 3729-1059\/98801-7015<\/p>\n<p class=\"m_3596662165462340978gmail-MsoNoSpacing\" style=\"text-align: justify;\">Entrada gratuita<\/p>\n","protected":false},"excerpt":{"rendered":"<p>Prefeitura organiza programa\u00e7\u00e3o com diversas atra\u00e7\u00f5es at\u00e9 setembro em comemora\u00e7\u00e3o \u00e0 data O M\u00eas do Patrim\u00f4nio foi aberto oficialmente em Muria\u00e9 na noite da \u00faltima ter\u00e7a-feira (22), com o lan\u00e7amento da exposi\u00e7\u00e3o \u201c300 Anos de Nossa Senhora Aparecida\u201d. Assinada pelo artista pl\u00e1stico autodidata Yure Mendes, a mostra est\u00e1 em cartaz, gratuitamente, no Grande Hotel Muriahe. [&hellip;]<\/p>\n","protected":false},"author":6,"featured_media":42978,"comment_status":"open","ping_status":"closed","sticky":false,"template":"","format":"standard","meta":{"_joinchat":[],"footnotes":""},"categories":[1],"tags":[],"class_list":["post-42977","post","type-post","status-publish","format-standard","has-post-thumbnail","hentry","category-sem-categoria"],"_links":{"self":[{"href":"http:\/\/folhadosudeste.com\/site\/index.php?rest_route=\/wp\/v2\/posts\/42977","targetHints":{"allow":["GET"]}}],"collection":[{"href":"http:\/\/folhadosudeste.com\/site\/index.php?rest_route=\/wp\/v2\/posts"}],"about":[{"href":"http:\/\/folhadosudeste.com\/site\/index.php?rest_route=\/wp\/v2\/types\/post"}],"author":[{"embeddable":true,"href":"http:\/\/folhadosudeste.com\/site\/index.php?rest_route=\/wp\/v2\/users\/6"}],"replies":[{"embeddable":true,"href":"http:\/\/folhadosudeste.com\/site\/index.php?rest_route=%2Fwp%2Fv2%2Fcomments&post=42977"}],"version-history":[{"count":1,"href":"http:\/\/folhadosudeste.com\/site\/index.php?rest_route=\/wp\/v2\/posts\/42977\/revisions"}],"predecessor-version":[{"id":42979,"href":"http:\/\/folhadosudeste.com\/site\/index.php?rest_route=\/wp\/v2\/posts\/42977\/revisions\/42979"}],"wp:featuredmedia":[{"embeddable":true,"href":"http:\/\/folhadosudeste.com\/site\/index.php?rest_route=\/wp\/v2\/media\/42978"}],"wp:attachment":[{"href":"http:\/\/folhadosudeste.com\/site\/index.php?rest_route=%2Fwp%2Fv2%2Fmedia&parent=42977"}],"wp:term":[{"taxonomy":"category","embeddable":true,"href":"http:\/\/folhadosudeste.com\/site\/index.php?rest_route=%2Fwp%2Fv2%2Fcategories&post=42977"},{"taxonomy":"post_tag","embeddable":true,"href":"http:\/\/folhadosudeste.com\/site\/index.php?rest_route=%2Fwp%2Fv2%2Ftags&post=42977"}],"curies":[{"name":"wp","href":"https:\/\/api.w.org\/{rel}","templated":true}]}}