{"id":43058,"date":"2017-08-25T14:06:06","date_gmt":"2017-08-25T14:06:06","guid":{"rendered":"http:\/\/folhadosudeste.com\/site\/?p=43058"},"modified":"2017-08-25T14:56:27","modified_gmt":"2017-08-25T14:56:27","slug":"maria-luiza-aluna-da-e-e-pe-maximino-benassati-conquista-2o-lugar-no-festival-de-musica-estudantil","status":"publish","type":"post","link":"http:\/\/folhadosudeste.com\/site\/?p=43058","title":{"rendered":"MARIA LUIZA, ALUNA DA E. E. PE. MAXIMINO BENASSATI, CONQUISTA 2\u00ba LUGAR NO FESTIVAL DE M\u00daSICA ESTUDANTIL"},"content":{"rendered":"<p style=\"text-align: justify;\"><a href=\"http:\/\/folhadosudeste.com\/site\/wp-content\/uploads\/2017\/08\/PREMEM.jpeg\"><img loading=\"lazy\" decoding=\"async\" class=\"aligncenter size-full wp-image-43144\" src=\"http:\/\/folhadosudeste.com\/site\/wp-content\/uploads\/2017\/08\/PREMEM.jpeg\" alt=\"\" width=\"620\" height=\"314\" srcset=\"http:\/\/folhadosudeste.com\/site\/wp-content\/uploads\/2017\/08\/PREMEM.jpeg 620w, http:\/\/folhadosudeste.com\/site\/wp-content\/uploads\/2017\/08\/PREMEM-300x152.jpeg 300w\" sizes=\"auto, (max-width: 620px) 100vw, 620px\" \/><\/a><\/p>\n<p style=\"text-align: justify;\">Maria Luiza Anacleto Paiva mostrou sua satisfa\u00e7\u00e3o em conquistar o 2\u00ba lugar do Festival de M\u00fasica Estudantil com sua can\u00e7\u00e3o \u2018Nada se respeita&#8230; tudo se respeita\u2019&#8230; para alegria de seus pais, familiares, amigos e professores.<\/p>\n<p style=\"text-align: justify;\">Cursando o 9\u00b0 ano na Escola Estadual Padre Maximino Benassati, ela cantou uma m\u00fasica que comp\u00f4s por ser contra o racismo. <em>\u201cFiz a letra e \u00e9 uma mensagem contra a discrimina\u00e7\u00e3o. Ganhei em 2\u00b0 lugar e estou muito feliz por isso. \u00c9 a primeira vez que participo de uma competi\u00e7\u00e3o assim e pretendo continuar\u201d,<\/em> avalia.<\/p>\n<p style=\"text-align: justify;\">Maria Alice de Souza Almeida Fernandes, diretora da E. E. Pe. Maximino Benassati, h\u00e1 7 anos na escola, afirma que Maria Luiza \u00e9 uma boa aluna e canta muito bem. <em>\u201c\u00c9 a primeira composi\u00e7\u00e3o dela e engajou nessa com muita vontade para participar. Apoiamos totalmente. A letra fala da nossa origem, nosso pa\u00eds, nossa miscigena\u00e7\u00e3o. Colocamos o edital na escola, mas s\u00f3 ela que se manifestou. Praticamente fez tudo sozinha. Tem chance de fazer grande sucesso\u201d,<\/em> destaca.<\/p>\n<p style=\"text-align: justify;\">A diretora Maria Alice, o vice-diretor Natalino, os professores e colaboradores da E. E. Pe. Maximino Benassati parabenizam Maria Luiza pela sua participa\u00e7\u00e3o no Festival, pela vit\u00f3ria e por essa inspirada composi\u00e7\u00e3o.<\/p>\n<p style=\"text-align: justify;\">Confira a letra da m\u00fasica:<\/p>\n<p style=\"text-align: justify;\"><strong>\u2018Nada se respeita&#8230; tudo se respeita&#8230;\u2019<\/strong><\/p>\n<p style=\"text-align: justify;\">(Maria Luiza Anacleto Paiva)<\/p>\n<p style=\"text-align: justify;\">Eu sou negro e \u00e9 verdade, eu tenho muito respeito.<\/p>\n<p style=\"text-align: justify;\">Eu mere\u00e7o igualdade, isso \u00e9 o meu direito, n\u00e3o \u00e9 s\u00f3 porque ele \u00e9 branco que ele pode se achar&#8230;<\/p>\n<p style=\"text-align: justify;\">Tudo que \u00e9 um conceito, no meu peito vou guardar.<\/p>\n<p style=\"text-align: justify;\">Na vida eu aprendi a nunca desistir, dos \u00edndios que eu vim, dos negros que eu nasci.<\/p>\n<p style=\"text-align: justify;\">O tempo passou, o mundo girou e o racismo ainda n\u00e3o ficou pra tr\u00e1s&#8230;<\/p>\n<p>&nbsp;<\/p>\n<p style=\"text-align: justify;\">(Refr\u00e3o)<\/p>\n<p style=\"text-align: justify;\">Nada se respeita&#8230; tudo se respeita&#8230; a minha pele \u00e9 branca, mas a minha ra\u00e7a \u00e9 negra.<\/p>\n<p style=\"text-align: justify;\">Nada se respeita&#8230; tudo se respeita&#8230; menos essa atitude, que n\u00e3o sai da sua cabe\u00e7a.<\/p>\n<p>&nbsp;<\/p>\n<p style=\"text-align: justify;\">Tudo que a gente faz tem uma consequ\u00eancia, acertando ou errando mant\u00e9m sua paci\u00eancia.<\/p>\n<p style=\"text-align: justify;\">Aqui \u00e9 o final, mas \u00e9 apenas o come\u00e7o, vamos seguir em frente e esquecer nosso trope\u00e7o!<\/p>\n<p style=\"text-align: justify;\">A consci\u00eancia Negra n\u00e3o \u00e9 um dia errado, mas merecemos mais do que s\u00f3 um agrado&#8230;<\/p>\n<p style=\"text-align: justify;\">Mas a verdade \u00e9 que n\u00f3s vamos morrer, \u00e9 a \u00fanica certeza que n\u00f3s podemos ter.<\/p>\n<p style=\"text-align: justify;\">Aqui eu vou terminar, mas eu vou repetir:<\/p>\n<p style=\"text-align: justify;\">Somos todos iguais e n\u00e3o podemos desistir!<\/p>\n<p style=\"text-align: justify;\">O Brasil \u00e9 um pa\u00eds de miscigena\u00e7\u00e3o, por isso meu irm\u00e3o me d\u00ea a sua m\u00e3o!!<\/p>\n<p>[ngg_images source=&#8221;galleries&#8221; container_ids=&#8221;1105&#8243; display_type=&#8221;photocrati-nextgen_basic_thumbnails&#8221; override_thumbnail_settings=&#8221;0&#8243; thumbnail_width=&#8221;100&#8243; thumbnail_height=&#8221;75&#8243; thumbnail_crop=&#8221;1&#8243; images_per_page=&#8221;0&#8243; number_of_columns=&#8221;0&#8243; ajax_pagination=&#8221;0&#8243; show_all_in_lightbox=&#8221;0&#8243; use_imagebrowser_effect=&#8221;0&#8243; show_slideshow_link=&#8221;1&#8243; slideshow_link_text=&#8221;[Show as slideshow]&#8221; order_by=&#8221;sortorder&#8221; order_direction=&#8221;ASC&#8221; returns=&#8221;included&#8221; maximum_entity_count=&#8221;500&#8243;]<\/p>\n","protected":false},"excerpt":{"rendered":"<p>Maria Luiza Anacleto Paiva mostrou sua satisfa\u00e7\u00e3o em conquistar o 2\u00ba lugar do Festival de M\u00fasica Estudantil com sua can\u00e7\u00e3o \u2018Nada se respeita&#8230; tudo se respeita\u2019&#8230; para alegria de seus pais, familiares, amigos e professores. Cursando o 9\u00b0 ano na Escola Estadual Padre Maximino Benassati, ela cantou uma m\u00fasica que comp\u00f4s por ser contra o [&hellip;]<\/p>\n","protected":false},"author":2,"featured_media":43144,"comment_status":"open","ping_status":"closed","sticky":false,"template":"","format":"standard","meta":{"_joinchat":[],"footnotes":""},"categories":[1],"tags":[],"class_list":["post-43058","post","type-post","status-publish","format-standard","has-post-thumbnail","hentry","category-sem-categoria"],"_links":{"self":[{"href":"http:\/\/folhadosudeste.com\/site\/index.php?rest_route=\/wp\/v2\/posts\/43058","targetHints":{"allow":["GET"]}}],"collection":[{"href":"http:\/\/folhadosudeste.com\/site\/index.php?rest_route=\/wp\/v2\/posts"}],"about":[{"href":"http:\/\/folhadosudeste.com\/site\/index.php?rest_route=\/wp\/v2\/types\/post"}],"author":[{"embeddable":true,"href":"http:\/\/folhadosudeste.com\/site\/index.php?rest_route=\/wp\/v2\/users\/2"}],"replies":[{"embeddable":true,"href":"http:\/\/folhadosudeste.com\/site\/index.php?rest_route=%2Fwp%2Fv2%2Fcomments&post=43058"}],"version-history":[{"count":3,"href":"http:\/\/folhadosudeste.com\/site\/index.php?rest_route=\/wp\/v2\/posts\/43058\/revisions"}],"predecessor-version":[{"id":43157,"href":"http:\/\/folhadosudeste.com\/site\/index.php?rest_route=\/wp\/v2\/posts\/43058\/revisions\/43157"}],"wp:featuredmedia":[{"embeddable":true,"href":"http:\/\/folhadosudeste.com\/site\/index.php?rest_route=\/wp\/v2\/media\/43144"}],"wp:attachment":[{"href":"http:\/\/folhadosudeste.com\/site\/index.php?rest_route=%2Fwp%2Fv2%2Fmedia&parent=43058"}],"wp:term":[{"taxonomy":"category","embeddable":true,"href":"http:\/\/folhadosudeste.com\/site\/index.php?rest_route=%2Fwp%2Fv2%2Fcategories&post=43058"},{"taxonomy":"post_tag","embeddable":true,"href":"http:\/\/folhadosudeste.com\/site\/index.php?rest_route=%2Fwp%2Fv2%2Ftags&post=43058"}],"curies":[{"name":"wp","href":"https:\/\/api.w.org\/{rel}","templated":true}]}}