{"id":43060,"date":"2017-08-25T14:06:42","date_gmt":"2017-08-25T14:06:42","guid":{"rendered":"http:\/\/folhadosudeste.com\/site\/?p=43060"},"modified":"2017-08-25T15:00:27","modified_gmt":"2017-08-25T15:00:27","slug":"final-do-festival-de-musica-estudantil-de-muriae","status":"publish","type":"post","link":"http:\/\/folhadosudeste.com\/site\/?p=43060","title":{"rendered":"FINAL DO FESTIVAL DE M\u00daSICA ESTUDANTIL DE MURIA\u00c9"},"content":{"rendered":"<p style=\"text-align: justify;\"><a href=\"http:\/\/folhadosudeste.com\/site\/wp-content\/uploads\/2017\/08\/FESTIVAL-ESTUDANTIL.jpg\"><img loading=\"lazy\" decoding=\"async\" class=\"aligncenter size-full wp-image-43158\" src=\"http:\/\/folhadosudeste.com\/site\/wp-content\/uploads\/2017\/08\/FESTIVAL-ESTUDANTIL.jpg\" alt=\"\" width=\"620\" height=\"252\" srcset=\"http:\/\/folhadosudeste.com\/site\/wp-content\/uploads\/2017\/08\/FESTIVAL-ESTUDANTIL.jpg 620w, http:\/\/folhadosudeste.com\/site\/wp-content\/uploads\/2017\/08\/FESTIVAL-ESTUDANTIL-300x122.jpg 300w\" sizes=\"auto, (max-width: 620px) 100vw, 620px\" \/><\/a><\/p>\n<p style=\"text-align: justify;\">A final do Festival de M\u00fasica Estudantil de Muria\u00e9 aconteceu na sexta 18 de agosto na AABB. Foram realizadas 10 apresenta\u00e7\u00f5es, os alunos interpretaram m\u00fasicas autorais e representaram escolas estaduais, municipais e particulares. Gabriela Angelina Limonge, da Escola Estadual Ant\u00f4nio Vi\u00e7oso Magalh\u00e3es, com a m\u00fasica \u2018Vida\u2019, ganhou 3 trof\u00e9us: Melhor Melodia; Melhor Int\u00e9rprete e o 1\u00ba Lugar do Festival com a maior nota geral no somat\u00f3rio dos jurados. A vice-campe\u00e3 foi Maria Luiza Anacleto, da Escola Estadual Padre Maximino Benassati, com a m\u00fasica \u2018Nada se respeita, tudo se respeita\u2019. Em 3\u00ba lugar, Jo\u00e3o Victor, da Escola Municipal C\u00e2ndido Portinari, com a m\u00fasica \u2018Trem Maldito\u2019. J\u00e1 o pr\u00eamio de Melhor Letra foi para Gabriel Cerqueira e Esmeralda Dias, com a S \u2018Pesadelos\u2019, representando a Escola Estadual Pedro Vicente de Freitas (de Belis\u00e1rio). Al\u00e9m disso, todas as Escolas foram agraciadas com um trof\u00e9u de participa\u00e7\u00e3o e incentivo \u00e0 cultura. Ao final das apresenta\u00e7\u00f5es, os presentes curtiram o show da Banda Zem.<\/p>\n<p style=\"text-align: justify;\">Para Reinaldo Dornelas, idealizador do Festival de M\u00fasica Estudantil, que aconteceu h\u00e1 cerca de 30 anos, durante aproximadamente 10 anos consecutivos, e depois teve uma paralisa\u00e7\u00e3o. H\u00e1 muito tempo ele pretendia voltar e agora est\u00e1 na Fundarte, ent\u00e3o teve a oportunidade de colocar o evento no calend\u00e1rio da autarquia, assim como a secret\u00e1ria municipal, Nininha, colocou no calend\u00e1rio da Secretaria de Educa\u00e7\u00e3o. <em>\u201cComemora-se o Dia do Estudante, 11 de agosto, uma festa muito grande, em que participam escolas p\u00fablicas, estaduais e municipais, e particulares. S\u00e3o 10 m\u00fasicas selecionadas nas escolas. Contamos com 5 jurados, pessoas capacitadas, que puderam fazer um julgamento com muito crit\u00e9rio. Temos premia\u00e7\u00e3o de 1\u00b0 lugar no valor de R$ 500 reais, um CD gravado, um v\u00eddeo-clipe e um trof\u00e9u. Tivemos o apoio da Prefeitura, FUNDARTE, Secretaria de Educa\u00e7\u00e3o, SRE, UNIFAMINAS e AABB. Foi uma festa de fam\u00edlia, com todos torcendo e participando, em um ambiente muito gostoso. No pr\u00f3ximo ano, queremos fazer um festival aberto ao p\u00fablico. Agrade\u00e7o a todos que direta e indiretamente me ajudaram\u201d,<\/em> explica.<\/p>\n<p style=\"text-align: justify;\">Sandro Carrizo, Diretor Educacional da Superintend\u00eancia Regional de Ensino, destacou a import\u00e2ncia da parceria com a Secretaria Municipal de Educa\u00e7\u00e3o, Esportes e Lazer, resgatando os festivais de Muria\u00e9. <em>\u201cPossibilita despertar talentos e fazer diferen\u00e7a musical na cidade. S\u00e3o grandes artistas revelados por esses festivais e agora vai fazer parte do calend\u00e1rio, tornando cada vez melhor esse evento\u201d,<\/em> acrescenta.<\/p>\n<p style=\"text-align: justify;\">Gabriela Angelina Limonge, 15 anos, cursando o 9\u00b0 ano na Escola Estadual Ant\u00f4nio Vi\u00e7oso Magalh\u00e3es, levou o cheque da UNIFAMINAS no valor de R$ 500. <em>\u201cFiquei muito feliz, porque j\u00e1 sonhava h\u00e1 muito tempo com esse momento. Foi uma emo\u00e7\u00e3o muito grande quando falou meu nome. Dei o meu melhor, tanto eu quanto minha banda. Tenho certeza de que vir\u00e3o muitas coisas boas por a\u00ed. Foi uma conquista enorme. A banda s\u00f3 esteve comigo no Festival, que \u00e9 o 2\u00b0 que participo, ent\u00e3o valeu a pena o investimento. Escrevi essa m\u00fasica sobre um momento dif\u00edcil para mim. J\u00e1 tinha desistido de tudo, mas surgiu a oportunidade. Nisso criei a parte \u2018Olhe para fora meu bem e veja que a vida segue\u2019. Se voc\u00ea perder uma vez, voc\u00ea vai conseguir. Eu acreditei e consegui; um trabalho duro mesmo. O nome da m\u00fasica \u00e9 \u2018Vida\u2019\u201d,<\/em> completa.<\/p>\n<p style=\"text-align: justify;\"><strong>Participantes finalistas e suas respectivas m\u00fasicas<\/strong>: Ang\u00e9lica Maria Costa O. Prado (E. M. Joaquim Ribeiro de Carvalho): \u2018Deus de Amor\u2019; Edmara Dur\u00e3es Pinheiro (E. M. Prof\u00aa Elza Rog\u00e9rio): \u2018Eu te Falei\u2019; Gabriel Cerqueira da Silva (E. E. Pedro Vicente de Freitas): Pesadelos; Gabriela Angelina Limonge (E. E. Ant\u00f4nio Vi\u00e7oso Magalh\u00e3es): Vida; Gustavo Ant\u00f4nio da Silva (E. E. Dr. Olavo Tostes): \u2018Voc\u00ea \u00e9 o Sentido da Minha Vida\u2019; Jo\u00e3o Victor Lopes Banni (E. M. C\u00e2ndido Portinari): Trem Maldito; Leon\u00e3 de Oliveira Corr\u00eaa (E. E. Eng. Orlando Flores): Linda; Luiz Felipe Soares Xavier (E. E. Prof\u00ba Orlando de Lima Faria): \u2018Fatos e Relatos\u2019; Maria Luiza Anacleto Paiva (E. E. Pe. Maximino Benassati): \u2018Nada se Respeita, Tudo se Respeita\u2019 e Maria Luiza Morais Mansur (Col\u00e9gio Equipe): \u2018Futuro Certo\u201d. Os jurados foram: Alcione Marques; Denise Dornelas; J\u00falia Cec\u00edlia; Edmilson Elpes e Evandro Vasques.<\/p>\n<p style=\"text-align: justify;\">Estiveram presentes as seguintes autoridades: Sandro Carrizo (SRE), Grego (prefeito), Nininha (secret\u00e1ria de Educa\u00e7\u00e3o), Eduardo (UNIFAMINAS), Dr. Marcos Guarino (vice-prefeito), vereadores e outros secret\u00e1rios municipais e Rita (AABB).<\/p>\n<p>[ngg_images source=&#8221;galleries&#8221; container_ids=&#8221;1106&#8243; display_type=&#8221;photocrati-nextgen_basic_thumbnails&#8221; override_thumbnail_settings=&#8221;0&#8243; thumbnail_width=&#8221;100&#8243; thumbnail_height=&#8221;75&#8243; thumbnail_crop=&#8221;1&#8243; images_per_page=&#8221;0&#8243; number_of_columns=&#8221;0&#8243; ajax_pagination=&#8221;0&#8243; show_all_in_lightbox=&#8221;0&#8243; use_imagebrowser_effect=&#8221;0&#8243; show_slideshow_link=&#8221;1&#8243; slideshow_link_text=&#8221;[Show as slideshow]&#8221; order_by=&#8221;sortorder&#8221; order_direction=&#8221;ASC&#8221; returns=&#8221;included&#8221; maximum_entity_count=&#8221;500&#8243;]<\/p>\n","protected":false},"excerpt":{"rendered":"<p>A final do Festival de M\u00fasica Estudantil de Muria\u00e9 aconteceu na sexta 18 de agosto na AABB. Foram realizadas 10 apresenta\u00e7\u00f5es, os alunos interpretaram m\u00fasicas autorais e representaram escolas estaduais, municipais e particulares. Gabriela Angelina Limonge, da Escola Estadual Ant\u00f4nio Vi\u00e7oso Magalh\u00e3es, com a m\u00fasica \u2018Vida\u2019, ganhou 3 trof\u00e9us: Melhor Melodia; Melhor Int\u00e9rprete e o [&hellip;]<\/p>\n","protected":false},"author":2,"featured_media":43158,"comment_status":"open","ping_status":"closed","sticky":false,"template":"","format":"standard","meta":{"_joinchat":[],"footnotes":""},"categories":[1],"tags":[],"class_list":["post-43060","post","type-post","status-publish","format-standard","has-post-thumbnail","hentry","category-sem-categoria"],"_links":{"self":[{"href":"http:\/\/folhadosudeste.com\/site\/index.php?rest_route=\/wp\/v2\/posts\/43060","targetHints":{"allow":["GET"]}}],"collection":[{"href":"http:\/\/folhadosudeste.com\/site\/index.php?rest_route=\/wp\/v2\/posts"}],"about":[{"href":"http:\/\/folhadosudeste.com\/site\/index.php?rest_route=\/wp\/v2\/types\/post"}],"author":[{"embeddable":true,"href":"http:\/\/folhadosudeste.com\/site\/index.php?rest_route=\/wp\/v2\/users\/2"}],"replies":[{"embeddable":true,"href":"http:\/\/folhadosudeste.com\/site\/index.php?rest_route=%2Fwp%2Fv2%2Fcomments&post=43060"}],"version-history":[{"count":3,"href":"http:\/\/folhadosudeste.com\/site\/index.php?rest_route=\/wp\/v2\/posts\/43060\/revisions"}],"predecessor-version":[{"id":43179,"href":"http:\/\/folhadosudeste.com\/site\/index.php?rest_route=\/wp\/v2\/posts\/43060\/revisions\/43179"}],"wp:featuredmedia":[{"embeddable":true,"href":"http:\/\/folhadosudeste.com\/site\/index.php?rest_route=\/wp\/v2\/media\/43158"}],"wp:attachment":[{"href":"http:\/\/folhadosudeste.com\/site\/index.php?rest_route=%2Fwp%2Fv2%2Fmedia&parent=43060"}],"wp:term":[{"taxonomy":"category","embeddable":true,"href":"http:\/\/folhadosudeste.com\/site\/index.php?rest_route=%2Fwp%2Fv2%2Fcategories&post=43060"},{"taxonomy":"post_tag","embeddable":true,"href":"http:\/\/folhadosudeste.com\/site\/index.php?rest_route=%2Fwp%2Fv2%2Ftags&post=43060"}],"curies":[{"name":"wp","href":"https:\/\/api.w.org\/{rel}","templated":true}]}}