{"id":43064,"date":"2017-08-25T14:07:48","date_gmt":"2017-08-25T14:07:48","guid":{"rendered":"http:\/\/folhadosudeste.com\/site\/?p=43064"},"modified":"2017-08-25T15:05:08","modified_gmt":"2017-08-25T15:05:08","slug":"seeb-de-muriae-e-regiao-comemora-dia-dos-bancarios-com-tradicional-confraternizacao","status":"publish","type":"post","link":"http:\/\/folhadosudeste.com\/site\/?p=43064","title":{"rendered":"SEEB DE MURIA\u00c9 E REGI\u00c3O COMEMORA DIA DOS BANC\u00c1RIOS COM TRADICIONAL CONFRATERNIZA\u00c7\u00c3O"},"content":{"rendered":"<p style=\"text-align: justify;\"><a href=\"http:\/\/folhadosudeste.com\/site\/wp-content\/uploads\/2017\/08\/SEEB.jpg\"><img loading=\"lazy\" decoding=\"async\" class=\"aligncenter size-full wp-image-43198\" src=\"http:\/\/folhadosudeste.com\/site\/wp-content\/uploads\/2017\/08\/SEEB.jpg\" alt=\"\" width=\"620\" height=\"276\" srcset=\"http:\/\/folhadosudeste.com\/site\/wp-content\/uploads\/2017\/08\/SEEB.jpg 620w, http:\/\/folhadosudeste.com\/site\/wp-content\/uploads\/2017\/08\/SEEB-300x134.jpg 300w\" sizes=\"auto, (max-width: 620px) 100vw, 620px\" \/><\/a><\/p>\n<p style=\"text-align: justify;\">O Sindicato dos Empregados em Estabelecimentos Banc\u00e1rios de Muria\u00e9 e Regi\u00e3o (SEEB) realizou, no s\u00e1bado (19), no Quiosc\u00e3o do SESC, sua festa de confraterniza\u00e7\u00e3o e comemora\u00e7\u00e3o do Dia dos Banc\u00e1rios, oficialmente festejado em 28 de agosto. Na oportunidade, foram comemorados tamb\u00e9m os 70 anos do SEEB, que abrange 25 cidades. A festa contou com um saboroso almo\u00e7o (servido pela equipe do Restaurante Serra do Sol), regado \u00e0 muita cerveja e com m\u00fasica ao vivo de Isabel Cristina e Marcel.<\/p>\n<p style=\"text-align: justify;\">De acordo com Adilson Rodrigues Pereira, presidente do SEEB, o Dia Nacional dos Banc\u00e1rios \u00e9 celebrado dia 28 de agosto, mas a diretoria antecipou a data devido a v\u00e1rios compromissos j\u00e1 assumidos. Para ele, o Dia dos Banc\u00e1rios \u00e9 todos os dias, ent\u00e3o pelo menos uma vez por ano \u00e9 realizada essa confraterniza\u00e7\u00e3o com todos os colegas. <em>\u201c\u00c9 uma honra nossa, principalmente pela situa\u00e7\u00e3o que estamos passando atualmente. Nossas reivindica\u00e7\u00f5es s\u00e3o para 1\u00ba de setembro, o Encontro Estadual e Nacional, ent\u00e3o fechamos um acordo por 2 anos, 2016 e 2017, pelo \u00edndice de infla\u00e7\u00e3o atual. Esse ano praticamente est\u00e1 fechado. Basicamente \u00e9 a infla\u00e7\u00e3o mais 1% de ganho real. Pedimos aos nossos banc\u00e1rios para fazerem uma doa\u00e7\u00e3o de fralda descart\u00e1vel geri\u00e1trica ao asilo Lar Ozanam e ao HSP, pois l\u00e1 eles necessitam muito. Agrade\u00e7o a todos os banc\u00e1rios e banc\u00e1rias, por nos prestigiarem nessa confraterniza\u00e7\u00e3o, com muita alegria\u201d,<\/em> destaca.<\/p>\n<p style=\"text-align: justify;\">Para Dr. Alfredo Brand\u00e3o, presidente da Federa\u00e7\u00e3o dos Empregados em Estabelecimentos Banc\u00e1rios dos Estados de Minas Gerais, Goi\u00e1s, Tocantins e Distrito Federal, essa foi uma reuni\u00e3o, uma uni\u00e3o de esfor\u00e7os para tentar modificar e suportar o que fizeram com o trabalhismo, com a CLT, e, principalmente, com as entidades sindicais. <em>\u201cN\u00f3s n\u00e3o estamos comemorando, mas sim reunindo alegremente, com o cora\u00e7\u00e3o dividido e perturbado, porque o trabalhador foi muito prejudicado com as decis\u00f5es, tanto do Presidente da Rep\u00fablica, como do Congresso Nacional. Tem 12 anos que est\u00e3o tentando destruir o Movimento Sindical e agora temos que fazer nossa resist\u00eancia, nos unir, desde o mais simples trabalhador ao mais intelectual. Muitos jogaram os trabalhadores contra o Sindicato, ent\u00e3o temos que come\u00e7ar um trabalho de formiguinha, para n\u00e3o ficarmos subjugados \u00e0 vontade do empregador. Pedimos a uni\u00e3o e que n\u00e3o aceitem essas acusa\u00e7\u00f5es levianas. O Sindicato de Muria\u00e9 e Regi\u00e3o j\u00e1 existe h\u00e1 70 anos, \u00e9 o 2\u00b0 na escala da nossa Federa\u00e7\u00e3o\u201d,<\/em> afirma.<\/p>\n<p style=\"text-align: justify;\"><strong>Jorge Ribeiro fala sobre as comemora\u00e7\u00f5es do SEEB<\/strong><\/p>\n<p style=\"text-align: justify;\">Sr. Jorge Ribeiro, vice-presidente do Sindicato dos Empregados em Estabelecimentos Banc\u00e1rios de Muria\u00e9 e Regi\u00e3o (SEEB) e diretor efetivo da Federa\u00e7\u00e3o dos Empregados de Minas Gerais, Goi\u00e1s, Tocantins e Distrito Federal, falou um pouco sobre a confraterniza\u00e7\u00e3o anual em comemora\u00e7\u00e3o ao Dia do Banc\u00e1rio. Segundo ele, trata-se de um dia de festa a n\u00edvel nacional, recordando, do ano de 1951, a luta dram\u00e1tica que ficou na hist\u00f3ria pela vit\u00f3ria, com 69 dias de greve. <em>\u201cFoi uma conquista nossa, valorizando o esfor\u00e7o dos nossos companheiros. Com muito orgulho e satisfa\u00e7\u00e3o, comemoramos o Dia Nacional dos Banc\u00e1rios, junto ao anivers\u00e1rio do Sindicato, que trabalha n\u00e3o s\u00f3 para a categoria, mas para uma sociedade mais justa e um pa\u00eds melhor. O Sindicato abrange 25 cidades da regi\u00e3o e est\u00e1 completando 70 anos de vida, de muitas conquistas e vit\u00f3rias, mas ainda tem muitas para alcan\u00e7ar. Temos que tentar recompor o pa\u00eds, porque infelizmente os pol\u00edticos acabaram com o Brasil. Temos que modificar, independente de religi\u00e3o e ideologias. Fizemos tudo como manda a Lei Brasileira. Lutamos pela educa\u00e7\u00e3o, sa\u00fade, lazer e outras conquistas para atender a categoria banc\u00e1ria, a sociedade e fazer um pa\u00eds mais justo. Tenho 58 anos de banco e a maior parte da minha vida profissional a servi\u00e7o da categoria e de um Brasil melhor para todos os seres humanos\u201d,<\/em> explica.<\/p>\n<p>[ngg_images source=&#8221;galleries&#8221; container_ids=&#8221;1108&#8243; display_type=&#8221;photocrati-nextgen_basic_thumbnails&#8221; override_thumbnail_settings=&#8221;0&#8243; thumbnail_width=&#8221;100&#8243; thumbnail_height=&#8221;75&#8243; thumbnail_crop=&#8221;1&#8243; images_per_page=&#8221;0&#8243; number_of_columns=&#8221;0&#8243; ajax_pagination=&#8221;0&#8243; show_all_in_lightbox=&#8221;0&#8243; use_imagebrowser_effect=&#8221;0&#8243; show_slideshow_link=&#8221;1&#8243; slideshow_link_text=&#8221;[Show as slideshow]&#8221; order_by=&#8221;sortorder&#8221; order_direction=&#8221;ASC&#8221; returns=&#8221;included&#8221; maximum_entity_count=&#8221;500&#8243;]<\/p>\n","protected":false},"excerpt":{"rendered":"<p>O Sindicato dos Empregados em Estabelecimentos Banc\u00e1rios de Muria\u00e9 e Regi\u00e3o (SEEB) realizou, no s\u00e1bado (19), no Quiosc\u00e3o do SESC, sua festa de confraterniza\u00e7\u00e3o e comemora\u00e7\u00e3o do Dia dos Banc\u00e1rios, oficialmente festejado em 28 de agosto. Na oportunidade, foram comemorados tamb\u00e9m os 70 anos do SEEB, que abrange 25 cidades. A festa contou com um [&hellip;]<\/p>\n","protected":false},"author":2,"featured_media":43198,"comment_status":"open","ping_status":"closed","sticky":false,"template":"","format":"standard","meta":{"_joinchat":[],"footnotes":""},"categories":[1],"tags":[],"class_list":["post-43064","post","type-post","status-publish","format-standard","has-post-thumbnail","hentry","category-sem-categoria"],"_links":{"self":[{"href":"http:\/\/folhadosudeste.com\/site\/index.php?rest_route=\/wp\/v2\/posts\/43064","targetHints":{"allow":["GET"]}}],"collection":[{"href":"http:\/\/folhadosudeste.com\/site\/index.php?rest_route=\/wp\/v2\/posts"}],"about":[{"href":"http:\/\/folhadosudeste.com\/site\/index.php?rest_route=\/wp\/v2\/types\/post"}],"author":[{"embeddable":true,"href":"http:\/\/folhadosudeste.com\/site\/index.php?rest_route=\/wp\/v2\/users\/2"}],"replies":[{"embeddable":true,"href":"http:\/\/folhadosudeste.com\/site\/index.php?rest_route=%2Fwp%2Fv2%2Fcomments&post=43064"}],"version-history":[{"count":3,"href":"http:\/\/folhadosudeste.com\/site\/index.php?rest_route=\/wp\/v2\/posts\/43064\/revisions"}],"predecessor-version":[{"id":43235,"href":"http:\/\/folhadosudeste.com\/site\/index.php?rest_route=\/wp\/v2\/posts\/43064\/revisions\/43235"}],"wp:featuredmedia":[{"embeddable":true,"href":"http:\/\/folhadosudeste.com\/site\/index.php?rest_route=\/wp\/v2\/media\/43198"}],"wp:attachment":[{"href":"http:\/\/folhadosudeste.com\/site\/index.php?rest_route=%2Fwp%2Fv2%2Fmedia&parent=43064"}],"wp:term":[{"taxonomy":"category","embeddable":true,"href":"http:\/\/folhadosudeste.com\/site\/index.php?rest_route=%2Fwp%2Fv2%2Fcategories&post=43064"},{"taxonomy":"post_tag","embeddable":true,"href":"http:\/\/folhadosudeste.com\/site\/index.php?rest_route=%2Fwp%2Fv2%2Ftags&post=43064"}],"curies":[{"name":"wp","href":"https:\/\/api.w.org\/{rel}","templated":true}]}}