{"id":43066,"date":"2017-08-25T14:38:36","date_gmt":"2017-08-25T14:38:36","guid":{"rendered":"http:\/\/folhadosudeste.com\/site\/?p=43066"},"modified":"2017-08-25T15:07:10","modified_gmt":"2017-08-25T15:07:10","slug":"vereador-jose-geraldo-chaves-visita-obra-de-sua-autoria-na-academia-ao-ar-livre-do-bairro-vital-em-rosario-da-limeira","status":"publish","type":"post","link":"http:\/\/folhadosudeste.com\/site\/?p=43066","title":{"rendered":"VEREADOR JOS\u00c9 GERALDO CHAVES VISITA OBRA DE SUA AUTORIA NA ACADEMIA AO AR LIVRE DO BAIRRO VITAL EM ROS\u00c1RIO DA LIMEIRA"},"content":{"rendered":"<p><a href=\"http:\/\/folhadosudeste.com\/site\/wp-content\/uploads\/2017\/08\/Z\u00c9-DO-LULA.jpg\"><img loading=\"lazy\" decoding=\"async\" class=\"aligncenter size-full wp-image-43236\" src=\"http:\/\/folhadosudeste.com\/site\/wp-content\/uploads\/2017\/08\/Z\u00c9-DO-LULA.jpg\" alt=\"\" width=\"620\" height=\"358\" srcset=\"http:\/\/folhadosudeste.com\/site\/wp-content\/uploads\/2017\/08\/Z\u00c9-DO-LULA.jpg 620w, http:\/\/folhadosudeste.com\/site\/wp-content\/uploads\/2017\/08\/Z\u00c9-DO-LULA-300x173.jpg 300w\" sizes=\"auto, (max-width: 620px) 100vw, 620px\" \/><\/a><\/p>\n<p style=\"text-align: justify;\">Visando maior seguran\u00e7a para os mun\u00edcipes que frequentam as academias ao ar livre do munic\u00edpio de Ros\u00e1rio da Limeira, o vereador Jos\u00e9 Geraldo Chaves (Z\u00e9 do Lula), do Partido Progressista, solicitou que fosse indicado ao Executivo Municipal a implanta\u00e7\u00e3o de um corrim\u00e3o nas proximidades dos aparelhos de gin\u00e1stica em frente \u00e0 Quadra Poliesportiva Lindberg Dias Maciel, bairro Vital.<\/p>\n<p style=\"text-align: justify;\">A indica\u00e7\u00e3o de n\u00famero 061\/2017, de autoria do vereador, foi pensando principalmente nos idosos e crian\u00e7as que freq\u00fcentam e praticam exerc\u00edcios no local, visto que os aparelhos ficam localizados a uma curta dist\u00e2ncia do rio que corta o mun\u00edcipio de Ros\u00e1rio da Limeira. De modo a prevenir, e visando promover maior seguran\u00e7a e conforto, o vereador solicitou que fosse colocado um corrim\u00e3o.<\/p>\n<p style=\"text-align: justify;\">Na \u00faltima semana o vereador Jos\u00e9 Geraldo Chaves esteve no local e acompanhou de perto o in\u00edcio da obra de sua autoria e aproveitou para agradecer ao prefeito Jos\u00e9 Maria Pinto da Silva por reconhecer a necessidade do corrim\u00e3o no local e ter atendido a sua solicita\u00e7\u00e3o atrav\u00e9s da Secretaria Municipal de Obras.<\/p>\n<p style=\"text-align: justify;\">Mat\u00e9ria e fotos: Wesley (Folha Independente).<\/p>\n<p>[ngg_images source=&#8221;galleries&#8221; container_ids=&#8221;1109&#8243; display_type=&#8221;photocrati-nextgen_basic_thumbnails&#8221; override_thumbnail_settings=&#8221;0&#8243; thumbnail_width=&#8221;100&#8243; thumbnail_height=&#8221;75&#8243; thumbnail_crop=&#8221;1&#8243; images_per_page=&#8221;0&#8243; number_of_columns=&#8221;0&#8243; ajax_pagination=&#8221;0&#8243; show_all_in_lightbox=&#8221;0&#8243; use_imagebrowser_effect=&#8221;0&#8243; show_slideshow_link=&#8221;1&#8243; slideshow_link_text=&#8221;[Show as slideshow]&#8221; order_by=&#8221;sortorder&#8221; order_direction=&#8221;ASC&#8221; returns=&#8221;included&#8221; maximum_entity_count=&#8221;500&#8243;]<\/p>\n","protected":false},"excerpt":{"rendered":"<p>Visando maior seguran\u00e7a para os mun\u00edcipes que frequentam as academias ao ar livre do munic\u00edpio de Ros\u00e1rio da Limeira, o vereador Jos\u00e9 Geraldo Chaves (Z\u00e9 do Lula), do Partido Progressista, solicitou que fosse indicado ao Executivo Municipal a implanta\u00e7\u00e3o de um corrim\u00e3o nas proximidades dos aparelhos de gin\u00e1stica em frente \u00e0 Quadra Poliesportiva Lindberg Dias [&hellip;]<\/p>\n","protected":false},"author":2,"featured_media":43236,"comment_status":"open","ping_status":"closed","sticky":false,"template":"","format":"standard","meta":{"_joinchat":[],"footnotes":""},"categories":[1],"tags":[],"class_list":["post-43066","post","type-post","status-publish","format-standard","has-post-thumbnail","hentry","category-sem-categoria"],"_links":{"self":[{"href":"http:\/\/folhadosudeste.com\/site\/index.php?rest_route=\/wp\/v2\/posts\/43066","targetHints":{"allow":["GET"]}}],"collection":[{"href":"http:\/\/folhadosudeste.com\/site\/index.php?rest_route=\/wp\/v2\/posts"}],"about":[{"href":"http:\/\/folhadosudeste.com\/site\/index.php?rest_route=\/wp\/v2\/types\/post"}],"author":[{"embeddable":true,"href":"http:\/\/folhadosudeste.com\/site\/index.php?rest_route=\/wp\/v2\/users\/2"}],"replies":[{"embeddable":true,"href":"http:\/\/folhadosudeste.com\/site\/index.php?rest_route=%2Fwp%2Fv2%2Fcomments&post=43066"}],"version-history":[{"count":3,"href":"http:\/\/folhadosudeste.com\/site\/index.php?rest_route=\/wp\/v2\/posts\/43066\/revisions"}],"predecessor-version":[{"id":43243,"href":"http:\/\/folhadosudeste.com\/site\/index.php?rest_route=\/wp\/v2\/posts\/43066\/revisions\/43243"}],"wp:featuredmedia":[{"embeddable":true,"href":"http:\/\/folhadosudeste.com\/site\/index.php?rest_route=\/wp\/v2\/media\/43236"}],"wp:attachment":[{"href":"http:\/\/folhadosudeste.com\/site\/index.php?rest_route=%2Fwp%2Fv2%2Fmedia&parent=43066"}],"wp:term":[{"taxonomy":"category","embeddable":true,"href":"http:\/\/folhadosudeste.com\/site\/index.php?rest_route=%2Fwp%2Fv2%2Fcategories&post=43066"},{"taxonomy":"post_tag","embeddable":true,"href":"http:\/\/folhadosudeste.com\/site\/index.php?rest_route=%2Fwp%2Fv2%2Ftags&post=43066"}],"curies":[{"name":"wp","href":"https:\/\/api.w.org\/{rel}","templated":true}]}}