{"id":43263,"date":"2017-08-29T17:22:56","date_gmt":"2017-08-29T17:22:56","guid":{"rendered":"http:\/\/folhadosudeste.com\/site\/?p=43263"},"modified":"2017-08-29T17:23:30","modified_gmt":"2017-08-29T17:23:30","slug":"campanha-de-vacinacao-antirrabica-prossegue-ate-1o-de-setembro-na-area-rural","status":"publish","type":"post","link":"http:\/\/folhadosudeste.com\/site\/?p=43263","title":{"rendered":"CAMPANHA DE VACINA\u00c7\u00c3O ANTIRR\u00c1BICA PROSSEGUE AT\u00c9 1\u00ba DE SETEMBRO NA \u00c1REA RURAL"},"content":{"rendered":"<p align=\"center\"><a href=\"http:\/\/folhadosudeste.com\/site\/wp-content\/uploads\/2017\/08\/IMG_3795.jpg\"><img loading=\"lazy\" decoding=\"async\" class=\"aligncenter wp-image-43264 size-large\" src=\"http:\/\/folhadosudeste.com\/site\/wp-content\/uploads\/2017\/08\/IMG_3795-1024x561.jpg\" alt=\"\" width=\"620\" height=\"340\" srcset=\"http:\/\/folhadosudeste.com\/site\/wp-content\/uploads\/2017\/08\/IMG_3795-1024x561.jpg 1024w, http:\/\/folhadosudeste.com\/site\/wp-content\/uploads\/2017\/08\/IMG_3795-300x164.jpg 300w, http:\/\/folhadosudeste.com\/site\/wp-content\/uploads\/2017\/08\/IMG_3795-768x421.jpg 768w, http:\/\/folhadosudeste.com\/site\/wp-content\/uploads\/2017\/08\/IMG_3795.jpg 1500w\" sizes=\"auto, (max-width: 620px) 100vw, 620px\" \/><\/a><\/p>\n<p class=\"m_630978695482928264gmail-MsoNoSpacing\" style=\"text-align: justify;\" align=\"center\"><i>Meta da Prefeitura \u00e9 imunizar, ao todo, 18 mil c\u00e3es e gatos contra raiva em Muria\u00e9, protegendo animais e donos<\/i><\/p>\n<p class=\"m_630978695482928264gmail-MsoNoSpacing\" style=\"text-align: justify;\">A Campanha de Vacina\u00e7\u00e3o Antirr\u00e1bica de Muria\u00e9 prosseguir\u00e1 at\u00e9 o dia 1\u00ba de setembro na \u00e1rea rural de Muria\u00e9. Ao todo, a Prefeitura planeja imunizar aproximadamente 18 mil c\u00e3es e gatos contra a raiva, para garantir a sa\u00fade dos animais e de seus donos. Na \u00e1rea urbana, a aplica\u00e7\u00e3o das doses aconteceu no \u00faltimo s\u00e1bado (26) e vacinou 8.166 animais &#8211; 2.451 a mais do que no ano passado.<\/p>\n<p class=\"m_630978695482928264gmail-MsoNoSpacing\" style=\"text-align: justify;\">O secret\u00e1rio Municipal de Sa\u00fade, Paulo C\u00e9sar de Oliveira, levou sua cocker spaniel, Mel, para ser imunizada contra a raiva. Ele informa que, ap\u00f3s o t\u00e9rmino da campanha, aqueles que n\u00e3o conseguirem levar os c\u00e3es e gatos para receber a dose podem procurar a Secretaria Municipal de Sa\u00fade, no setor da Vigil\u00e2ncia Ambiental, localizado na Rua Vereador Jos\u00e9 Messias, 65, 2\u00ba andar (sala 19), bairro Santo Ant\u00f4nio, das 8h \u00e0s 10h e das 14h \u00e0s 16h. O telefone para contato \u00e9 o 3729-1301.<\/p>\n<p class=\"m_630978695482928264gmail-MsoNoSpacing\" style=\"text-align: justify;\">A orienta\u00e7\u00e3o aos tutores de animais \u00e9 para que os c\u00e3es sejam levados presos em guias e os gatos sejam transportados em gaiolas ou caixas especiais para evitar acidentes. Caso os caninos ou felinos estejam doentes ou em tratamento de sa\u00fade, deve-se esperar a recupera\u00e7\u00e3o para receber a vacina &#8211; isso vale tamb\u00e9m para as f\u00eameas que estejam prenhas.&nbsp;<\/p>\n<p class=\"m_630978695482928264gmail-MsoNoSpacing\" style=\"text-align: justify;\"><b>PREFEITO RESSALTA IMPORT\u00c2NCIA DA VACINA\u00c7\u00c3O CONTRA RAIVA<\/b><\/p>\n<p class=\"m_630978695482928264gmail-MsoNoSpacing\" style=\"text-align: justify;\">O prefeito Grego frisa que a vacina\u00e7\u00e3o \u00e9 \u00fanica forma de evitar a raiva, uma doen\u00e7a que pode matar se n\u00e3o for prevenida e cuidada. \u201cPrevenir ainda \u00e9 o melhor rem\u00e9dio. Embora nos dias de hoje seja uma doen\u00e7a controlada, ela ainda \u00e9 uma grande preocupa\u00e7\u00e3o. Por isso, pedimos que propriet\u00e1rios de c\u00e3es e gatos levem seus animais para serem vacinados, para que continuem saud\u00e1veis e fiquem livres desta doen\u00e7a\u201d, recomendou.<\/p>\n","protected":false},"excerpt":{"rendered":"<p>Meta da Prefeitura \u00e9 imunizar, ao todo, 18 mil c\u00e3es e gatos contra raiva em Muria\u00e9, protegendo animais e donos A Campanha de Vacina\u00e7\u00e3o Antirr\u00e1bica de Muria\u00e9 prosseguir\u00e1 at\u00e9 o dia 1\u00ba de setembro na \u00e1rea rural de Muria\u00e9. Ao todo, a Prefeitura planeja imunizar aproximadamente 18 mil c\u00e3es e gatos contra a raiva, para [&hellip;]<\/p>\n","protected":false},"author":6,"featured_media":43264,"comment_status":"open","ping_status":"closed","sticky":false,"template":"","format":"standard","meta":{"_joinchat":[],"footnotes":""},"categories":[1],"tags":[],"class_list":["post-43263","post","type-post","status-publish","format-standard","has-post-thumbnail","hentry","category-sem-categoria"],"_links":{"self":[{"href":"http:\/\/folhadosudeste.com\/site\/index.php?rest_route=\/wp\/v2\/posts\/43263","targetHints":{"allow":["GET"]}}],"collection":[{"href":"http:\/\/folhadosudeste.com\/site\/index.php?rest_route=\/wp\/v2\/posts"}],"about":[{"href":"http:\/\/folhadosudeste.com\/site\/index.php?rest_route=\/wp\/v2\/types\/post"}],"author":[{"embeddable":true,"href":"http:\/\/folhadosudeste.com\/site\/index.php?rest_route=\/wp\/v2\/users\/6"}],"replies":[{"embeddable":true,"href":"http:\/\/folhadosudeste.com\/site\/index.php?rest_route=%2Fwp%2Fv2%2Fcomments&post=43263"}],"version-history":[{"count":1,"href":"http:\/\/folhadosudeste.com\/site\/index.php?rest_route=\/wp\/v2\/posts\/43263\/revisions"}],"predecessor-version":[{"id":43265,"href":"http:\/\/folhadosudeste.com\/site\/index.php?rest_route=\/wp\/v2\/posts\/43263\/revisions\/43265"}],"wp:featuredmedia":[{"embeddable":true,"href":"http:\/\/folhadosudeste.com\/site\/index.php?rest_route=\/wp\/v2\/media\/43264"}],"wp:attachment":[{"href":"http:\/\/folhadosudeste.com\/site\/index.php?rest_route=%2Fwp%2Fv2%2Fmedia&parent=43263"}],"wp:term":[{"taxonomy":"category","embeddable":true,"href":"http:\/\/folhadosudeste.com\/site\/index.php?rest_route=%2Fwp%2Fv2%2Fcategories&post=43263"},{"taxonomy":"post_tag","embeddable":true,"href":"http:\/\/folhadosudeste.com\/site\/index.php?rest_route=%2Fwp%2Fv2%2Ftags&post=43263"}],"curies":[{"name":"wp","href":"https:\/\/api.w.org\/{rel}","templated":true}]}}