{"id":43299,"date":"2017-08-30T20:12:45","date_gmt":"2017-08-30T20:12:45","guid":{"rendered":"http:\/\/folhadosudeste.com\/site\/?p=43299"},"modified":"2017-08-30T20:12:45","modified_gmt":"2017-08-30T20:12:45","slug":"prefeitura-promove-encontro-para-discutir-sobre-pessoas-em-situacao-de-rua","status":"publish","type":"post","link":"http:\/\/folhadosudeste.com\/site\/?p=43299","title":{"rendered":"PREFEITURA PROMOVE ENCONTRO PARA DISCUTIR SOBRE PESSOAS EM SITUA\u00c7\u00c3O DE RUA"},"content":{"rendered":"<p align=\"center\"><a href=\"http:\/\/folhadosudeste.com\/site\/wp-content\/uploads\/2017\/08\/IMG_4041.jpg\"><img loading=\"lazy\" decoding=\"async\" class=\"aligncenter wp-image-43300 size-large\" src=\"http:\/\/folhadosudeste.com\/site\/wp-content\/uploads\/2017\/08\/IMG_4041-1024x360.jpg\" alt=\"\" width=\"620\" height=\"218\" srcset=\"http:\/\/folhadosudeste.com\/site\/wp-content\/uploads\/2017\/08\/IMG_4041-1024x360.jpg 1024w, http:\/\/folhadosudeste.com\/site\/wp-content\/uploads\/2017\/08\/IMG_4041-300x106.jpg 300w, http:\/\/folhadosudeste.com\/site\/wp-content\/uploads\/2017\/08\/IMG_4041-768x270.jpg 768w, http:\/\/folhadosudeste.com\/site\/wp-content\/uploads\/2017\/08\/IMG_4041.jpg 1500w\" sizes=\"auto, (max-width: 620px) 100vw, 620px\" \/><\/a><\/p>\n<p class=\"m_-6274018225132134801gmail-MsoNoSpacing\" style=\"text-align: justify;\" align=\"center\"><i>Evento debateu sobre como melhorar a\u00e7\u00f5es voltadas para este p\u00fablico<\/i><\/p>\n<p class=\"m_-6274018225132134801gmail-MsoNoSpacing\" style=\"text-align: justify;\">\u201cGarantia de direitos e integra\u00e7\u00e3o da rede socioassistencial &#8211; Avan\u00e7os e desafios da pol\u00edtica da pessoa em situa\u00e7\u00e3o de rua\u201d foi o tema da roda de conversa promovida pela Prefeitura para debater a\u00e7\u00f5es voltadas para este p\u00fablico. O evento aconteceu na manh\u00e3 da \u00faltima ter\u00e7a-feira (29), no Coreto, localizado na Pra\u00e7a Jo\u00e3o Pinheiro, Centro.<\/p>\n<p class=\"m_-6274018225132134801gmail-MsoNoSpacing\" style=\"text-align: justify;\">A programa\u00e7\u00e3o incluiu exposi\u00e7\u00e3o de fotos \u201cInterligados\u201d, do fot\u00f3grafo Cleversom Montanha, de Ub\u00e1, cujas imagens foram feitas com pessoas em situa\u00e7\u00e3o de rua em Muria\u00e9; apresenta\u00e7\u00e3o do coral do Centro POP e palestra com a diretora da Articula\u00e7\u00e3o com o Sistema de Garantia de Direitos e Integra\u00e7\u00e3o da Rede Socioassistencial da Secretaria de Estado de Trabalho e Desenvolvimento Social (Sedese), Nat\u00e1lia Neves.<\/p>\n<p class=\"m_-6274018225132134801gmail-MsoNoSpacing\" style=\"text-align: justify;\">O prefeito Grego, presente no evento, acompanhado da secret\u00e1ria Municipal de Desenvolvimento Social, Giselle Braga, afirma que a Administra\u00e7\u00e3o est\u00e1 com a aten\u00e7\u00e3o voltada para as pessoas em situa\u00e7\u00e3o de rua. \u201cEstamos empenhados em desenvolver a\u00e7\u00f5es cont\u00ednuas, em parceria com diversas institui\u00e7\u00f5es, em benef\u00edcio destas pessoas, para, assim, construirmos uma cidade justa, igualit\u00e1ria e mais humana\u201d, diz.&nbsp;<\/p>\n","protected":false},"excerpt":{"rendered":"<p>Evento debateu sobre como melhorar a\u00e7\u00f5es voltadas para este p\u00fablico \u201cGarantia de direitos e integra\u00e7\u00e3o da rede socioassistencial &#8211; Avan\u00e7os e desafios da pol\u00edtica da pessoa em situa\u00e7\u00e3o de rua\u201d foi o tema da roda de conversa promovida pela Prefeitura para debater a\u00e7\u00f5es voltadas para este p\u00fablico. O evento aconteceu na manh\u00e3 da \u00faltima ter\u00e7a-feira [&hellip;]<\/p>\n","protected":false},"author":6,"featured_media":43300,"comment_status":"open","ping_status":"closed","sticky":false,"template":"","format":"standard","meta":{"_joinchat":[],"footnotes":""},"categories":[1],"tags":[],"class_list":["post-43299","post","type-post","status-publish","format-standard","has-post-thumbnail","hentry","category-sem-categoria"],"_links":{"self":[{"href":"http:\/\/folhadosudeste.com\/site\/index.php?rest_route=\/wp\/v2\/posts\/43299","targetHints":{"allow":["GET"]}}],"collection":[{"href":"http:\/\/folhadosudeste.com\/site\/index.php?rest_route=\/wp\/v2\/posts"}],"about":[{"href":"http:\/\/folhadosudeste.com\/site\/index.php?rest_route=\/wp\/v2\/types\/post"}],"author":[{"embeddable":true,"href":"http:\/\/folhadosudeste.com\/site\/index.php?rest_route=\/wp\/v2\/users\/6"}],"replies":[{"embeddable":true,"href":"http:\/\/folhadosudeste.com\/site\/index.php?rest_route=%2Fwp%2Fv2%2Fcomments&post=43299"}],"version-history":[{"count":1,"href":"http:\/\/folhadosudeste.com\/site\/index.php?rest_route=\/wp\/v2\/posts\/43299\/revisions"}],"predecessor-version":[{"id":43301,"href":"http:\/\/folhadosudeste.com\/site\/index.php?rest_route=\/wp\/v2\/posts\/43299\/revisions\/43301"}],"wp:featuredmedia":[{"embeddable":true,"href":"http:\/\/folhadosudeste.com\/site\/index.php?rest_route=\/wp\/v2\/media\/43300"}],"wp:attachment":[{"href":"http:\/\/folhadosudeste.com\/site\/index.php?rest_route=%2Fwp%2Fv2%2Fmedia&parent=43299"}],"wp:term":[{"taxonomy":"category","embeddable":true,"href":"http:\/\/folhadosudeste.com\/site\/index.php?rest_route=%2Fwp%2Fv2%2Fcategories&post=43299"},{"taxonomy":"post_tag","embeddable":true,"href":"http:\/\/folhadosudeste.com\/site\/index.php?rest_route=%2Fwp%2Fv2%2Ftags&post=43299"}],"curies":[{"name":"wp","href":"https:\/\/api.w.org\/{rel}","templated":true}]}}