{"id":43344,"date":"2017-09-01T14:12:37","date_gmt":"2017-09-01T14:12:37","guid":{"rendered":"http:\/\/folhadosudeste.com\/site\/?p=43344"},"modified":"2017-09-01T14:12:37","modified_gmt":"2017-09-01T14:12:37","slug":"unidos-vence-campeonato-de-socios-do-colina","status":"publish","type":"post","link":"http:\/\/folhadosudeste.com\/site\/?p=43344","title":{"rendered":"UNIDOS VENCE CAMPEONATO DE S\u00d3CIOS DO COLINA"},"content":{"rendered":"<p style=\"text-align: justify;\"><a href=\"http:\/\/folhadosudeste.com\/site\/wp-content\/uploads\/2017\/09\/COLINA.jpg\"><img loading=\"lazy\" decoding=\"async\" class=\"aligncenter size-full wp-image-43345\" src=\"http:\/\/folhadosudeste.com\/site\/wp-content\/uploads\/2017\/09\/COLINA.jpg\" alt=\"\" width=\"620\" height=\"223\" srcset=\"http:\/\/folhadosudeste.com\/site\/wp-content\/uploads\/2017\/09\/COLINA.jpg 620w, http:\/\/folhadosudeste.com\/site\/wp-content\/uploads\/2017\/09\/COLINA-300x108.jpg 300w\" sizes=\"auto, (max-width: 620px) 100vw, 620px\" \/><\/a><\/p>\n<p style=\"text-align: justify;\">Foi realizada, na manh\u00e3 do \u00faltimo domingo (27), a final do Campeonato de S\u00f3cios do Colina Country Club. O almo\u00e7o de confraterniza\u00e7\u00e3o aconteceu no Sal\u00e3o de Eventos, ao som da boa m\u00fasica de Bruna Morena e em seguida foi feita a premia\u00e7\u00e3o. O time do Unidos venceu a equipe do Alem\u00e3o Representa\u00e7\u00f5es \/ Cl\u00e1udio Vidros pelo placar de 4 x 2, sagrando-se campe\u00e3o.<\/p>\n<p style=\"text-align: justify;\">Segundo Melqui Alex Santana do Vale, foi uma parceria entre ele, o Paulinho M\u00f3veis, e o Geovane, montando um time para brincar e tudo deu tudo certo. <em>\u201cQuem ficou no banco aceitou, soube esperar e entrar na hora certa. Todos ajudaram, muitos tinham compromisso mas desmarcaram para estarem conosco. Quando a equipe \u00e9 unida, d\u00e1 tudo certo. Ganhamos de 4 a 2 e o time inteiro jogou bem. O campeonato teve 5 rodadas e a gente teve muita vontade de vencer. Agrade\u00e7o a todos do meu time e aos que prestigiaram conosco, nossa participa\u00e7\u00e3o\u201d,<\/em> destaca.<\/p>\n<p style=\"text-align: justify;\">Gibson Chaves Pereira, diretor de esportes do Colina, destaca que foi mais uma final encerrada com sucesso. <em>\u201cNossos campeonatos s\u00e3o feitos com sorteio. Esse ano tiveram 4 times para disputar o campeonato aberto e a final foi o time do Alem\u00e3o contra o time dos Unidos, que venceu de 4&#215;2, num jogo muito disputado e o placar influenciou, mas foi um grande jogo, Agora estamos encerrando atividades e somente ano que vem teremos outra edi\u00e7\u00e3o deste n\u00edvel. Mas teremos v\u00e1rias partidas festivas. O Colina est\u00e1 sempre pensando na fam\u00edlia e provamos isso mais uma vez, com esse evento bonito\u201d,<\/em> declara.<\/p>\n<p style=\"text-align: justify;\">Ant\u00f4nio Gomes, presidente do Colina pelo segundo mandato, mostrou sua satisfa\u00e7\u00e3o de realizar v\u00e1rios eventos e agora eles j\u00e1 se preparam para o pr\u00f3ximo campeonato, em outubro fazer outro. <em>\u201cFaremos um evento muito legal. Essa \u00e9 a 3\u00aa edi\u00e7\u00e3o do campeonato e estamos prestes a fazer o 4\u00b0. Est\u00e3o abertas as inscri\u00e7\u00f5es. Temos a academia do Colina que \u00e9 top, com muitos alunos e estamos superando cada dia mais. Temos o futebol das crian\u00e7as todo s\u00e1bado \u00e0 tarde, enfim, muitos eventos, ainda melhores do que os que tivemos. Estamos programando para fazer um R\u00e9veillon, mas tudo conforme as possibilidades, porque o pa\u00eds n\u00e3o est\u00e1 numa situa\u00e7\u00e3o boa. Trabalhamos com o campeonato de acordo com o n\u00famero de inscri\u00e7\u00f5es, somente para s\u00f3cios. Tivemos algumas altera\u00e7\u00f5es na diretoria e todos participam conosco, um clima de muita amizade\u201d,<\/em> afirma.<\/p>\n<p>&nbsp;<\/p>\n","protected":false},"excerpt":{"rendered":"<p>Foi realizada, na manh\u00e3 do \u00faltimo domingo (27), a final do Campeonato de S\u00f3cios do Colina Country Club. O almo\u00e7o de confraterniza\u00e7\u00e3o aconteceu no Sal\u00e3o de Eventos, ao som da boa m\u00fasica de Bruna Morena e em seguida foi feita a premia\u00e7\u00e3o. O time do Unidos venceu a equipe do Alem\u00e3o Representa\u00e7\u00f5es \/ Cl\u00e1udio Vidros [&hellip;]<\/p>\n","protected":false},"author":2,"featured_media":43345,"comment_status":"open","ping_status":"closed","sticky":false,"template":"","format":"standard","meta":{"_joinchat":[],"footnotes":""},"categories":[1],"tags":[],"class_list":["post-43344","post","type-post","status-publish","format-standard","has-post-thumbnail","hentry","category-sem-categoria"],"_links":{"self":[{"href":"http:\/\/folhadosudeste.com\/site\/index.php?rest_route=\/wp\/v2\/posts\/43344","targetHints":{"allow":["GET"]}}],"collection":[{"href":"http:\/\/folhadosudeste.com\/site\/index.php?rest_route=\/wp\/v2\/posts"}],"about":[{"href":"http:\/\/folhadosudeste.com\/site\/index.php?rest_route=\/wp\/v2\/types\/post"}],"author":[{"embeddable":true,"href":"http:\/\/folhadosudeste.com\/site\/index.php?rest_route=\/wp\/v2\/users\/2"}],"replies":[{"embeddable":true,"href":"http:\/\/folhadosudeste.com\/site\/index.php?rest_route=%2Fwp%2Fv2%2Fcomments&post=43344"}],"version-history":[{"count":1,"href":"http:\/\/folhadosudeste.com\/site\/index.php?rest_route=\/wp\/v2\/posts\/43344\/revisions"}],"predecessor-version":[{"id":43346,"href":"http:\/\/folhadosudeste.com\/site\/index.php?rest_route=\/wp\/v2\/posts\/43344\/revisions\/43346"}],"wp:featuredmedia":[{"embeddable":true,"href":"http:\/\/folhadosudeste.com\/site\/index.php?rest_route=\/wp\/v2\/media\/43345"}],"wp:attachment":[{"href":"http:\/\/folhadosudeste.com\/site\/index.php?rest_route=%2Fwp%2Fv2%2Fmedia&parent=43344"}],"wp:term":[{"taxonomy":"category","embeddable":true,"href":"http:\/\/folhadosudeste.com\/site\/index.php?rest_route=%2Fwp%2Fv2%2Fcategories&post=43344"},{"taxonomy":"post_tag","embeddable":true,"href":"http:\/\/folhadosudeste.com\/site\/index.php?rest_route=%2Fwp%2Fv2%2Ftags&post=43344"}],"curies":[{"name":"wp","href":"https:\/\/api.w.org\/{rel}","templated":true}]}}