{"id":43347,"date":"2017-09-01T14:14:38","date_gmt":"2017-09-01T14:14:38","guid":{"rendered":"http:\/\/folhadosudeste.com\/site\/?p=43347"},"modified":"2017-09-01T14:14:38","modified_gmt":"2017-09-01T14:14:38","slug":"escola-sao-paulo-em-parceria-com-amle-promove-sarau-literario","status":"publish","type":"post","link":"http:\/\/folhadosudeste.com\/site\/?p=43347","title":{"rendered":"ESCOLA S\u00c3O PAULO, EM PARCERIA COM AMLE, PROMOVE SARAU LITER\u00c1RIO"},"content":{"rendered":"<p style=\"text-align: justify;\"><a href=\"http:\/\/folhadosudeste.com\/site\/wp-content\/uploads\/2017\/09\/ESP.jpg\"><img loading=\"lazy\" decoding=\"async\" class=\"aligncenter size-full wp-image-43348\" src=\"http:\/\/folhadosudeste.com\/site\/wp-content\/uploads\/2017\/09\/ESP.jpg\" alt=\"\" width=\"620\" height=\"223\" srcset=\"http:\/\/folhadosudeste.com\/site\/wp-content\/uploads\/2017\/09\/ESP.jpg 620w, http:\/\/folhadosudeste.com\/site\/wp-content\/uploads\/2017\/09\/ESP-300x108.jpg 300w\" sizes=\"auto, (max-width: 620px) 100vw, 620px\" \/><\/a><\/p>\n<p style=\"text-align: justify;\">Na tarde de s\u00e1bado 26 d agosto, a Escola S\u00e3o Paulo (ESP), em parceria com a Academia Muriaeense de Letras (AMLE), realizou um Sarau Liter\u00e1rio nos jardins de entrada da Institui\u00e7\u00e3o de Ensino. Na ocasi\u00e3o, os alunos de v\u00e1rias turmas da Escola apresentaram seus trabalhos, valorizando a cultura e a literatura nacional. Al\u00e9m disso, cada sala da ESP recebeu o nome de um escritor brasileiro, uma forma de homenage\u00e1-los pela grande contribui\u00e7\u00e3o liter\u00e1ria que eles nos proporcionaram \u2013 inclusive a Biblioteca recebeu o nome do saudoso miradourense Jos\u00e9 Alcino Bicalho. Segundo o diretor Jos\u00e9 Nicodemos Couto, essa foi mais uma oportunidade da Escola refor\u00e7ar com seus alunos a import\u00e2ncia da cultura e estimular as \u00e1reas intelectuais humanas. <em>\u201c\u00c9 uma grande satisfa\u00e7\u00e3o proporcionar um momento como esse, imortalizando grandes nomes de nossa hist\u00f3ria, que deram contribui\u00e7\u00f5es que jamais poder\u00e3o ser esquecidas. A Escola S\u00e3o Paulo mais uma vez mostra seu empenho na educa\u00e7\u00e3o e valoriza\u00e7\u00e3o dos diversos ramos do conhecimento humano. Al\u00e9m disso, podemos despertar nos estudantes a paix\u00e3o pela Literatura e muitos podem at\u00e9 mesmo descobrir que se identificam com essa \u00e1rea\u201d,<\/em> explica. Prosseguindo, a Supervisora Pedag\u00f3gica, M\u00e1rcia Murta, com palavras acolhedoras cumprimentou a todos e fez agradecimentos aos professores e alunos que tanto se empenharam para o \u00eaxito desse Evento Liter\u00e1rio em exalta\u00e7\u00e3o \u00e0 L\u00edngua Portuguesa. Os professores Camila, Mar\u00edlia e Rafael apresentaram seus trabalhos liter\u00e1rios atrav\u00e9s de interpreta\u00e7\u00f5es, cenas, artes c\u00eanicas e visuais, sobre a vida e obra de autores e escritores da nossa Literatura.<\/p>\n<p style=\"text-align: justify;\">Camila Prado, professora de L\u00edngua Portuguesa, Literatura e Reda\u00e7\u00e3o explica que a Escola j\u00e1 promove h\u00e1 alguns anos a Manh\u00e3 Liter\u00e1ria e a ideia do Sarau surgiu a partir da pr\u00f3pria parceria da ESP com a AMLE. Segundo ela, a organiza\u00e7\u00e3o dos trabalhos foi em cima de muita pesquisa sobre a vida e obra dos autores, e, atrav\u00e9s de aulas din\u00e2micas e colaborativas, foram surgindo ideias para as apresenta\u00e7\u00f5es, tudo de forma natural e pr\u00e1tica, pois o trabalho em conjunto \u00e9 fundamental no processo de forma\u00e7\u00e3o, e no caso do Sarau, a organiza\u00e7\u00e3o em equipe foi priorizada o tempo todo. Participaram nove turmas, do 7\u00ba ano do Ensino Fundamental ao 3\u00ba ano do Ensino M\u00e9dio. <em>\u201cA dire\u00e7\u00e3o disponibilizou uma lista de renomados autores a serem homenageados e, de acordo com os n\u00edveis e coer\u00eancia com o conte\u00fado trabalhado, os professores selecionaram alguns para que os pr\u00f3prios alunos, ao interpretarem seus textos, escolhessem o autor a ser homenageado pela turma. A expectativa \u00e9 sempre que o trabalho seja proveitoso no lado pedag\u00f3gico, para que os alunos realmente se envolvam e curtam o momento de aprendizagem. O trabalho de media\u00e7\u00e3o dos professores, no caso espec\u00edfico do Sarau, teve a preocupa\u00e7\u00e3o de ter, por tr\u00e1s de uma linda apresenta\u00e7\u00e3o, tamb\u00e9m uma absor\u00e7\u00e3o verdadeira dos conte\u00fados dentro de sala de aula. Apesar do aprendizado cognitivo ser muito evidenciado atualmente, oportunidades como essa permitem a expans\u00e3o de \u00e1reas t\u00e3o importantes quanto. O lado l\u00fadico, as pesquisas culturais, a leitura, as m\u00fasicas, as decis\u00f5es tomadas pelo grupo&#8230; tudo isso possibilita n\u00e3o s\u00f3 aulas&nbsp; divertidas e momentos agrad\u00e1veis. Muito al\u00e9m disso, conseguimos desenvolver o lado criativo e humano de nossos alunos\u201d, <\/em>explica.<\/p>\n<p style=\"text-align: justify;\">Ela lembra que o professor Cristian, que trabalha na Escola, \u00e9 o presidente da Academia e prop\u00f4s \u00e0 dire\u00e7\u00e3o essa parceria. <em>\u201cFica o meu agradecimento aos meus colegas Rafael e Mar\u00edlia. Sem uma equipe t\u00e3o amiga e leal seria imposs\u00edvel realizar um trabalho t\u00e3o bonito. Por tr\u00e1s de um trabalho bem feito, h\u00e1 sempre rela\u00e7\u00f5es de amizade e respeito. Amamos muito o que fazemos, assim como amamos muito nossos alunos\u201d,<\/em> acrescenta.<\/p>\n<p style=\"text-align: justify;\">A professora de L\u00edngua Portuguesa e Reda\u00e7\u00e3o, Mar\u00edlia Aparecida Gomes Vital Oliveira, est\u00e1 h\u00e1 12 anos na ESP, avalia que o evento foi muito positivo, com grande envolvimento, participa\u00e7\u00e3o e dedica\u00e7\u00e3o com o trabalho e com os autores, percebendo o poder da palavra e o quanto ela deve ser pensada antes de ser dita. <em>\u201cOs poetas nos fazem pensar e refletir sobre isso. Eles t\u00eam o poder muito grande de fazer o uso da palavra. As apresenta\u00e7\u00f5es tiveram uma participa\u00e7\u00e3o e envolvimento de todos, trabalhando junto conosco, caso contr\u00e1rio n\u00e3o teria sa\u00eddo t\u00e3o bom quanto foi. Eles tiveram a responsabilidade e compromisso com o trabalho. Fizeram uma pesquisa dos autores, discutindo os poemas em sala de aula e percebendo o quanto a Literatura \u00e9 importante na vida e o quanto ela nos torna pessoas mais criticas, mais humanas. Passamos a pensar e refletir sobre nossos atos\u201d,<\/em> avalia.<\/p>\n<p style=\"text-align: justify;\">Rafael Fernandes de Melo, professor em Filosofia, L\u00edngua Portuguesa e Reda\u00e7\u00e3o, do 9\u00b0 ao 3\u00b0 ano do Ensino M\u00e9dio, afirma que a Literatura \u00e9 transformadora e tem engajamento social. Para ele, os alunos e colaboradores da ESP, com toda simplicidade, puderam alcan\u00e7ar o resultado esperado e o p\u00fablico presente p\u00f4de experimentar uma transforma\u00e7\u00e3o interior. <em>\u201cTodos estavam ali como viajantes e todo viajante, quando se compromete a percorrer os caminhos, nunca volta da mesma forma. Porque todo aquele que regressa, n\u00e3o volta para o mesmo lugar, j\u00e1 que, na sua trajet\u00f3ria, algo foi modificado. Com este evento, todos passamos por essa transforma\u00e7\u00e3o. Quero agradecer todas as pessoas que nos prestigiaram, principalmente os alunos que se empenharam. Percebi motiva\u00e7\u00e3o, alegria, entusiasmo e tudo isso me alegra como educador, vendo adolescentes engajados numa obra, com tanto entusiasmo. Quando h\u00e1 intera\u00e7\u00e3o entre fam\u00edlia, escola e sociedade o resultado \u00e9 o que tivemos: sucesso\u201d, <\/em>completa.<\/p>\n<p style=\"text-align: justify;\">Cristian Gomes Lima presidente da AMLE, mostrou sua satisfa\u00e7\u00e3o da parceria com a Escola S\u00e3o Paulo, para mais um Sarau liter\u00e1rio. Segundo ele, a Academia est\u00e1 com uma agenda cultural repleta de eventos e mini-cursos, incluindo mesas redondas e a temporada de m\u00fasica com consertos na sede, localizada na Vila Eud\u00f3xia Can\u00eado. Para os saraus, a academia conta com a parceria das escolas. S\u00e3o eventos com dura\u00e7\u00e3o aproximada de uma hora e meia: 1h para os alunos falarem da Literatura e, ao final, os poetas da cidade declamando. At\u00e9 agora as parcerias foram com: E. E. Dr. Olavo Tostes (em maio), Escola S\u00e3o Paulo (agosto) e E. E. Eng. Orlando Flores (acontecer\u00e1 em outubro).<\/p>\n<p style=\"text-align: justify;\">De acordo com Cristian, a ESP tem uma vertente de apoio desde que a AMLE surgiu, sem fins lucrativos, contando hoje com 30 cadeiras completas \u2013 na \u00faltima semana foi eleito o novo acad\u00eamico, que ocupa a cadeira do falecido Jos\u00e9 Alcino Bicalho e tem como patrono Machado de Assis. <em>\u201cA poesia \u00e9 uma linguagem que tem renascido. As m\u00fasicas t\u00eam chegado muito sem poesia, com palavras muito pobres. Tem a arte de organizar as palavras, como \u00e9 o conceito da literatura e aqui em Muria\u00e9 tem crescido um movimento de Literatura. No dia 15 de setembro teremos um conserto sobre Villa Lobos, com o Conservat\u00f3rio de M\u00fasica de Leopoldina. No dia 16, teremos um mini-curso e no dia 21 a Solenidade M\u00e1xima da Academia este ano: instalaremos a Academia de Letras Jovem, com 10 novos acad\u00eamicos do Ensino M\u00e9dio que far\u00e3o parte. No dia 21 de setembro, no Teatro Zaccaria Marques, tem o Concurso Liter\u00e1rio, que a cada 2 anos a academia faz para os jovens daquela faixa et\u00e1ria. Tamb\u00e9m ser\u00e1 a posse de acad\u00eamicos esse dia, ent\u00e3o ser\u00e3o tr\u00eas eventos em uma solenidade s\u00f3. Em outubro teremos Conserto Experimental com trombone e, em novembro, no Teatro Belmira Vilas Boas, teremos Bruna Moreno Canta Bituca. J\u00e1 em dezembro, a academia entregar\u00e1 a Medalha Paulo Fraga. Sem d\u00favidas \u00e9 uma institui\u00e7\u00e3o cultural de Muria\u00e9\u201d,<\/em> afirma.<\/p>\n","protected":false},"excerpt":{"rendered":"<p>Na tarde de s\u00e1bado 26 d agosto, a Escola S\u00e3o Paulo (ESP), em parceria com a Academia Muriaeense de Letras (AMLE), realizou um Sarau Liter\u00e1rio nos jardins de entrada da Institui\u00e7\u00e3o de Ensino. Na ocasi\u00e3o, os alunos de v\u00e1rias turmas da Escola apresentaram seus trabalhos, valorizando a cultura e a literatura nacional. Al\u00e9m disso, cada [&hellip;]<\/p>\n","protected":false},"author":2,"featured_media":43348,"comment_status":"open","ping_status":"closed","sticky":false,"template":"","format":"standard","meta":{"_joinchat":[],"footnotes":""},"categories":[1],"tags":[],"class_list":["post-43347","post","type-post","status-publish","format-standard","has-post-thumbnail","hentry","category-sem-categoria"],"_links":{"self":[{"href":"http:\/\/folhadosudeste.com\/site\/index.php?rest_route=\/wp\/v2\/posts\/43347","targetHints":{"allow":["GET"]}}],"collection":[{"href":"http:\/\/folhadosudeste.com\/site\/index.php?rest_route=\/wp\/v2\/posts"}],"about":[{"href":"http:\/\/folhadosudeste.com\/site\/index.php?rest_route=\/wp\/v2\/types\/post"}],"author":[{"embeddable":true,"href":"http:\/\/folhadosudeste.com\/site\/index.php?rest_route=\/wp\/v2\/users\/2"}],"replies":[{"embeddable":true,"href":"http:\/\/folhadosudeste.com\/site\/index.php?rest_route=%2Fwp%2Fv2%2Fcomments&post=43347"}],"version-history":[{"count":1,"href":"http:\/\/folhadosudeste.com\/site\/index.php?rest_route=\/wp\/v2\/posts\/43347\/revisions"}],"predecessor-version":[{"id":43349,"href":"http:\/\/folhadosudeste.com\/site\/index.php?rest_route=\/wp\/v2\/posts\/43347\/revisions\/43349"}],"wp:featuredmedia":[{"embeddable":true,"href":"http:\/\/folhadosudeste.com\/site\/index.php?rest_route=\/wp\/v2\/media\/43348"}],"wp:attachment":[{"href":"http:\/\/folhadosudeste.com\/site\/index.php?rest_route=%2Fwp%2Fv2%2Fmedia&parent=43347"}],"wp:term":[{"taxonomy":"category","embeddable":true,"href":"http:\/\/folhadosudeste.com\/site\/index.php?rest_route=%2Fwp%2Fv2%2Fcategories&post=43347"},{"taxonomy":"post_tag","embeddable":true,"href":"http:\/\/folhadosudeste.com\/site\/index.php?rest_route=%2Fwp%2Fv2%2Ftags&post=43347"}],"curies":[{"name":"wp","href":"https:\/\/api.w.org\/{rel}","templated":true}]}}