{"id":43350,"date":"2017-09-01T14:15:47","date_gmt":"2017-09-01T14:15:47","guid":{"rendered":"http:\/\/folhadosudeste.com\/site\/?p=43350"},"modified":"2017-09-01T14:15:47","modified_gmt":"2017-09-01T14:15:47","slug":"sindicato-rural-de-muriae-promove-mesa-redonda-para-discutir-melhorias-em-prol-dos-produtores-rurais-da-regiao","status":"publish","type":"post","link":"http:\/\/folhadosudeste.com\/site\/?p=43350","title":{"rendered":"SINDICATO RURAL DE MURIA\u00c9 PROMOVE MESA REDONDA PARA DISCUTIR MELHORIAS EM PROL DOS PRODUTORES RURAIS DA REGI\u00c3O"},"content":{"rendered":"<p style=\"text-align: justify;\"><a href=\"http:\/\/folhadosudeste.com\/site\/wp-content\/uploads\/2017\/09\/SINDICATO-RURAL.jpg\"><img loading=\"lazy\" decoding=\"async\" class=\"aligncenter size-full wp-image-43351\" src=\"http:\/\/folhadosudeste.com\/site\/wp-content\/uploads\/2017\/09\/SINDICATO-RURAL.jpg\" alt=\"\" width=\"620\" height=\"286\" srcset=\"http:\/\/folhadosudeste.com\/site\/wp-content\/uploads\/2017\/09\/SINDICATO-RURAL.jpg 620w, http:\/\/folhadosudeste.com\/site\/wp-content\/uploads\/2017\/09\/SINDICATO-RURAL-300x138.jpg 300w, http:\/\/folhadosudeste.com\/site\/wp-content\/uploads\/2017\/09\/SINDICATO-RURAL-272x125.jpg 272w\" sizes=\"auto, (max-width: 620px) 100vw, 620px\" \/><\/a><\/p>\n<p style=\"text-align: justify;\">Uma proveitosa Mesa Redonda foi realizada na noite de quarta feira 30 de agosto, no sal\u00e3o de eventos do Sindicato Rural de Muria\u00e9, quando representantes de diversas entidades ligadas ao agroneg\u00f3cio de toda regi\u00e3o, lideran\u00e7as do setor e produtores rurais se reuniram para criar um manifesto, o qual foi encaminhado no dia 31\/08 para a Federa\u00e7\u00e3o da Agricultura e Pecu\u00e1ria do Estado de Minas Gerais (FAEMG) e a representatividade federal em Bras\u00edlia. Trata-se de um documento que cobra solu\u00e7\u00f5es para as p\u00e9ssimas condi\u00e7\u00f5es no setor econ\u00f4mico vivenciadas pelos produtores, necessitando de medidas urgentes para n\u00e3o desfalcar ainda mais a \u00e1rea. O evento foi uma realiza\u00e7\u00e3o da FAEMG junto ao Sindicato Rural de Muria\u00e9.<\/p>\n<p style=\"text-align: justify;\">Segundo Eduardo de Carvalho Pena, presidente da Comiss\u00e3o T\u00e9cnica de Pecu\u00e1ria de Leite da Federa\u00e7\u00e3o de Agricultura do Estado de Minas Gerais,(FAEMG) presidente do Sindicato dos Produtores Rurais de Lavras MG e vice-presidente da Federa\u00e7\u00e3o de Agricultura, sentiu-se honrado de participar deste evento t\u00e3o importante e necess\u00e1rio. <em>\u201cVivemos uma \u00e9poca da pecu\u00e1ria de leite que, no momento, n\u00e3o \u00e9 favor\u00e1vel, uma fase de pre\u00e7os estreitos. O evento teve o objetivo de buscar alguma solu\u00e7\u00e3o, encaminhando-a para as autoridades se sensibilizarem quanto a problemas como a importa\u00e7\u00e3o de leite. Temos que fazer valer nossa voz, porque estamos em muitas dificuldades. Tivemos diversas autoridades presentes, para dar legitimidade ao movimento e a iniciativa est\u00e1 de parab\u00e9ns, pois \u00e9 bom para toda regi\u00e3o. Gostaria de agradecer o convite e receptividade de todos\u201d,<\/em> destaca.<\/p>\n<p style=\"text-align: justify;\">De acordo com Henrique Aquino, presidente do Sindicato Rural de Muria\u00e9, no total estiveram presentes cerca de 300 pessoas, tornando a participa\u00e7\u00e3o bem representativa. <em>\u201cTrata-se de um manifesto que estamos encaminhando para os \u00f3rg\u00e3os competentes, referente ao momento cr\u00edtico e crucial vivenciado em nossa \u00e1rea, pois o produtor de leite est\u00e1 sofrendo muito com as dificuldades. Talvez a popula\u00e7\u00e3o n\u00e3o entenda, mas eles trabalham e se sacrificam muito, recebendo um valor abaixo do custo de produ\u00e7\u00e3o, embora todos os encargos tenham subido, inclusive os impostos. Algo tem que ser feito, pois n\u00e3o temos perspectiva. \u00c9 uma cobran\u00e7a que j\u00e1 est\u00e1 acontecendo em todo Brasil, porque o produtor acordou, ciente de que o agroneg\u00f3cio \u00e9 o principal ramo do pa\u00eds. Esperamos ser atendidos, principalmente com medidas referentes \u00e0 importa\u00e7\u00e3o e o estabelecimento de regras para n\u00e3o prejudicar o pre\u00e7o interno, despencando o valor como tem sido feito. Com essa for\u00e7a, esperamos uma resposta r\u00e1pida\u201d,<\/em> acrescenta.<\/p>\n<p style=\"text-align: justify;\">Para Geraldo Borges, presidente da Abraleite, entidade recentemente criada, em 12 de julho, com mais de 500 s\u00f3cios fundadores e muitas novas ades\u00f5es a cada dia, com o objetivo de movimentar o pa\u00eds e unir a categoria fazendo parcerias para defender interesses comuns, o produtor atualmente n\u00e3o tem condi\u00e7\u00f5es de se manter e isso gera graves problemas econ\u00f4micos no pa\u00eds, em fun\u00e7\u00e3o do d\u00e9ficit do setor, ainda mais com muitos deles abandonando a atividade mediante essas dificuldades. <em>\u201cN\u00e3o conseguindo emprego na cidade, ainda gera um caos social. Temos a necessidade de unir esfor\u00e7os, desde os representantes da agricultura familiar e pequenos produtores, que s\u00e3o os maiores prejudicados, at\u00e9 o grande produtor. \u00c9 fundamental manter o trabalhador no campo e evitar o \u00eaxodo rural, ainda mais se tratando do leite, produto essencial para a alimenta\u00e7\u00e3o e sa\u00fade humana. No Brasil temos recursos naturais, alimenta\u00e7\u00e3o de qualidade para os bovinos, enfim, temos que ser os maiores produtores e n\u00e3o ter que importar, ainda mais de forma errada como tem sido feito, destruindo a cadeia produtiva. A classe tem que estar forte e unida para conquistar seus objetivos. E as entidades t\u00eam que ser atuantes e conseguir vantagens para as atividades de seu setor. Estamos cobrando melhores condi\u00e7\u00f5es\u201d,<\/em> finaliza.<\/p>\n","protected":false},"excerpt":{"rendered":"<p>Uma proveitosa Mesa Redonda foi realizada na noite de quarta feira 30 de agosto, no sal\u00e3o de eventos do Sindicato Rural de Muria\u00e9, quando representantes de diversas entidades ligadas ao agroneg\u00f3cio de toda regi\u00e3o, lideran\u00e7as do setor e produtores rurais se reuniram para criar um manifesto, o qual foi encaminhado no dia 31\/08 para a [&hellip;]<\/p>\n","protected":false},"author":2,"featured_media":43351,"comment_status":"open","ping_status":"closed","sticky":false,"template":"","format":"standard","meta":{"_joinchat":[],"footnotes":""},"categories":[1],"tags":[],"class_list":["post-43350","post","type-post","status-publish","format-standard","has-post-thumbnail","hentry","category-sem-categoria"],"_links":{"self":[{"href":"http:\/\/folhadosudeste.com\/site\/index.php?rest_route=\/wp\/v2\/posts\/43350","targetHints":{"allow":["GET"]}}],"collection":[{"href":"http:\/\/folhadosudeste.com\/site\/index.php?rest_route=\/wp\/v2\/posts"}],"about":[{"href":"http:\/\/folhadosudeste.com\/site\/index.php?rest_route=\/wp\/v2\/types\/post"}],"author":[{"embeddable":true,"href":"http:\/\/folhadosudeste.com\/site\/index.php?rest_route=\/wp\/v2\/users\/2"}],"replies":[{"embeddable":true,"href":"http:\/\/folhadosudeste.com\/site\/index.php?rest_route=%2Fwp%2Fv2%2Fcomments&post=43350"}],"version-history":[{"count":1,"href":"http:\/\/folhadosudeste.com\/site\/index.php?rest_route=\/wp\/v2\/posts\/43350\/revisions"}],"predecessor-version":[{"id":43352,"href":"http:\/\/folhadosudeste.com\/site\/index.php?rest_route=\/wp\/v2\/posts\/43350\/revisions\/43352"}],"wp:featuredmedia":[{"embeddable":true,"href":"http:\/\/folhadosudeste.com\/site\/index.php?rest_route=\/wp\/v2\/media\/43351"}],"wp:attachment":[{"href":"http:\/\/folhadosudeste.com\/site\/index.php?rest_route=%2Fwp%2Fv2%2Fmedia&parent=43350"}],"wp:term":[{"taxonomy":"category","embeddable":true,"href":"http:\/\/folhadosudeste.com\/site\/index.php?rest_route=%2Fwp%2Fv2%2Fcategories&post=43350"},{"taxonomy":"post_tag","embeddable":true,"href":"http:\/\/folhadosudeste.com\/site\/index.php?rest_route=%2Fwp%2Fv2%2Ftags&post=43350"}],"curies":[{"name":"wp","href":"https:\/\/api.w.org\/{rel}","templated":true}]}}