{"id":43353,"date":"2017-09-01T14:16:57","date_gmt":"2017-09-01T14:16:57","guid":{"rendered":"http:\/\/folhadosudeste.com\/site\/?p=43353"},"modified":"2017-09-01T14:16:57","modified_gmt":"2017-09-01T14:16:57","slug":"alunos-da-e-m-gilberto-jose-tanus-braz-comemoram-excelentes-resultados-no-jemg","status":"publish","type":"post","link":"http:\/\/folhadosudeste.com\/site\/?p=43353","title":{"rendered":"ALUNOS DA E. M. GILBERTO JOS\u00c9 TANUS BRAZ COMEMORAM EXCELENTES RESULTADOS NO JEMG"},"content":{"rendered":"<p style=\"text-align: justify;\"><a href=\"http:\/\/folhadosudeste.com\/site\/wp-content\/uploads\/2017\/09\/JO\u00c3O-XXIII.jpg\"><img loading=\"lazy\" decoding=\"async\" class=\"aligncenter size-full wp-image-43354\" src=\"http:\/\/folhadosudeste.com\/site\/wp-content\/uploads\/2017\/09\/JO\u00c3O-XXIII.jpg\" alt=\"\" width=\"620\" height=\"263\" srcset=\"http:\/\/folhadosudeste.com\/site\/wp-content\/uploads\/2017\/09\/JO\u00c3O-XXIII.jpg 620w, http:\/\/folhadosudeste.com\/site\/wp-content\/uploads\/2017\/09\/JO\u00c3O-XXIII-300x127.jpg 300w\" sizes=\"auto, (max-width: 620px) 100vw, 620px\" \/><\/a><\/p>\n<p style=\"text-align: justify;\">Os alunos da E.M. Gilberto Braz, junto aos colaboradores da institui\u00e7\u00e3o de ensino, se reuniram no s\u00e1bado (26\/08), na Fazenda da Pedra, pr\u00f3ximo a Itamuri para comemorar e confraternizar, ap\u00f3s os excelentes resultados conquistados no esporte este ano. Os alunos curtiram um dia de muito lazer, divers\u00e3o e alegria.<\/p>\n<p style=\"text-align: justify;\">Sebasti\u00e3o Fernando, auxiliar de servi\u00e7o escolar, foi o respons\u00e1vel de acompanhar os 13 alunos em Al\u00e9m Para\u00edba.<\/p>\n<p style=\"text-align: justify;\">Com faixa et\u00e1ria de at\u00e9 14 anos, pertencentes ao Futsal N\u00edvel I do JEMG \u2013 Jogos Escolares de Minas Gerais. Foram os \u00fanicos representantes de Muria\u00e9 na modalidade, conquistando a medalha de prata. Os alunos viajaram entre os dias 11 a 15 do m\u00eas de julho. Eles ganharam a etapa das escolas de Muria\u00e9, o Intermunicipal e participaram da etapa regional em Al\u00e9m Para\u00edba. \u201c<em>O m\u00e9rito al\u00e9m dos meninos&nbsp; tamb\u00e9m foram dos pais e da escola que n\u00e3o mediram esfor\u00e7os&nbsp; para conseguirem estas conquistas. Os garotos tem muita garra e uma amizade dentro e fora da quadra. S\u00e3o pequenos que viram verdadeiros gigantes\u201d, <\/em>explica Fernando.<\/p>\n<p style=\"text-align: justify;\">De acordo com Fernando, as comemora\u00e7\u00f5es s\u00e3o mais do que merecidas, pois os alunos ganharam tr\u00eas etapas seguidas. Perdendo apenas no \u00faltimo jogo depois de uma s\u00e9rie de aproximadamente 12 jogos <em>invictos. \u201cFicamos muito orgulhosos deles. Conseguiram tr\u00eas medalhas, motivo de muita alegria para todos n\u00f3s\u201d,<\/em> acrescenta.<\/p>\n<p style=\"text-align: justify;\">Lu\u00eds felipe \u00c1vila Oliveira, aluno da Escola h\u00e1 tr\u00eas anos, foi o capit\u00e3o do time nas tr\u00eas etapas (JEM, JEMG Micro-regional e Regional). \u201c<em>Foi uma experi\u00eancia muito gratificante que tivemos. Perdemos na final, levamos a medalha de prata. Mas representamos a nossa cidade com orgulho\u201d, <\/em>completa.<\/p>\n<p style=\"text-align: justify;\">Vanderl\u00e9a Souza, diretora da Escola, aproveitou o momento para homenagear as pedagogas pelo seu dia. \u201c<em>Devemos todos os dias agradecer pelo nosso trabalho, pela nossa conviv\u00eancia. Principalmente numa \u00e9poca onde o individualismo est\u00e1 reinando em muitos lugares. A escola deve desenvolver a coletividade, a solidariedade e valorizar as intelig\u00eancias m\u00faltiplas. A escola toda ficou muito feliz, orgulhosa pelas conquista e a cada etapa&nbsp; vencida acontecia uma comemora\u00e7\u00e3o. Fico muito feliz de poder fazer parte da hist\u00f3ria destes garotos e desta escola\u201d, <\/em>finaliza<em>.<\/em><\/p>\n","protected":false},"excerpt":{"rendered":"<p>Os alunos da E.M. Gilberto Braz, junto aos colaboradores da institui\u00e7\u00e3o de ensino, se reuniram no s\u00e1bado (26\/08), na Fazenda da Pedra, pr\u00f3ximo a Itamuri para comemorar e confraternizar, ap\u00f3s os excelentes resultados conquistados no esporte este ano. Os alunos curtiram um dia de muito lazer, divers\u00e3o e alegria. Sebasti\u00e3o Fernando, auxiliar de servi\u00e7o escolar, [&hellip;]<\/p>\n","protected":false},"author":2,"featured_media":43354,"comment_status":"open","ping_status":"closed","sticky":false,"template":"","format":"standard","meta":{"_joinchat":[],"footnotes":""},"categories":[1],"tags":[],"class_list":["post-43353","post","type-post","status-publish","format-standard","has-post-thumbnail","hentry","category-sem-categoria"],"_links":{"self":[{"href":"http:\/\/folhadosudeste.com\/site\/index.php?rest_route=\/wp\/v2\/posts\/43353","targetHints":{"allow":["GET"]}}],"collection":[{"href":"http:\/\/folhadosudeste.com\/site\/index.php?rest_route=\/wp\/v2\/posts"}],"about":[{"href":"http:\/\/folhadosudeste.com\/site\/index.php?rest_route=\/wp\/v2\/types\/post"}],"author":[{"embeddable":true,"href":"http:\/\/folhadosudeste.com\/site\/index.php?rest_route=\/wp\/v2\/users\/2"}],"replies":[{"embeddable":true,"href":"http:\/\/folhadosudeste.com\/site\/index.php?rest_route=%2Fwp%2Fv2%2Fcomments&post=43353"}],"version-history":[{"count":1,"href":"http:\/\/folhadosudeste.com\/site\/index.php?rest_route=\/wp\/v2\/posts\/43353\/revisions"}],"predecessor-version":[{"id":43355,"href":"http:\/\/folhadosudeste.com\/site\/index.php?rest_route=\/wp\/v2\/posts\/43353\/revisions\/43355"}],"wp:featuredmedia":[{"embeddable":true,"href":"http:\/\/folhadosudeste.com\/site\/index.php?rest_route=\/wp\/v2\/media\/43354"}],"wp:attachment":[{"href":"http:\/\/folhadosudeste.com\/site\/index.php?rest_route=%2Fwp%2Fv2%2Fmedia&parent=43353"}],"wp:term":[{"taxonomy":"category","embeddable":true,"href":"http:\/\/folhadosudeste.com\/site\/index.php?rest_route=%2Fwp%2Fv2%2Fcategories&post=43353"},{"taxonomy":"post_tag","embeddable":true,"href":"http:\/\/folhadosudeste.com\/site\/index.php?rest_route=%2Fwp%2Fv2%2Ftags&post=43353"}],"curies":[{"name":"wp","href":"https:\/\/api.w.org\/{rel}","templated":true}]}}